{"id":894434,"date":"2022-12-05T14:26:38","date_gmt":"2022-12-05T12:26:38","guid":{"rendered":"https:\/\/pellervo.fi\/?p=894434"},"modified":"2022-12-07T07:57:47","modified_gmt":"2022-12-07T05:57:47","slug":"cooperatives-europe-on-tyytyvainen-komission-julkaisemaan-siirtymapolkuun-lahi-ja-yhteisotalouden-ekosysteemille","status":"publish","type":"post","link":"https:\/\/pellervo.fi\/sv\/uutiset\/2022\/12\/05\/cooperatives-europe-on-tyytyvainen-komission-julkaisemaan-siirtymapolkuun-lahi-ja-yhteisotalouden-ekosysteemille\/","title":{"rendered":"Cooperatives Europe tyytyv\u00e4inen komission julkaisemaan Siirtym\u00e4polkuun \u201dl\u00e4hi- ja yhteis\u00f6talouden&#8221; ekosysteemille"},"content":{"rendered":"\n\n\n<p><strong>Euroopan komissio haluaa, ett\u00e4 EU:n yhteis\u00f6taloudesta ja paikallisista yrityksist\u00e4 tehd\u00e4\u00e4n entist\u00e4 kest\u00e4v\u00e4mpi\u00e4, vihre\u00e4mpi\u00e4 ja digitaalisempia. Marraskuussa 2022 sis\u00e4markkinoista vastaava komissaari Thierry Breton julkisti kauan odotetun Siirtym\u00e4polku (<a href=\"https:\/\/coopseurope.coop\/wp-content\/uploads\/2022\/11\/Transition-Pathway-Proximity-and-Social-Economy.pdf\">Transition Pathway<\/a>) -asiakirjan ja muistutti sen t\u00e4yt\u00e4nt\u00f6\u00f6npanon t\u00e4rkeydest\u00e4 yhdess\u00e4 sidosryhmien kanssa ja kaikilla tasoilla, j\u00e4senvaltioista k\u00e4yt\u00e4nn\u00f6n toimijoihin ja yhteis\u00f6talouden organisaatioihin.<\/strong><\/p>\n<p>Siirtym\u00e4polun tavoitteena on antaa ekosysteemin toimijoille mahdollisuus toteuttaa kaksoissiirtym\u00e4\u00e4 (vihre\u00e4 ja digitaalinen) ja samalla edist\u00e4\u00e4 kest\u00e4v\u00e4mp\u00e4\u00e4 ja oikeudenmukaisempaa taloutta EU:ssa. Asiakirja t\u00e4ydent\u00e4\u00e4 vuonna 2021 julkaistuja yhteis\u00f6talouden toimintasuunnitelmaa ja uudistettua eurooppalaista teollisuuspolitiikkaa.<\/p>\n<p><strong>Cooperatives Europe on aktiivinen yhteis\u00f6talouskeskustelija<\/strong><\/p>\n<p>Euroopan osuustoimintaj\u00e4rjest\u00f6 Cooperatives Europe suhtautuu my\u00f6nteisesti Siirtym\u00e4polkuun. Se on tyytyv\u00e4inen komission perusteelliseen kuulemisprosessiin, johon p\u00e4\u00e4si my\u00f6s osallistumaan. Prosessin aikana Cooperatives Europe korosti teemoja, joita se pit\u00e4\u00e4 ratkaisevina, ja on iloinen n\u00e4hdess\u00e4\u00e4n, ett\u00e4 tiettyjen toiminta-alojen osalta ne ovat mukana lopullisessa asiakirjassa.<\/p>\n<p>Cooperatives Europe tukee esimerkiksi \u201dhiekkalaatikoiden\u201d k\u00e4ytt\u00f6\u00e4 vihreiden tai digitaalisten innovaatioiden, Tech for Goodin ja pilottien kokeilussa. Cooperatives Europe vaati my\u00f6s verotuksellisia kannustimia edist\u00e4m\u00e4\u00e4n innovaatioiden k\u00e4ytt\u00f6\u00f6nottoa ja hyvien k\u00e4yt\u00e4nt\u00f6jen levitt\u00e4mist\u00e4. J\u00e4rjest\u00f6 piti erinomaisena, ett\u00e4 <em>Euroopan digitaalisten innovaatiokeskusten (European Digital Innovation Hubs &#8211; EDIH<\/em>) verkostoa ja sen ty\u00f6kaluja aiotaan hy\u00f6dynt\u00e4\u00e4 tehokkaammin erityisesti digitaalisen yhteis\u00f6talouden edist\u00e4miseksi ja yhteisty\u00f6n tehostamiseksi.<\/p>\n<p>Sidosryhm\u00e4t ovat sitoutuneet Siirtym\u00e4polun toimeenpanoon. Cooperatives Europe lupaa ty\u00f6skennell\u00e4 erityisesti osaamisen ep\u00e4suhtaisuuden (skills mismatch) ratkaisemiseksi niin vihre\u00e4ss\u00e4 kuin digitaalisessakin siirtym\u00e4ss\u00e4.<\/p>\n<p>J\u00e4rjest\u00f6 haluaa vahvistaa seuraavan sukupolven yhteis\u00f6talousyritt\u00e4ji\u00e4, jotka tarvitsevat koulutusta sosiaalisesti ja ymp\u00e4rist\u00f6n kannalta kest\u00e4vist\u00e4 liiketoimintamalleista. Yritt\u00e4jille on annettava tarvittavat taidot, jotta ne voivat menestyksekk\u00e4\u00e4sti viherrytt\u00e4\u00e4 tai digitalisoida toimintaansa sek\u00e4 kehitty\u00e4 ja kasvaa.<\/p>\n<p>Cooperatives Europen puheenjohtaja <strong>Susanne Westhausen<\/strong>: <em>\u201dSiirtym\u00e4polku oli t\u00e4rke\u00e4 osa yhteis\u00f6talouden toimintasuunnitelman k\u00e4yt\u00e4nn\u00f6n toimeenpanoa, ja olemme iloisia n\u00e4hdess\u00e4mme kuukausien yhteisluomisen tulokset. Cooperatives Europe tulee ty\u00f6skentelem\u00e4\u00e4n yhteisty\u00f6ss\u00e4 muiden sidosryhmien kanssa ty\u00f6kalun hy\u00f6dynt\u00e4miseksi, sill\u00e4 se auttaa osuuskuntia ja muita yhteis\u00f6talouden toimijoita toimimaan oikeudenmukaisen, osallistavan ja kest\u00e4v\u00e4n kaksoissiirtym\u00e4n veturina.\u201d<\/em><\/p>\n<p>Lataa: <a href=\"https:\/\/coopseurope.coop\/wp-content\/uploads\/2022\/11\/Transition-Pathway-Proximity-and-Social-Economy.pdf\">Transition Pathway \u2013 Proximity and Social Economy here.<\/a><br>Taustatietoa: <a href=\"https:\/\/single-market-economy.ec.europa.eu\/news\/setting-out-path-make-eus-social-economy-and-local-businesses-more-resilient-green-and-digital-2022-11-15_en\" data-cke-saved-href=\"https:\/\/single-market-economy.ec.europa.eu\/news\/setting-out-path-make-eus-social-economy-and-local-businesses-more-resilient-green-and-digital-2022-11-15_en\">&nbsp;European Commission news article on the topic.<\/a><\/p>\n<p><strong>L\u00e4hitalous<\/strong> <em>koostuu paikallisista ja lyhyist\u00e4 arvoketjuista, paikallisesta tuotannosta ja kulutuksesta, ihmiskeskeisist\u00e4 kaupunkimalleista ja osuus- ja yhteis\u00f6talouden liiketoimintamalleista.<\/em> <em>Er\u00e4s tyypillinen l\u00e4hitalouden visio on &#8221;15 minuutin kaupunki&#8221;, jossa kaikki kansalaisen tarvitsema on 15 minuutin k\u00e4velymatkan tai py\u00f6r\u00e4matkan s\u00e4teell\u00e4.<\/em><\/p>\n<p><strong>ILO:n 110. ty\u00f6konferenssissa laadittu m\u00e4\u00e4ritelm\u00e4 yhteis\u00f6- ja solidaarisuustaloudesta<\/strong>: <em>Yhteis\u00f6talous kattaa yritykset, organisaatiot ja muut yhteis\u00f6t, jotka harjoittavat taloudellista, sosiaalista ja ymp\u00e4rist\u00f6llist\u00e4 toimintaa yhteisen ja\/tai yleisen edun palvelemiseksi ja jotka perustuvat vapaaehtoiseen yhteisty\u00f6n ja keskin\u00e4isen avun, demokraattisen ja\/tai osallistavan hallinnon periaatteisiin,<\/em> <em>autonomiaan ja riippumattomuuteen, sek\u00e4 ihmisten ja yhteiskunnallisen tarkoituksen ensisijaisuuteen p\u00e4\u00e4omaan n\u00e4hden ylij\u00e4\u00e4mien ja\/tai voittojen ja varojen jakamisessa ja k\u00e4yt\u00f6ss\u00e4.<\/em><em><br><\/em><em>Yhteis\u00f6talouden toimijat tavoittelevat pitk\u00e4n aikav\u00e4lin elinkelpoisuutta ja kest\u00e4vyytt\u00e4 sek\u00e4 siirtymist\u00e4 ep\u00e4virallisesta taloudesta viralliseen talouteen ja toimivat kaikilla talouden sektoreilla.<\/em> <em>Ne toimivat arvojen mukaan, jotka ovat olennaisia niiden toiminnalle ja jotka ovat yhdenmukaisia ihmisist\u00e4 ja planeetasta huolehtimisen, tasa-arvon ja oikeudenmukaisuuden, keskin\u00e4isen riippuvuuden, itsehallinnon, avoimuuden ja vastuullisuuden sek\u00e4 ihmisarvoisen ty\u00f6n ja toimeentulon saavuttamisen kanssa.<\/em><em> Yhteis\u00f6talouteen<\/em><em> kuuluvat kansallisesta toimintaymp\u00e4rist\u00f6st\u00e4 riippuen osuuskunnat, yhdistykset, keskin\u00e4iset yhti\u00f6t, s\u00e4\u00e4ti\u00f6t, sosiaaliset yritykset, oma-apuryhm\u00e4t ja muut yhteis\u00f6tlaouden arvojen ja periaatteiden mukaisesti toimivat yhteis\u00f6t.<\/em><\/p>\n","protected":false},"excerpt":{"rendered":"<p>Euroopan komissio haluaa, ett\u00e4 EU:n yhteis\u00f6taloudesta ja paikallisista yrityksist\u00e4 tehd\u00e4\u00e4n entist\u00e4 kest\u00e4v\u00e4mpi\u00e4, vihre\u00e4mpi\u00e4 ja digitaalisempia. Marraskuussa 2022 sis\u00e4markkinoista vastaava komissaari Thierry Breton julkisti kauan odotetun Siirtym\u00e4polku (Transition Pathway) -asiakirjan.<br \/>\nEuroopan osuustoimintaj\u00e4rjest\u00f6 Cooperatives Europe suhtautuu my\u00f6nteisesti Siirtym\u00e4polkuun. Se on tyytyv\u00e4inen komission perusteelliseen kuulemisprosessiin, johon p\u00e4\u00e4si my\u00f6s osallistumaan.<\/p>\n","protected":false},"author":6,"featured_media":894435,"comment_status":"closed","ping_status":"closed","sticky":false,"template":"","format":"standard","meta":{"inline_featured_image":false,"_monsterinsights_skip_tracking":false,"_monsterinsights_sitenote_active":false,"_monsterinsights_sitenote_note":"","_monsterinsights_sitenote_category":0,"site-sidebar-layout":"default","site-content-layout":"","ast-site-content-layout":"default","site-content-style":"default","site-sidebar-style":"default","ast-global-header-display":"","ast-banner-title-visibility":"","ast-main-header-display":"","ast-hfb-above-header-display":"","ast-hfb-below-header-display":"","ast-hfb-mobile-header-display":"","site-post-title":"","ast-breadcrumbs-content":"","ast-featured-img":"","footer-sml-layout":"","ast-disable-related-posts":"","theme-transparent-header-meta":"","adv-header-id-meta":"","stick-header-meta":"","header-above-stick-meta":"","header-main-stick-meta":"","header-below-stick-meta":"","astra-migrate-meta-layouts":"default","ast-page-background-enabled":"default","ast-page-background-meta":{"desktop":{"background-color":"","background-image":"","background-repeat":"repeat","background-position":"center center","background-size":"auto","background-attachment":"scroll","background-type":"","background-media":"","overlay-type":"","overlay-color":"","overlay-opacity":"","overlay-gradient":""},"tablet":{"background-color":"","background-image":"","background-repeat":"repeat","background-position":"center center","background-size":"auto","background-attachment":"scroll","background-type":"","background-media":"","overlay-type":"","overlay-color":"","overlay-opacity":"","overlay-gradient":""},"mobile":{"background-color":"","background-image":"","background-repeat":"repeat","background-position":"center center","background-size":"auto","background-attachment":"scroll","background-type":"","background-media":"","overlay-type":"","overlay-color":"","overlay-opacity":"","overlay-gradient":""}},"ast-content-background-meta":{"desktop":{"background-color":"var(--ast-global-color-5)","background-image":"","background-repeat":"repeat","background-position":"center center","background-size":"auto","background-attachment":"scroll","background-type":"","background-media":"","overlay-type":"","overlay-color":"","overlay-opacity":"","overlay-gradient":""},"tablet":{"background-color":"var(--ast-global-color-5)","background-image":"","background-repeat":"repeat","background-position":"center center","background-size":"auto","background-attachment":"scroll","background-type":"","background-media":"","overlay-type":"","overlay-color":"","overlay-opacity":"","overlay-gradient":""},"mobile":{"background-color":"var(--ast-global-color-5)","background-image":"","background-repeat":"repeat","background-position":"center center","background-size":"auto","background-attachment":"scroll","background-type":"","background-media":"","overlay-type":"","overlay-color":"","overlay-opacity":"","overlay-gradient":""}},"_FSMCFIC_featured_image_caption":"","_FSMCFIC_featured_image_nocaption":"","_FSMCFIC_featured_image_hide":"","footnotes":""},"categories":[22,224],"tags":[],"class_list":["post-894434","post","type-post","status-publish","format-standard","has-post-thumbnail","hentry","category-uutiset","category-vastuullisuus"],"yoast_head":"<!-- This site is optimized with the Yoast SEO plugin v27.4 - https:\/\/yoast.com\/product\/yoast-seo-wordpress\/ -->\n<title>Cooperatives Europe tyytyv\u00e4inen komission julkaisemaan Siirtym\u00e4polkuun \u201dl\u00e4hi- ja yhteis\u00f6talouden&quot; ekosysteemille - Pellervo<\/title>\n<meta name=\"robots\" content=\"index, follow, max-snippet:-1, max-image-preview:large, max-video-preview:-1\" \/>\n<link rel=\"canonical\" href=\"https:\/\/pellervo.fi\/uutiset\/2022\/12\/05\/cooperatives-europe-on-tyytyvainen-komission-julkaisemaan-siirtymapolkuun-lahi-ja-yhteisotalouden-ekosysteemille\/\" \/>\n<meta property=\"og:locale\" content=\"sv_SE\" \/>\n<meta property=\"og:type\" content=\"article\" \/>\n<meta property=\"og:title\" content=\"Cooperatives Europe tyytyv\u00e4inen komission julkaisemaan Siirtym\u00e4polkuun \u201dl\u00e4hi- ja yhteis\u00f6talouden&quot; ekosysteemille - Pellervo\" \/>\n<meta property=\"og:description\" content=\"Euroopan komissio haluaa, ett\u00e4 EU:n yhteis\u00f6taloudesta ja paikallisista yrityksist\u00e4 tehd\u00e4\u00e4n entist\u00e4 kest\u00e4v\u00e4mpi\u00e4, vihre\u00e4mpi\u00e4 ja digitaalisempia. Marraskuussa 2022 sis\u00e4markkinoista vastaava komissaari Thierry Breton julkisti kauan odotetun Siirtym\u00e4polku (Transition Pathway) -asiakirjan. Euroopan osuustoimintaj\u00e4rjest\u00f6 Cooperatives Europe suhtautuu my\u00f6nteisesti Siirtym\u00e4polkuun. Se on tyytyv\u00e4inen komission perusteelliseen kuulemisprosessiin, johon p\u00e4\u00e4si my\u00f6s osallistumaan.\" \/>\n<meta property=\"og:url\" content=\"https:\/\/pellervo.fi\/uutiset\/2022\/12\/05\/cooperatives-europe-on-tyytyvainen-komission-julkaisemaan-siirtymapolkuun-lahi-ja-yhteisotalouden-ekosysteemille\/\" \/>\n<meta property=\"og:site_name\" content=\"Pellervo\" \/>\n<meta property=\"article:published_time\" content=\"2022-12-05T12:26:38+00:00\" \/>\n<meta property=\"article:modified_time\" content=\"2022-12-07T05:57:47+00:00\" \/>\n<meta property=\"og:image\" content=\"https:\/\/pellervo.fi\/wp-content\/uploads\/2022\/12\/Untitled-design5.png\" \/>\n\t<meta property=\"og:image:width\" content=\"2240\" \/>\n\t<meta property=\"og:image:height\" content=\"1260\" \/>\n\t<meta property=\"og:image:type\" content=\"image\/png\" \/>\n<meta name=\"author\" content=\"Hanna Muukka\" \/>\n<meta name=\"twitter:card\" content=\"summary_large_image\" \/>\n<meta name=\"twitter:creator\" content=\"@PellervoFi\" \/>\n<meta name=\"twitter:site\" content=\"@PellervoFi\" \/>\n<meta name=\"twitter:label1\" content=\"Skriven av\" \/>\n\t<meta name=\"twitter:data1\" content=\"Hanna Muukka\" \/>\n\t<meta name=\"twitter:label2\" content=\"Ber\u00e4knad l\u00e4stid\" \/>\n\t<meta name=\"twitter:data2\" content=\"3 minuter\" \/>\n<script type=\"application\/ld+json\" class=\"yoast-schema-graph\">{\"@context\":\"https:\\\/\\\/schema.org\",\"@graph\":[{\"@type\":\"Article\",\"@id\":\"https:\\\/\\\/pellervo.fi\\\/uutiset\\\/2022\\\/12\\\/05\\\/cooperatives-europe-on-tyytyvainen-komission-julkaisemaan-siirtymapolkuun-lahi-ja-yhteisotalouden-ekosysteemille\\\/#article\",\"isPartOf\":{\"@id\":\"https:\\\/\\\/pellervo.fi\\\/uutiset\\\/2022\\\/12\\\/05\\\/cooperatives-europe-on-tyytyvainen-komission-julkaisemaan-siirtymapolkuun-lahi-ja-yhteisotalouden-ekosysteemille\\\/\"},\"author\":{\"name\":\"Hanna Muukka\",\"@id\":\"https:\\\/\\\/pellervo.fi\\\/#\\\/schema\\\/person\\\/f001b7c670bab10e5236b09672d9e6a3\"},\"headline\":\"Cooperatives Europe tyytyv\u00e4inen komission julkaisemaan Siirtym\u00e4polkuun \u201dl\u00e4hi- ja yhteis\u00f6talouden&#8221; ekosysteemille\",\"datePublished\":\"2022-12-05T12:26:38+00:00\",\"dateModified\":\"2022-12-07T05:57:47+00:00\",\"mainEntityOfPage\":{\"@id\":\"https:\\\/\\\/pellervo.fi\\\/uutiset\\\/2022\\\/12\\\/05\\\/cooperatives-europe-on-tyytyvainen-komission-julkaisemaan-siirtymapolkuun-lahi-ja-yhteisotalouden-ekosysteemille\\\/\"},\"wordCount\":593,\"publisher\":{\"@id\":\"https:\\\/\\\/pellervo.fi\\\/#organization\"},\"image\":{\"@id\":\"https:\\\/\\\/pellervo.fi\\\/uutiset\\\/2022\\\/12\\\/05\\\/cooperatives-europe-on-tyytyvainen-komission-julkaisemaan-siirtymapolkuun-lahi-ja-yhteisotalouden-ekosysteemille\\\/#primaryimage\"},\"thumbnailUrl\":\"https:\\\/\\\/pellervo.fi\\\/wp-content\\\/uploads\\\/2022\\\/12\\\/Untitled-design5.png\",\"articleSection\":[\"Uutiset\",\"Vastuullisuus\"],\"inLanguage\":\"sv-SE\"},{\"@type\":\"WebPage\",\"@id\":\"https:\\\/\\\/pellervo.fi\\\/uutiset\\\/2022\\\/12\\\/05\\\/cooperatives-europe-on-tyytyvainen-komission-julkaisemaan-siirtymapolkuun-lahi-ja-yhteisotalouden-ekosysteemille\\\/\",\"url\":\"https:\\\/\\\/pellervo.fi\\\/uutiset\\\/2022\\\/12\\\/05\\\/cooperatives-europe-on-tyytyvainen-komission-julkaisemaan-siirtymapolkuun-lahi-ja-yhteisotalouden-ekosysteemille\\\/\",\"name\":\"Cooperatives Europe tyytyv\u00e4inen komission julkaisemaan Siirtym\u00e4polkuun \u201dl\u00e4hi- ja yhteis\u00f6talouden\\\" ekosysteemille - Pellervo\",\"isPartOf\":{\"@id\":\"https:\\\/\\\/pellervo.fi\\\/#website\"},\"primaryImageOfPage\":{\"@id\":\"https:\\\/\\\/pellervo.fi\\\/uutiset\\\/2022\\\/12\\\/05\\\/cooperatives-europe-on-tyytyvainen-komission-julkaisemaan-siirtymapolkuun-lahi-ja-yhteisotalouden-ekosysteemille\\\/#primaryimage\"},\"image\":{\"@id\":\"https:\\\/\\\/pellervo.fi\\\/uutiset\\\/2022\\\/12\\\/05\\\/cooperatives-europe-on-tyytyvainen-komission-julkaisemaan-siirtymapolkuun-lahi-ja-yhteisotalouden-ekosysteemille\\\/#primaryimage\"},\"thumbnailUrl\":\"https:\\\/\\\/pellervo.fi\\\/wp-content\\\/uploads\\\/2022\\\/12\\\/Untitled-design5.png\",\"datePublished\":\"2022-12-05T12:26:38+00:00\",\"dateModified\":\"2022-12-07T05:57:47+00:00\",\"breadcrumb\":{\"@id\":\"https:\\\/\\\/pellervo.fi\\\/uutiset\\\/2022\\\/12\\\/05\\\/cooperatives-europe-on-tyytyvainen-komission-julkaisemaan-siirtymapolkuun-lahi-ja-yhteisotalouden-ekosysteemille\\\/#breadcrumb\"},\"inLanguage\":\"sv-SE\",\"potentialAction\":[{\"@type\":\"ReadAction\",\"target\":[\"https:\\\/\\\/pellervo.fi\\\/uutiset\\\/2022\\\/12\\\/05\\\/cooperatives-europe-on-tyytyvainen-komission-julkaisemaan-siirtymapolkuun-lahi-ja-yhteisotalouden-ekosysteemille\\\/\"]}]},{\"@type\":\"ImageObject\",\"inLanguage\":\"sv-SE\",\"@id\":\"https:\\\/\\\/pellervo.fi\\\/uutiset\\\/2022\\\/12\\\/05\\\/cooperatives-europe-on-tyytyvainen-komission-julkaisemaan-siirtymapolkuun-lahi-ja-yhteisotalouden-ekosysteemille\\\/#primaryimage\",\"url\":\"https:\\\/\\\/pellervo.fi\\\/wp-content\\\/uploads\\\/2022\\\/12\\\/Untitled-design5.png\",\"contentUrl\":\"https:\\\/\\\/pellervo.fi\\\/wp-content\\\/uploads\\\/2022\\\/12\\\/Untitled-design5.png\",\"width\":2240,\"height\":1260},{\"@type\":\"BreadcrumbList\",\"@id\":\"https:\\\/\\\/pellervo.fi\\\/uutiset\\\/2022\\\/12\\\/05\\\/cooperatives-europe-on-tyytyvainen-komission-julkaisemaan-siirtymapolkuun-lahi-ja-yhteisotalouden-ekosysteemille\\\/#breadcrumb\",\"itemListElement\":[{\"@type\":\"ListItem\",\"position\":1,\"name\":\"Koti\",\"item\":\"https:\\\/\\\/pellervo.fi\\\/sv\\\/\"},{\"@type\":\"ListItem\",\"position\":2,\"name\":\"Cooperatives Europe tyytyv\u00e4inen komission julkaisemaan Siirtym\u00e4polkuun \u201dl\u00e4hi- ja yhteis\u00f6talouden&#8221; ekosysteemille\"}]},{\"@type\":\"WebSite\",\"@id\":\"https:\\\/\\\/pellervo.fi\\\/#website\",\"url\":\"https:\\\/\\\/pellervo.fi\\\/\",\"name\":\"Pellervo\",\"description\":\"Osuuskuntien keskusj\u00e4rjest\u00f6\",\"publisher\":{\"@id\":\"https:\\\/\\\/pellervo.fi\\\/#organization\"},\"potentialAction\":[{\"@type\":\"SearchAction\",\"target\":{\"@type\":\"EntryPoint\",\"urlTemplate\":\"https:\\\/\\\/pellervo.fi\\\/?s={search_term_string}\"},\"query-input\":{\"@type\":\"PropertyValueSpecification\",\"valueRequired\":true,\"valueName\":\"search_term_string\"}}],\"inLanguage\":\"sv-SE\"},{\"@type\":\"Organization\",\"@id\":\"https:\\\/\\\/pellervo.fi\\\/#organization\",\"name\":\"Osuustoimintakeskus Pellervo ry\",\"url\":\"https:\\\/\\\/pellervo.fi\\\/\",\"logo\":{\"@type\":\"ImageObject\",\"inLanguage\":\"sv-SE\",\"@id\":\"https:\\\/\\\/pellervo.fi\\\/#\\\/schema\\\/logo\\\/image\\\/\",\"url\":\"https:\\\/\\\/pellervo.fi\\\/wp-content\\\/uploads\\\/2020\\\/05\\\/Pellervo_logo.png\",\"contentUrl\":\"https:\\\/\\\/pellervo.fi\\\/wp-content\\\/uploads\\\/2020\\\/05\\\/Pellervo_logo.png\",\"width\":1335,\"height\":376,\"caption\":\"Osuustoimintakeskus Pellervo ry\"},\"image\":{\"@id\":\"https:\\\/\\\/pellervo.fi\\\/#\\\/schema\\\/logo\\\/image\\\/\"},\"sameAs\":[\"https:\\\/\\\/x.com\\\/PellervoFi\"]},{\"@type\":\"Person\",\"@id\":\"https:\\\/\\\/pellervo.fi\\\/#\\\/schema\\\/person\\\/f001b7c670bab10e5236b09672d9e6a3\",\"name\":\"Hanna Muukka\",\"image\":{\"@type\":\"ImageObject\",\"inLanguage\":\"sv-SE\",\"@id\":\"https:\\\/\\\/pellervo.fi\\\/wp-content\\\/uploads\\\/2014\\\/02\\\/Hanna-Muukka_avatar_1393417732-96x96.jpg\",\"url\":\"https:\\\/\\\/pellervo.fi\\\/wp-content\\\/uploads\\\/2014\\\/02\\\/Hanna-Muukka_avatar_1393417732-96x96.jpg\",\"contentUrl\":\"https:\\\/\\\/pellervo.fi\\\/wp-content\\\/uploads\\\/2014\\\/02\\\/Hanna-Muukka_avatar_1393417732-96x96.jpg\",\"caption\":\"Hanna Muukka\"},\"description\":\"Kirjoittaja ty\u00f6skentelee Osuustoimintakeskus Pellervossa vastuullisuusasiantuntijana.\",\"url\":\"https:\\\/\\\/pellervo.fi\\\/sv\\\/author\\\/hannamuu\\\/\"}]}<\/script>\n<!-- \/ Yoast SEO plugin. -->","yoast_head_json":{"title":"Cooperatives Europe tyytyv\u00e4inen komission julkaisemaan Siirtym\u00e4polkuun \u201dl\u00e4hi- ja yhteis\u00f6talouden\" ekosysteemille - Pellervo","robots":{"index":"index","follow":"follow","max-snippet":"max-snippet:-1","max-image-preview":"max-image-preview:large","max-video-preview":"max-video-preview:-1"},"canonical":"https:\/\/pellervo.fi\/uutiset\/2022\/12\/05\/cooperatives-europe-on-tyytyvainen-komission-julkaisemaan-siirtymapolkuun-lahi-ja-yhteisotalouden-ekosysteemille\/","og_locale":"sv_SE","og_type":"article","og_title":"Cooperatives Europe tyytyv\u00e4inen komission julkaisemaan Siirtym\u00e4polkuun \u201dl\u00e4hi- ja yhteis\u00f6talouden\" ekosysteemille - Pellervo","og_description":"Euroopan komissio haluaa, ett\u00e4 EU:n yhteis\u00f6taloudesta ja paikallisista yrityksist\u00e4 tehd\u00e4\u00e4n entist\u00e4 kest\u00e4v\u00e4mpi\u00e4, vihre\u00e4mpi\u00e4 ja digitaalisempia. Marraskuussa 2022 sis\u00e4markkinoista vastaava komissaari Thierry Breton julkisti kauan odotetun Siirtym\u00e4polku (Transition Pathway) -asiakirjan. Euroopan osuustoimintaj\u00e4rjest\u00f6 Cooperatives Europe suhtautuu my\u00f6nteisesti Siirtym\u00e4polkuun. Se on tyytyv\u00e4inen komission perusteelliseen kuulemisprosessiin, johon p\u00e4\u00e4si my\u00f6s osallistumaan.","og_url":"https:\/\/pellervo.fi\/uutiset\/2022\/12\/05\/cooperatives-europe-on-tyytyvainen-komission-julkaisemaan-siirtymapolkuun-lahi-ja-yhteisotalouden-ekosysteemille\/","og_site_name":"Pellervo","article_published_time":"2022-12-05T12:26:38+00:00","article_modified_time":"2022-12-07T05:57:47+00:00","og_image":[{"width":2240,"height":1260,"url":"https:\/\/pellervo.fi\/wp-content\/uploads\/2022\/12\/Untitled-design5.png","type":"image\/png"}],"author":"Hanna Muukka","twitter_card":"summary_large_image","twitter_creator":"@PellervoFi","twitter_site":"@PellervoFi","twitter_misc":{"Skriven av":"Hanna Muukka","Ber\u00e4knad l\u00e4stid":"3 minuter"},"schema":{"@context":"https:\/\/schema.org","@graph":[{"@type":"Article","@id":"https:\/\/pellervo.fi\/uutiset\/2022\/12\/05\/cooperatives-europe-on-tyytyvainen-komission-julkaisemaan-siirtymapolkuun-lahi-ja-yhteisotalouden-ekosysteemille\/#article","isPartOf":{"@id":"https:\/\/pellervo.fi\/uutiset\/2022\/12\/05\/cooperatives-europe-on-tyytyvainen-komission-julkaisemaan-siirtymapolkuun-lahi-ja-yhteisotalouden-ekosysteemille\/"},"author":{"name":"Hanna Muukka","@id":"https:\/\/pellervo.fi\/#\/schema\/person\/f001b7c670bab10e5236b09672d9e6a3"},"headline":"Cooperatives Europe tyytyv\u00e4inen komission julkaisemaan Siirtym\u00e4polkuun \u201dl\u00e4hi- ja yhteis\u00f6talouden&#8221; ekosysteemille","datePublished":"2022-12-05T12:26:38+00:00","dateModified":"2022-12-07T05:57:47+00:00","mainEntityOfPage":{"@id":"https:\/\/pellervo.fi\/uutiset\/2022\/12\/05\/cooperatives-europe-on-tyytyvainen-komission-julkaisemaan-siirtymapolkuun-lahi-ja-yhteisotalouden-ekosysteemille\/"},"wordCount":593,"publisher":{"@id":"https:\/\/pellervo.fi\/#organization"},"image":{"@id":"https:\/\/pellervo.fi\/uutiset\/2022\/12\/05\/cooperatives-europe-on-tyytyvainen-komission-julkaisemaan-siirtymapolkuun-lahi-ja-yhteisotalouden-ekosysteemille\/#primaryimage"},"thumbnailUrl":"https:\/\/pellervo.fi\/wp-content\/uploads\/2022\/12\/Untitled-design5.png","articleSection":["Uutiset","Vastuullisuus"],"inLanguage":"sv-SE"},{"@type":"WebPage","@id":"https:\/\/pellervo.fi\/uutiset\/2022\/12\/05\/cooperatives-europe-on-tyytyvainen-komission-julkaisemaan-siirtymapolkuun-lahi-ja-yhteisotalouden-ekosysteemille\/","url":"https:\/\/pellervo.fi\/uutiset\/2022\/12\/05\/cooperatives-europe-on-tyytyvainen-komission-julkaisemaan-siirtymapolkuun-lahi-ja-yhteisotalouden-ekosysteemille\/","name":"Cooperatives Europe tyytyv\u00e4inen komission julkaisemaan Siirtym\u00e4polkuun \u201dl\u00e4hi- ja yhteis\u00f6talouden\" ekosysteemille - Pellervo","isPartOf":{"@id":"https:\/\/pellervo.fi\/#website"},"primaryImageOfPage":{"@id":"https:\/\/pellervo.fi\/uutiset\/2022\/12\/05\/cooperatives-europe-on-tyytyvainen-komission-julkaisemaan-siirtymapolkuun-lahi-ja-yhteisotalouden-ekosysteemille\/#primaryimage"},"image":{"@id":"https:\/\/pellervo.fi\/uutiset\/2022\/12\/05\/cooperatives-europe-on-tyytyvainen-komission-julkaisemaan-siirtymapolkuun-lahi-ja-yhteisotalouden-ekosysteemille\/#primaryimage"},"thumbnailUrl":"https:\/\/pellervo.fi\/wp-content\/uploads\/2022\/12\/Untitled-design5.png","datePublished":"2022-12-05T12:26:38+00:00","dateModified":"2022-12-07T05:57:47+00:00","breadcrumb":{"@id":"https:\/\/pellervo.fi\/uutiset\/2022\/12\/05\/cooperatives-europe-on-tyytyvainen-komission-julkaisemaan-siirtymapolkuun-lahi-ja-yhteisotalouden-ekosysteemille\/#breadcrumb"},"inLanguage":"sv-SE","potentialAction":[{"@type":"ReadAction","target":["https:\/\/pellervo.fi\/uutiset\/2022\/12\/05\/cooperatives-europe-on-tyytyvainen-komission-julkaisemaan-siirtymapolkuun-lahi-ja-yhteisotalouden-ekosysteemille\/"]}]},{"@type":"ImageObject","inLanguage":"sv-SE","@id":"https:\/\/pellervo.fi\/uutiset\/2022\/12\/05\/cooperatives-europe-on-tyytyvainen-komission-julkaisemaan-siirtymapolkuun-lahi-ja-yhteisotalouden-ekosysteemille\/#primaryimage","url":"https:\/\/pellervo.fi\/wp-content\/uploads\/2022\/12\/Untitled-design5.png","contentUrl":"https:\/\/pellervo.fi\/wp-content\/uploads\/2022\/12\/Untitled-design5.png","width":2240,"height":1260},{"@type":"BreadcrumbList","@id":"https:\/\/pellervo.fi\/uutiset\/2022\/12\/05\/cooperatives-europe-on-tyytyvainen-komission-julkaisemaan-siirtymapolkuun-lahi-ja-yhteisotalouden-ekosysteemille\/#breadcrumb","itemListElement":[{"@type":"ListItem","position":1,"name":"Koti","item":"https:\/\/pellervo.fi\/sv\/"},{"@type":"ListItem","position":2,"name":"Cooperatives Europe tyytyv\u00e4inen komission julkaisemaan Siirtym\u00e4polkuun \u201dl\u00e4hi- ja yhteis\u00f6talouden&#8221; ekosysteemille"}]},{"@type":"WebSite","@id":"https:\/\/pellervo.fi\/#website","url":"https:\/\/pellervo.fi\/","name":"Pellervo","description":"Osuuskuntien keskusj\u00e4rjest\u00f6","publisher":{"@id":"https:\/\/pellervo.fi\/#organization"},"potentialAction":[{"@type":"SearchAction","target":{"@type":"EntryPoint","urlTemplate":"https:\/\/pellervo.fi\/?s={search_term_string}"},"query-input":{"@type":"PropertyValueSpecification","valueRequired":true,"valueName":"search_term_string"}}],"inLanguage":"sv-SE"},{"@type":"Organization","@id":"https:\/\/pellervo.fi\/#organization","name":"Osuustoimintakeskus Pellervo ry","url":"https:\/\/pellervo.fi\/","logo":{"@type":"ImageObject","inLanguage":"sv-SE","@id":"https:\/\/pellervo.fi\/#\/schema\/logo\/image\/","url":"https:\/\/pellervo.fi\/wp-content\/uploads\/2020\/05\/Pellervo_logo.png","contentUrl":"https:\/\/pellervo.fi\/wp-content\/uploads\/2020\/05\/Pellervo_logo.png","width":1335,"height":376,"caption":"Osuustoimintakeskus Pellervo ry"},"image":{"@id":"https:\/\/pellervo.fi\/#\/schema\/logo\/image\/"},"sameAs":["https:\/\/x.com\/PellervoFi"]},{"@type":"Person","@id":"https:\/\/pellervo.fi\/#\/schema\/person\/f001b7c670bab10e5236b09672d9e6a3","name":"Hanna Muukka","image":{"@type":"ImageObject","inLanguage":"sv-SE","@id":"https:\/\/pellervo.fi\/wp-content\/uploads\/2014\/02\/Hanna-Muukka_avatar_1393417732-96x96.jpg","url":"https:\/\/pellervo.fi\/wp-content\/uploads\/2014\/02\/Hanna-Muukka_avatar_1393417732-96x96.jpg","contentUrl":"https:\/\/pellervo.fi\/wp-content\/uploads\/2014\/02\/Hanna-Muukka_avatar_1393417732-96x96.jpg","caption":"Hanna Muukka"},"description":"Kirjoittaja ty\u00f6skentelee Osuustoimintakeskus Pellervossa vastuullisuusasiantuntijana.","url":"https:\/\/pellervo.fi\/sv\/author\/hannamuu\/"}]}},"_links":{"self":[{"href":"https:\/\/pellervo.fi\/sv\/wp-json\/wp\/v2\/posts\/894434","targetHints":{"allow":["GET"]}}],"collection":[{"href":"https:\/\/pellervo.fi\/sv\/wp-json\/wp\/v2\/posts"}],"about":[{"href":"https:\/\/pellervo.fi\/sv\/wp-json\/wp\/v2\/types\/post"}],"author":[{"embeddable":true,"href":"https:\/\/pellervo.fi\/sv\/wp-json\/wp\/v2\/users\/6"}],"replies":[{"embeddable":true,"href":"https:\/\/pellervo.fi\/sv\/wp-json\/wp\/v2\/comments?post=894434"}],"version-history":[{"count":2,"href":"https:\/\/pellervo.fi\/sv\/wp-json\/wp\/v2\/posts\/894434\/revisions"}],"predecessor-version":[{"id":894443,"href":"https:\/\/pellervo.fi\/sv\/wp-json\/wp\/v2\/posts\/894434\/revisions\/894443"}],"wp:featuredmedia":[{"embeddable":true,"href":"https:\/\/pellervo.fi\/sv\/wp-json\/wp\/v2\/media\/894435"}],"wp:attachment":[{"href":"https:\/\/pellervo.fi\/sv\/wp-json\/wp\/v2\/media?parent=894434"}],"wp:term":[{"taxonomy":"category","embeddable":true,"href":"https:\/\/pellervo.fi\/sv\/wp-json\/wp\/v2\/categories?post=894434"},{"taxonomy":"post_tag","embeddable":true,"href":"https:\/\/pellervo.fi\/sv\/wp-json\/wp\/v2\/tags?post=894434"}],"curies":[{"name":"wp","href":"https:\/\/api.w.org\/{rel}","templated":true}]}}