{"id":894504,"date":"2022-12-09T14:08:05","date_gmt":"2022-12-09T12:08:05","guid":{"rendered":"https:\/\/pellervo.fi\/?p=894504"},"modified":"2022-12-20T14:04:49","modified_gmt":"2022-12-20T12:04:49","slug":"annukka-nikola-ja-juha-kivela-uusina-pellervon-hallitukseen","status":"publish","type":"post","link":"https:\/\/pellervo.fi\/sv\/jarjesto\/2022\/12\/09\/annukka-nikola-ja-juha-kivela-uusina-pellervon-hallitukseen\/","title":{"rendered":"Pellervon valtuuskunta koolla: Annukka Nikola ja Juha Kivel\u00e4 uusina hallitukseen"},"content":{"rendered":"\n<p><strong>Pellervon valtuuskunta kokoontui Helsinkiin 8.-9. joulukuuta. Iltakoulussa torstaina keskusteltiin vapaamuotoisesti j\u00e4rjest\u00f6n strategiasta eli Pellervon tavoitteista osuustoiminnan keskusj\u00e4rjest\u00f6n\u00e4, sen j\u00e4seni\u00e4 yhdist\u00e4vist\u00e4 tekij\u00f6ist\u00e4 ja Pellervon arvoista.&nbsp;<\/strong><\/p>\n<p>Varsinainen kokous k\u00e4ytiin perjantaina aamulla, ja sen asialistalla oli muun muassa uusien hallituksenj\u00e4senten nimitt\u00e4minen erovuoroisten tilalle. Uusina mukaan valittiin OP Osuuskunnan hallintoneuvoston ja OP Uusimaan hallituksen puheenjohtaja <strong>Annukka Nikola<\/strong> Kirkkonummelta ja SOK:n hallituksen j\u00e4sen, PKO:n toimitusjohtaja <strong>Juha Kivel\u00e4<\/strong> Joensuusta.<\/p>\n<p>Erovuoroisista jatkokaudelle 2022-2025valittiin Tradekan toimitusjohtaja <strong>Perttu Puro<\/strong> Espoosta ja Itikan ja Atrian hallituksen puheenjohtaja <strong>Seppo Paavola<\/strong> Sein\u00e4joelta. T\u00e4ss\u00e4 yhteydess\u00e4 my\u00f6s kiitettiin monipuolisesta ty\u00f6skentelyst\u00e4 Pellervon hyv\u00e4ksi hallituksesta nyt luopuvia OP-ryhm\u00e4n edustaja <strong>Kirsti Kirjosta<\/strong> ja S-ryhm\u00e4n <strong>Hannu Krookia<\/strong>.<\/p>\n<figure id=\"attachment_894528\" aria-describedby=\"caption-attachment-894528\" style=\"width: 1512px\" class=\"wp-caption alignnone\"><img loading=\"lazy\" decoding=\"async\" src=\"https:\/\/pellervo.fi\/wp-content\/uploads\/2022\/12\/Elina-Valtonen-091222-2.jpg\" alt=\"\" width=\"1512\" height=\"1134\"><figcaption id=\"caption-attachment-894528\" class=\"wp-caption-text\">Kokouksen vieraana esiintyi t\u00e4ll\u00e4 kertaa kokoomuksen varapuheenjohtaja Elina Valtonen, joka avasi kuulijoille n\u00e4kymi\u00e4 nykyiseen taloustilanteeseen ja tulevaisuuden vaihtoehtoihin.<\/figcaption><\/figure>\n","protected":false},"excerpt":{"rendered":"<p>Pellervon valtuuskunta kokoontui Helsinkiin 8.-9. joulukuuta. Iltakoulussa torstaina keskusteltiin vapaamuotoisesti j\u00e4rjest\u00f6n strategiasta eli Pellervon tavoitteista osuustoiminnan keskusj\u00e4rjest\u00f6n\u00e4, sen j\u00e4seni\u00e4 yhdist\u00e4vist\u00e4 tekij\u00f6ist\u00e4 ja Pellervon arvoista.&nbsp; Varsinainen kokous k\u00e4ytiin perjantaina aamulla, ja sen asialistalla oli muun muassa uusien hallituksenj\u00e4senten nimitt\u00e4minen erovuoroisten tilalle. Uusina mukaan valittiin OP Osuuskunnan hallintoneuvoston ja OP Uusimaan hallituksen puheenjohtaja Annukka Nikola Kirkkonummelta ja<\/p>\n","protected":false},"author":5,"featured_media":894511,"comment_status":"closed","ping_status":"closed","sticky":false,"template":"","format":"standard","meta":{"inline_featured_image":false,"_monsterinsights_skip_tracking":false,"_monsterinsights_sitenote_active":false,"_monsterinsights_sitenote_note":"","_monsterinsights_sitenote_category":0,"site-sidebar-layout":"default","site-content-layout":"","ast-site-content-layout":"default","site-content-style":"default","site-sidebar-style":"default","ast-global-header-display":"","ast-banner-title-visibility":"","ast-main-header-display":"","ast-hfb-above-header-display":"","ast-hfb-below-header-display":"","ast-hfb-mobile-header-display":"","site-post-title":"","ast-breadcrumbs-content":"","ast-featured-img":"","footer-sml-layout":"","ast-disable-related-posts":"","theme-transparent-header-meta":"","adv-header-id-meta":"","stick-header-meta":"","header-above-stick-meta":"","header-main-stick-meta":"","header-below-stick-meta":"","astra-migrate-meta-layouts":"default","ast-page-background-enabled":"default","ast-page-background-meta":{"desktop":{"background-color":"","background-image":"","background-repeat":"repeat","background-position":"center center","background-size":"auto","background-attachment":"scroll","background-type":"","background-media":"","overlay-type":"","overlay-color":"","overlay-opacity":"","overlay-gradient":""},"tablet":{"background-color":"","background-image":"","background-repeat":"repeat","background-position":"center center","background-size":"auto","background-attachment":"scroll","background-type":"","background-media":"","overlay-type":"","overlay-color":"","overlay-opacity":"","overlay-gradient":""},"mobile":{"background-color":"","background-image":"","background-repeat":"repeat","background-position":"center center","background-size":"auto","background-attachment":"scroll","background-type":"","background-media":"","overlay-type":"","overlay-color":"","overlay-opacity":"","overlay-gradient":""}},"ast-content-background-meta":{"desktop":{"background-color":"var(--ast-global-color-5)","background-image":"","background-repeat":"repeat","background-position":"center center","background-size":"auto","background-attachment":"scroll","background-type":"","background-media":"","overlay-type":"","overlay-color":"","overlay-opacity":"","overlay-gradient":""},"tablet":{"background-color":"var(--ast-global-color-5)","background-image":"","background-repeat":"repeat","background-position":"center center","background-size":"auto","background-attachment":"scroll","background-type":"","background-media":"","overlay-type":"","overlay-color":"","overlay-opacity":"","overlay-gradient":""},"mobile":{"background-color":"var(--ast-global-color-5)","background-image":"","background-repeat":"repeat","background-position":"center center","background-size":"auto","background-attachment":"scroll","background-type":"","background-media":"","overlay-type":"","overlay-color":"","overlay-opacity":"","overlay-gradient":""}},"_FSMCFIC_featured_image_caption":"","_FSMCFIC_featured_image_nocaption":"","_FSMCFIC_featured_image_hide":"","footnotes":""},"categories":[71],"tags":[409,334],"class_list":["post-894504","post","type-post","status-publish","format-standard","has-post-thumbnail","hentry","category-jarjesto","tag-pellervon-hallinto","tag-valtuuskunta"],"yoast_head":"<!-- This site is optimized with the Yoast SEO plugin v27.4 - https:\/\/yoast.com\/product\/yoast-seo-wordpress\/ -->\n<title>Pellervon valtuuskunta koolla: Annukka Nikola ja Juha Kivel\u00e4 uusina hallitukseen - Pellervo<\/title>\n<meta name=\"robots\" content=\"index, follow, max-snippet:-1, max-image-preview:large, max-video-preview:-1\" \/>\n<link rel=\"canonical\" href=\"https:\/\/pellervo.fi\/jarjesto\/2022\/12\/09\/annukka-nikola-ja-juha-kivela-uusina-pellervon-hallitukseen\/\" \/>\n<meta property=\"og:locale\" content=\"sv_SE\" \/>\n<meta property=\"og:type\" content=\"article\" \/>\n<meta property=\"og:title\" content=\"Pellervon valtuuskunta koolla: Annukka Nikola ja Juha Kivel\u00e4 uusina hallitukseen - Pellervo\" \/>\n<meta property=\"og:description\" content=\"Pellervon valtuuskunta kokoontui Helsinkiin 8.-9. joulukuuta. Iltakoulussa torstaina keskusteltiin vapaamuotoisesti j\u00e4rjest\u00f6n strategiasta eli Pellervon tavoitteista osuustoiminnan keskusj\u00e4rjest\u00f6n\u00e4, sen j\u00e4seni\u00e4 yhdist\u00e4vist\u00e4 tekij\u00f6ist\u00e4 ja Pellervon arvoista.&nbsp; Varsinainen kokous k\u00e4ytiin perjantaina aamulla, ja sen asialistalla oli muun muassa uusien hallituksenj\u00e4senten nimitt\u00e4minen erovuoroisten tilalle. Uusina mukaan valittiin OP Osuuskunnan hallintoneuvoston ja OP Uusimaan hallituksen puheenjohtaja Annukka Nikola Kirkkonummelta ja\" \/>\n<meta property=\"og:url\" content=\"https:\/\/pellervo.fi\/jarjesto\/2022\/12\/09\/annukka-nikola-ja-juha-kivela-uusina-pellervon-hallitukseen\/\" \/>\n<meta property=\"og:site_name\" content=\"Pellervo\" \/>\n<meta property=\"article:published_time\" content=\"2022-12-09T12:08:05+00:00\" \/>\n<meta property=\"article:modified_time\" content=\"2022-12-20T12:04:49+00:00\" \/>\n<meta property=\"og:image\" content=\"https:\/\/pellervo.fi\/wp-content\/uploads\/2022\/12\/Kokouskuva-vltk-091222.jpg\" \/>\n\t<meta property=\"og:image:width\" content=\"2016\" \/>\n\t<meta property=\"og:image:height\" content=\"1512\" \/>\n\t<meta property=\"og:image:type\" content=\"image\/jpeg\" \/>\n<meta name=\"author\" content=\"pellervo\" \/>\n<meta name=\"twitter:card\" content=\"summary_large_image\" \/>\n<meta name=\"twitter:creator\" content=\"@PellervoFi\" \/>\n<meta name=\"twitter:site\" content=\"@PellervoFi\" \/>\n<meta name=\"twitter:label1\" content=\"Skriven av\" \/>\n\t<meta name=\"twitter:data1\" content=\"pellervo\" \/>\n\t<meta name=\"twitter:label2\" content=\"Ber\u00e4knad l\u00e4stid\" \/>\n\t<meta name=\"twitter:data2\" content=\"1 minut\" \/>\n<script type=\"application\/ld+json\" class=\"yoast-schema-graph\">{\"@context\":\"https:\\\/\\\/schema.org\",\"@graph\":[{\"@type\":\"Article\",\"@id\":\"https:\\\/\\\/pellervo.fi\\\/jarjesto\\\/2022\\\/12\\\/09\\\/annukka-nikola-ja-juha-kivela-uusina-pellervon-hallitukseen\\\/#article\",\"isPartOf\":{\"@id\":\"https:\\\/\\\/pellervo.fi\\\/jarjesto\\\/2022\\\/12\\\/09\\\/annukka-nikola-ja-juha-kivela-uusina-pellervon-hallitukseen\\\/\"},\"author\":{\"name\":\"pellervo\",\"@id\":\"https:\\\/\\\/pellervo.fi\\\/#\\\/schema\\\/person\\\/4b74d40956937d1367ade81899997e71\"},\"headline\":\"Pellervon valtuuskunta koolla: Annukka Nikola ja Juha Kivel\u00e4 uusina hallitukseen\",\"datePublished\":\"2022-12-09T12:08:05+00:00\",\"dateModified\":\"2022-12-20T12:04:49+00:00\",\"mainEntityOfPage\":{\"@id\":\"https:\\\/\\\/pellervo.fi\\\/jarjesto\\\/2022\\\/12\\\/09\\\/annukka-nikola-ja-juha-kivela-uusina-pellervon-hallitukseen\\\/\"},\"wordCount\":158,\"publisher\":{\"@id\":\"https:\\\/\\\/pellervo.fi\\\/#organization\"},\"image\":{\"@id\":\"https:\\\/\\\/pellervo.fi\\\/jarjesto\\\/2022\\\/12\\\/09\\\/annukka-nikola-ja-juha-kivela-uusina-pellervon-hallitukseen\\\/#primaryimage\"},\"thumbnailUrl\":\"https:\\\/\\\/pellervo.fi\\\/wp-content\\\/uploads\\\/2022\\\/12\\\/Kokouskuva-vltk-091222.jpg\",\"keywords\":[\"Pellervon hallinto\",\"valtuuskunta\"],\"articleSection\":[\"J\u00e4rjest\u00f6\"],\"inLanguage\":\"sv-SE\"},{\"@type\":\"WebPage\",\"@id\":\"https:\\\/\\\/pellervo.fi\\\/jarjesto\\\/2022\\\/12\\\/09\\\/annukka-nikola-ja-juha-kivela-uusina-pellervon-hallitukseen\\\/\",\"url\":\"https:\\\/\\\/pellervo.fi\\\/jarjesto\\\/2022\\\/12\\\/09\\\/annukka-nikola-ja-juha-kivela-uusina-pellervon-hallitukseen\\\/\",\"name\":\"Pellervon valtuuskunta koolla: Annukka Nikola ja Juha Kivel\u00e4 uusina hallitukseen - Pellervo\",\"isPartOf\":{\"@id\":\"https:\\\/\\\/pellervo.fi\\\/#website\"},\"primaryImageOfPage\":{\"@id\":\"https:\\\/\\\/pellervo.fi\\\/jarjesto\\\/2022\\\/12\\\/09\\\/annukka-nikola-ja-juha-kivela-uusina-pellervon-hallitukseen\\\/#primaryimage\"},\"image\":{\"@id\":\"https:\\\/\\\/pellervo.fi\\\/jarjesto\\\/2022\\\/12\\\/09\\\/annukka-nikola-ja-juha-kivela-uusina-pellervon-hallitukseen\\\/#primaryimage\"},\"thumbnailUrl\":\"https:\\\/\\\/pellervo.fi\\\/wp-content\\\/uploads\\\/2022\\\/12\\\/Kokouskuva-vltk-091222.jpg\",\"datePublished\":\"2022-12-09T12:08:05+00:00\",\"dateModified\":\"2022-12-20T12:04:49+00:00\",\"breadcrumb\":{\"@id\":\"https:\\\/\\\/pellervo.fi\\\/jarjesto\\\/2022\\\/12\\\/09\\\/annukka-nikola-ja-juha-kivela-uusina-pellervon-hallitukseen\\\/#breadcrumb\"},\"inLanguage\":\"sv-SE\",\"potentialAction\":[{\"@type\":\"ReadAction\",\"target\":[\"https:\\\/\\\/pellervo.fi\\\/jarjesto\\\/2022\\\/12\\\/09\\\/annukka-nikola-ja-juha-kivela-uusina-pellervon-hallitukseen\\\/\"]}]},{\"@type\":\"ImageObject\",\"inLanguage\":\"sv-SE\",\"@id\":\"https:\\\/\\\/pellervo.fi\\\/jarjesto\\\/2022\\\/12\\\/09\\\/annukka-nikola-ja-juha-kivela-uusina-pellervon-hallitukseen\\\/#primaryimage\",\"url\":\"https:\\\/\\\/pellervo.fi\\\/wp-content\\\/uploads\\\/2022\\\/12\\\/Kokouskuva-vltk-091222.jpg\",\"contentUrl\":\"https:\\\/\\\/pellervo.fi\\\/wp-content\\\/uploads\\\/2022\\\/12\\\/Kokouskuva-vltk-091222.jpg\",\"width\":2016,\"height\":1512},{\"@type\":\"BreadcrumbList\",\"@id\":\"https:\\\/\\\/pellervo.fi\\\/jarjesto\\\/2022\\\/12\\\/09\\\/annukka-nikola-ja-juha-kivela-uusina-pellervon-hallitukseen\\\/#breadcrumb\",\"itemListElement\":[{\"@type\":\"ListItem\",\"position\":1,\"name\":\"Koti\",\"item\":\"https:\\\/\\\/pellervo.fi\\\/sv\\\/\"},{\"@type\":\"ListItem\",\"position\":2,\"name\":\"Pellervon valtuuskunta koolla: Annukka Nikola ja Juha Kivel\u00e4 uusina hallitukseen\"}]},{\"@type\":\"WebSite\",\"@id\":\"https:\\\/\\\/pellervo.fi\\\/#website\",\"url\":\"https:\\\/\\\/pellervo.fi\\\/\",\"name\":\"Pellervo\",\"description\":\"Osuuskuntien keskusj\u00e4rjest\u00f6\",\"publisher\":{\"@id\":\"https:\\\/\\\/pellervo.fi\\\/#organization\"},\"potentialAction\":[{\"@type\":\"SearchAction\",\"target\":{\"@type\":\"EntryPoint\",\"urlTemplate\":\"https:\\\/\\\/pellervo.fi\\\/?s={search_term_string}\"},\"query-input\":{\"@type\":\"PropertyValueSpecification\",\"valueRequired\":true,\"valueName\":\"search_term_string\"}}],\"inLanguage\":\"sv-SE\"},{\"@type\":\"Organization\",\"@id\":\"https:\\\/\\\/pellervo.fi\\\/#organization\",\"name\":\"Osuustoimintakeskus Pellervo ry\",\"url\":\"https:\\\/\\\/pellervo.fi\\\/\",\"logo\":{\"@type\":\"ImageObject\",\"inLanguage\":\"sv-SE\",\"@id\":\"https:\\\/\\\/pellervo.fi\\\/#\\\/schema\\\/logo\\\/image\\\/\",\"url\":\"https:\\\/\\\/pellervo.fi\\\/wp-content\\\/uploads\\\/2020\\\/05\\\/Pellervo_logo.png\",\"contentUrl\":\"https:\\\/\\\/pellervo.fi\\\/wp-content\\\/uploads\\\/2020\\\/05\\\/Pellervo_logo.png\",\"width\":1335,\"height\":376,\"caption\":\"Osuustoimintakeskus Pellervo ry\"},\"image\":{\"@id\":\"https:\\\/\\\/pellervo.fi\\\/#\\\/schema\\\/logo\\\/image\\\/\"},\"sameAs\":[\"https:\\\/\\\/x.com\\\/PellervoFi\"]},{\"@type\":\"Person\",\"@id\":\"https:\\\/\\\/pellervo.fi\\\/#\\\/schema\\\/person\\\/4b74d40956937d1367ade81899997e71\",\"name\":\"pellervo\",\"image\":{\"@type\":\"ImageObject\",\"inLanguage\":\"sv-SE\",\"@id\":\"https:\\\/\\\/pellervo.fi\\\/wp-content\\\/uploads\\\/2013\\\/11\\\/pellervo_avatar_1384522134-96x96.jpg\",\"url\":\"https:\\\/\\\/pellervo.fi\\\/wp-content\\\/uploads\\\/2013\\\/11\\\/pellervo_avatar_1384522134-96x96.jpg\",\"contentUrl\":\"https:\\\/\\\/pellervo.fi\\\/wp-content\\\/uploads\\\/2013\\\/11\\\/pellervo_avatar_1384522134-96x96.jpg\",\"caption\":\"pellervo\"},\"description\":\"Kuvaus\",\"url\":\"https:\\\/\\\/pellervo.fi\\\/sv\\\/author\\\/pellervo\\\/\"}]}<\/script>\n<!-- \/ Yoast SEO plugin. -->","yoast_head_json":{"title":"Pellervon valtuuskunta koolla: Annukka Nikola ja Juha Kivel\u00e4 uusina hallitukseen - Pellervo","robots":{"index":"index","follow":"follow","max-snippet":"max-snippet:-1","max-image-preview":"max-image-preview:large","max-video-preview":"max-video-preview:-1"},"canonical":"https:\/\/pellervo.fi\/jarjesto\/2022\/12\/09\/annukka-nikola-ja-juha-kivela-uusina-pellervon-hallitukseen\/","og_locale":"sv_SE","og_type":"article","og_title":"Pellervon valtuuskunta koolla: Annukka Nikola ja Juha Kivel\u00e4 uusina hallitukseen - Pellervo","og_description":"Pellervon valtuuskunta kokoontui Helsinkiin 8.-9. joulukuuta. Iltakoulussa torstaina keskusteltiin vapaamuotoisesti j\u00e4rjest\u00f6n strategiasta eli Pellervon tavoitteista osuustoiminnan keskusj\u00e4rjest\u00f6n\u00e4, sen j\u00e4seni\u00e4 yhdist\u00e4vist\u00e4 tekij\u00f6ist\u00e4 ja Pellervon arvoista.&nbsp; Varsinainen kokous k\u00e4ytiin perjantaina aamulla, ja sen asialistalla oli muun muassa uusien hallituksenj\u00e4senten nimitt\u00e4minen erovuoroisten tilalle. Uusina mukaan valittiin OP Osuuskunnan hallintoneuvoston ja OP Uusimaan hallituksen puheenjohtaja Annukka Nikola Kirkkonummelta ja","og_url":"https:\/\/pellervo.fi\/jarjesto\/2022\/12\/09\/annukka-nikola-ja-juha-kivela-uusina-pellervon-hallitukseen\/","og_site_name":"Pellervo","article_published_time":"2022-12-09T12:08:05+00:00","article_modified_time":"2022-12-20T12:04:49+00:00","og_image":[{"width":2016,"height":1512,"url":"https:\/\/pellervo.fi\/wp-content\/uploads\/2022\/12\/Kokouskuva-vltk-091222.jpg","type":"image\/jpeg"}],"author":"pellervo","twitter_card":"summary_large_image","twitter_creator":"@PellervoFi","twitter_site":"@PellervoFi","twitter_misc":{"Skriven av":"pellervo","Ber\u00e4knad l\u00e4stid":"1 minut"},"schema":{"@context":"https:\/\/schema.org","@graph":[{"@type":"Article","@id":"https:\/\/pellervo.fi\/jarjesto\/2022\/12\/09\/annukka-nikola-ja-juha-kivela-uusina-pellervon-hallitukseen\/#article","isPartOf":{"@id":"https:\/\/pellervo.fi\/jarjesto\/2022\/12\/09\/annukka-nikola-ja-juha-kivela-uusina-pellervon-hallitukseen\/"},"author":{"name":"pellervo","@id":"https:\/\/pellervo.fi\/#\/schema\/person\/4b74d40956937d1367ade81899997e71"},"headline":"Pellervon valtuuskunta koolla: Annukka Nikola ja Juha Kivel\u00e4 uusina hallitukseen","datePublished":"2022-12-09T12:08:05+00:00","dateModified":"2022-12-20T12:04:49+00:00","mainEntityOfPage":{"@id":"https:\/\/pellervo.fi\/jarjesto\/2022\/12\/09\/annukka-nikola-ja-juha-kivela-uusina-pellervon-hallitukseen\/"},"wordCount":158,"publisher":{"@id":"https:\/\/pellervo.fi\/#organization"},"image":{"@id":"https:\/\/pellervo.fi\/jarjesto\/2022\/12\/09\/annukka-nikola-ja-juha-kivela-uusina-pellervon-hallitukseen\/#primaryimage"},"thumbnailUrl":"https:\/\/pellervo.fi\/wp-content\/uploads\/2022\/12\/Kokouskuva-vltk-091222.jpg","keywords":["Pellervon hallinto","valtuuskunta"],"articleSection":["J\u00e4rjest\u00f6"],"inLanguage":"sv-SE"},{"@type":"WebPage","@id":"https:\/\/pellervo.fi\/jarjesto\/2022\/12\/09\/annukka-nikola-ja-juha-kivela-uusina-pellervon-hallitukseen\/","url":"https:\/\/pellervo.fi\/jarjesto\/2022\/12\/09\/annukka-nikola-ja-juha-kivela-uusina-pellervon-hallitukseen\/","name":"Pellervon valtuuskunta koolla: Annukka Nikola ja Juha Kivel\u00e4 uusina hallitukseen - Pellervo","isPartOf":{"@id":"https:\/\/pellervo.fi\/#website"},"primaryImageOfPage":{"@id":"https:\/\/pellervo.fi\/jarjesto\/2022\/12\/09\/annukka-nikola-ja-juha-kivela-uusina-pellervon-hallitukseen\/#primaryimage"},"image":{"@id":"https:\/\/pellervo.fi\/jarjesto\/2022\/12\/09\/annukka-nikola-ja-juha-kivela-uusina-pellervon-hallitukseen\/#primaryimage"},"thumbnailUrl":"https:\/\/pellervo.fi\/wp-content\/uploads\/2022\/12\/Kokouskuva-vltk-091222.jpg","datePublished":"2022-12-09T12:08:05+00:00","dateModified":"2022-12-20T12:04:49+00:00","breadcrumb":{"@id":"https:\/\/pellervo.fi\/jarjesto\/2022\/12\/09\/annukka-nikola-ja-juha-kivela-uusina-pellervon-hallitukseen\/#breadcrumb"},"inLanguage":"sv-SE","potentialAction":[{"@type":"ReadAction","target":["https:\/\/pellervo.fi\/jarjesto\/2022\/12\/09\/annukka-nikola-ja-juha-kivela-uusina-pellervon-hallitukseen\/"]}]},{"@type":"ImageObject","inLanguage":"sv-SE","@id":"https:\/\/pellervo.fi\/jarjesto\/2022\/12\/09\/annukka-nikola-ja-juha-kivela-uusina-pellervon-hallitukseen\/#primaryimage","url":"https:\/\/pellervo.fi\/wp-content\/uploads\/2022\/12\/Kokouskuva-vltk-091222.jpg","contentUrl":"https:\/\/pellervo.fi\/wp-content\/uploads\/2022\/12\/Kokouskuva-vltk-091222.jpg","width":2016,"height":1512},{"@type":"BreadcrumbList","@id":"https:\/\/pellervo.fi\/jarjesto\/2022\/12\/09\/annukka-nikola-ja-juha-kivela-uusina-pellervon-hallitukseen\/#breadcrumb","itemListElement":[{"@type":"ListItem","position":1,"name":"Koti","item":"https:\/\/pellervo.fi\/sv\/"},{"@type":"ListItem","position":2,"name":"Pellervon valtuuskunta koolla: Annukka Nikola ja Juha Kivel\u00e4 uusina hallitukseen"}]},{"@type":"WebSite","@id":"https:\/\/pellervo.fi\/#website","url":"https:\/\/pellervo.fi\/","name":"Pellervo","description":"Osuuskuntien keskusj\u00e4rjest\u00f6","publisher":{"@id":"https:\/\/pellervo.fi\/#organization"},"potentialAction":[{"@type":"SearchAction","target":{"@type":"EntryPoint","urlTemplate":"https:\/\/pellervo.fi\/?s={search_term_string}"},"query-input":{"@type":"PropertyValueSpecification","valueRequired":true,"valueName":"search_term_string"}}],"inLanguage":"sv-SE"},{"@type":"Organization","@id":"https:\/\/pellervo.fi\/#organization","name":"Osuustoimintakeskus Pellervo ry","url":"https:\/\/pellervo.fi\/","logo":{"@type":"ImageObject","inLanguage":"sv-SE","@id":"https:\/\/pellervo.fi\/#\/schema\/logo\/image\/","url":"https:\/\/pellervo.fi\/wp-content\/uploads\/2020\/05\/Pellervo_logo.png","contentUrl":"https:\/\/pellervo.fi\/wp-content\/uploads\/2020\/05\/Pellervo_logo.png","width":1335,"height":376,"caption":"Osuustoimintakeskus Pellervo ry"},"image":{"@id":"https:\/\/pellervo.fi\/#\/schema\/logo\/image\/"},"sameAs":["https:\/\/x.com\/PellervoFi"]},{"@type":"Person","@id":"https:\/\/pellervo.fi\/#\/schema\/person\/4b74d40956937d1367ade81899997e71","name":"pellervo","image":{"@type":"ImageObject","inLanguage":"sv-SE","@id":"https:\/\/pellervo.fi\/wp-content\/uploads\/2013\/11\/pellervo_avatar_1384522134-96x96.jpg","url":"https:\/\/pellervo.fi\/wp-content\/uploads\/2013\/11\/pellervo_avatar_1384522134-96x96.jpg","contentUrl":"https:\/\/pellervo.fi\/wp-content\/uploads\/2013\/11\/pellervo_avatar_1384522134-96x96.jpg","caption":"pellervo"},"description":"Kuvaus","url":"https:\/\/pellervo.fi\/sv\/author\/pellervo\/"}]}},"_links":{"self":[{"href":"https:\/\/pellervo.fi\/sv\/wp-json\/wp\/v2\/posts\/894504","targetHints":{"allow":["GET"]}}],"collection":[{"href":"https:\/\/pellervo.fi\/sv\/wp-json\/wp\/v2\/posts"}],"about":[{"href":"https:\/\/pellervo.fi\/sv\/wp-json\/wp\/v2\/types\/post"}],"author":[{"embeddable":true,"href":"https:\/\/pellervo.fi\/sv\/wp-json\/wp\/v2\/users\/5"}],"replies":[{"embeddable":true,"href":"https:\/\/pellervo.fi\/sv\/wp-json\/wp\/v2\/comments?post=894504"}],"version-history":[{"count":9,"href":"https:\/\/pellervo.fi\/sv\/wp-json\/wp\/v2\/posts\/894504\/revisions"}],"predecessor-version":[{"id":894579,"href":"https:\/\/pellervo.fi\/sv\/wp-json\/wp\/v2\/posts\/894504\/revisions\/894579"}],"wp:featuredmedia":[{"embeddable":true,"href":"https:\/\/pellervo.fi\/sv\/wp-json\/wp\/v2\/media\/894511"}],"wp:attachment":[{"href":"https:\/\/pellervo.fi\/sv\/wp-json\/wp\/v2\/media?parent=894504"}],"wp:term":[{"taxonomy":"category","embeddable":true,"href":"https:\/\/pellervo.fi\/sv\/wp-json\/wp\/v2\/categories?post=894504"},{"taxonomy":"post_tag","embeddable":true,"href":"https:\/\/pellervo.fi\/sv\/wp-json\/wp\/v2\/tags?post=894504"}],"curies":[{"name":"wp","href":"https:\/\/api.w.org\/{rel}","templated":true}]}}