{"id":894538,"date":"2022-12-13T14:52:34","date_gmt":"2022-12-13T12:52:34","guid":{"rendered":"https:\/\/pellervo.fi\/?p=894538"},"modified":"2022-12-13T14:52:36","modified_gmt":"2022-12-13T12:52:36","slug":"s-ryhma-rakentaa-uuden-tuulipuiston-investoinnin-myota-omalla-uusiutuvalla-katetaan-kaupparyhman-koko-sahkonkulutus","status":"publish","type":"post","link":"https:\/\/pellervo.fi\/sv\/vastuullisuus\/2022\/12\/13\/s-ryhma-rakentaa-uuden-tuulipuiston-investoinnin-myota-omalla-uusiutuvalla-katetaan-kaupparyhman-koko-sahkonkulutus\/","title":{"rendered":"S-ryhm\u00e4 rakentaa uuden tuulipuiston \u2013 investoinnin my\u00f6t\u00e4 omalla uusiutuvalla katetaan kaupparyhm\u00e4n koko s\u00e4hk\u00f6nkulutus"},"content":{"rendered":"\n\n\n<p><strong>S-ryhm\u00e4 rakentaa uuden tuulipuiston Eurajoelle Luvialle ja investoi Suomen uusiutuvaan s\u00e4hk\u00f6ntuotantoon. Tuulipuiston valmistumisen j\u00e4lkeen S-ryhm\u00e4n oma uusiutuvan energian tuotanto vastaa koko kaupparyhm\u00e4n s\u00e4hk\u00f6nkulutusta<\/strong>.<\/p>\n<p>Rakenteilla olevaan tuulipuistoon tulee 13 tuulivoimalaa, joiden on m\u00e4\u00e4r\u00e4 olla tuotantokunnossa vuoden 2025 alussa. Puiston tuottama s\u00e4hk\u00f6 kattaa noin 20 prosenttia kaupparyhm\u00e4n s\u00e4hk\u00f6nk\u00e4yt\u00f6st\u00e4, mit\u00e4 voi verrata yli 300 S-marketin vuosittaiseen s\u00e4hk\u00f6nkulutukseen.<\/p>\n<p>Luvian tuulipuistoa rakennetaan vaiheittain ja samalla alueella selvitet\u00e4\u00e4n my\u00f6s mahdollisuutta teollisen mittakaavan aurinkos\u00e4hk\u00f6n tuotantoon, jolloin aurinkos\u00e4hk\u00f6\u00e4 voitaisiin siirt\u00e4\u00e4 samaa infrastruktuuria hy\u00f6dynt\u00e4m\u00e4ll\u00e4 muualle k\u00e4ytett\u00e4v\u00e4ksi.<\/p>\n<p>\u201dMeille on t\u00e4rke\u00e4\u00e4, ett\u00e4 l\u00e4hes parintuhannen toimipaikkamme ja maan kattavan s\u00e4hk\u00f6autojen latausverkostomme s\u00e4hk\u00f6 on tuotettu kest\u00e4v\u00e4sti sek\u00e4 ymp\u00e4rist\u00f6n kannalta ett\u00e4 omavaraisuuden n\u00e4k\u00f6kulmasta\u201d, sanoo toimitusjohtaja <strong>Mikko Halonen<\/strong> S-Voimasta.<\/p>\n<p>\u201dOsuuskaupat ovat tehneet merkitt\u00e4vi\u00e4 investointeja Suomen s\u00e4hk\u00f6ntuotantoon viime vuosina. Satsaukset oman uusiutuvan energiantuotannon lis\u00e4\u00e4miseen ovat t\u00e4rkeit\u00e4 erityisesti energiakriisin my\u00f6t\u00e4. T\u00e4m\u00e4 hanke oli t\u00e4rke\u00e4 saattaa loppuun, vaikka taloustilanne on tiukentunut ja tuotantokustannukset muuttuneet\u201d, jatkaa Halonen.<\/p>\n<p><strong>S-ryhm\u00e4 on investoinut l\u00e4hes miljardi euroa tuulivoimaan kuluneen vuosikymmenen aikana<\/strong><\/p>\n<p>Tuulipuiston rakentaminen on S-ryhm\u00e4lle noin 100 miljoonan euron investointi, josta noin 20 prosenttia k\u00e4ytet\u00e4\u00e4n alueen infrastruktuurin rakentamiseen, kuten tie- ja kaapeliverkostoon. Alueen infrastruktuurin rakentaminen ty\u00f6llist\u00e4\u00e4 paikallisesti kymmeni\u00e4 henkil\u00f6it\u00e4. Tuulivoimaloiden asennust\u00f6ist\u00e4 vastaa tuulivoimayhti\u00f6 Vestas.<\/p>\n<p>S-ryhm\u00e4 on investoinut l\u00e4hes miljardi euroa tuulivoimaan kuluneen kymmenen vuoden aikana. Uusi tuulipuisto on jatkumoa osuuskauppojen pitk\u00e4j\u00e4nteisille investoinneille oman uusiutuvan energian lis\u00e4\u00e4miseksi.<\/p>\n<p>S-ryhm\u00e4n s\u00e4hk\u00f6nkulutuksesta jo nyt yli 80 prosenttia tuotetaan omalla tuulivoimalla. Edellinen tuulivoimainvestointi on Simon Sarvisuolla oleva 27 suurvoimalan tuulipuisto, joka yksist\u00e4\u00e4n tuottaa noin puolet kaupparyhm\u00e4n s\u00e4hk\u00f6ntuotannosta. Lis\u00e4ksi yli 100\u00a0000 aurinkopaneelia tuottaa viitisen prosenttia s\u00e4hk\u00f6ntarpeesta paikallisesti. Uuden tuulipuiston valmistuttua omalla uusiutuvalla energialla tuotettu s\u00e4hk\u00f6 vastaa kaupparyhm\u00e4n s\u00e4hk\u00f6nkulutusta.<\/p>\n<p>Investoinnit ovat my\u00f6s osa kunnianhimoisia ilmastotavoitteita. S-ryhm\u00e4 aikoo olla oman toimintansa osalta hiilinegatiivinen vuonna 2025, eli silloin se sitoo ilmasta hiilt\u00e4 enemm\u00e4n kuin sit\u00e4 sinne tuottaa. S-ryhm\u00e4n tavoitteena on pudottaa ilmastop\u00e4\u00e4st\u00f6jens\u00e4 m\u00e4\u00e4r\u00e4\u00e4 90 prosenttia vuoden 2015 tasosta vuoden 2030 loppuun menness\u00e4.<\/p>\n<p>S-ryhm\u00e4n s\u00e4hk\u00f6nhankinnasta vastaa S-Voima Oy, jonka omistavat SOK ja osuuskaupat yhdess\u00e4.<\/p>\n","protected":false},"excerpt":{"rendered":"<p>S-ryhm\u00e4 rakentaa uuden tuulipuiston Eurajoelle Luvialle ja investoi Suomen uusiutuvaan s\u00e4hk\u00f6ntuotantoon.<br \/>\nRakenteilla olevaan tuulipuistoon tulee 13 tuulivoimalaa, joiden on m\u00e4\u00e4r\u00e4 olla tuotantokunnossa vuoden 2025 alussa. Puiston tuottama s\u00e4hk\u00f6 kattaa noin 20 prosenttia kaupparyhm\u00e4n s\u00e4hk\u00f6nk\u00e4yt\u00f6st\u00e4.<\/p>\n","protected":false},"author":6,"featured_media":894539,"comment_status":"closed","ping_status":"closed","sticky":false,"template":"","format":"standard","meta":{"inline_featured_image":false,"_monsterinsights_skip_tracking":false,"_monsterinsights_sitenote_active":false,"_monsterinsights_sitenote_note":"","_monsterinsights_sitenote_category":0,"site-sidebar-layout":"default","site-content-layout":"","ast-site-content-layout":"default","site-content-style":"default","site-sidebar-style":"default","ast-global-header-display":"","ast-banner-title-visibility":"","ast-main-header-display":"","ast-hfb-above-header-display":"","ast-hfb-below-header-display":"","ast-hfb-mobile-header-display":"","site-post-title":"","ast-breadcrumbs-content":"","ast-featured-img":"","footer-sml-layout":"","ast-disable-related-posts":"","theme-transparent-header-meta":"","adv-header-id-meta":"","stick-header-meta":"","header-above-stick-meta":"","header-main-stick-meta":"","header-below-stick-meta":"","astra-migrate-meta-layouts":"default","ast-page-background-enabled":"default","ast-page-background-meta":{"desktop":{"background-color":"","background-image":"","background-repeat":"repeat","background-position":"center center","background-size":"auto","background-attachment":"scroll","background-type":"","background-media":"","overlay-type":"","overlay-color":"","overlay-opacity":"","overlay-gradient":""},"tablet":{"background-color":"","background-image":"","background-repeat":"repeat","background-position":"center center","background-size":"auto","background-attachment":"scroll","background-type":"","background-media":"","overlay-type":"","overlay-color":"","overlay-opacity":"","overlay-gradient":""},"mobile":{"background-color":"","background-image":"","background-repeat":"repeat","background-position":"center center","background-size":"auto","background-attachment":"scroll","background-type":"","background-media":"","overlay-type":"","overlay-color":"","overlay-opacity":"","overlay-gradient":""}},"ast-content-background-meta":{"desktop":{"background-color":"var(--ast-global-color-5)","background-image":"","background-repeat":"repeat","background-position":"center center","background-size":"auto","background-attachment":"scroll","background-type":"","background-media":"","overlay-type":"","overlay-color":"","overlay-opacity":"","overlay-gradient":""},"tablet":{"background-color":"var(--ast-global-color-5)","background-image":"","background-repeat":"repeat","background-position":"center center","background-size":"auto","background-attachment":"scroll","background-type":"","background-media":"","overlay-type":"","overlay-color":"","overlay-opacity":"","overlay-gradient":""},"mobile":{"background-color":"var(--ast-global-color-5)","background-image":"","background-repeat":"repeat","background-position":"center center","background-size":"auto","background-attachment":"scroll","background-type":"","background-media":"","overlay-type":"","overlay-color":"","overlay-opacity":"","overlay-gradient":""}},"_FSMCFIC_featured_image_caption":"","_FSMCFIC_featured_image_nocaption":"","_FSMCFIC_featured_image_hide":"","footnotes":""},"categories":[224],"tags":[],"class_list":["post-894538","post","type-post","status-publish","format-standard","has-post-thumbnail","hentry","category-vastuullisuus"],"yoast_head":"<!-- This site is optimized with the Yoast SEO plugin v27.4 - https:\/\/yoast.com\/product\/yoast-seo-wordpress\/ -->\n<title>S-ryhm\u00e4 rakentaa uuden tuulipuiston \u2013 investoinnin my\u00f6t\u00e4 omalla uusiutuvalla katetaan kaupparyhm\u00e4n koko s\u00e4hk\u00f6nkulutus - Pellervo<\/title>\n<meta name=\"robots\" content=\"index, follow, max-snippet:-1, max-image-preview:large, max-video-preview:-1\" \/>\n<link rel=\"canonical\" href=\"https:\/\/pellervo.fi\/vastuullisuus\/2022\/12\/13\/s-ryhma-rakentaa-uuden-tuulipuiston-investoinnin-myota-omalla-uusiutuvalla-katetaan-kaupparyhman-koko-sahkonkulutus\/\" \/>\n<meta property=\"og:locale\" content=\"sv_SE\" \/>\n<meta property=\"og:type\" content=\"article\" \/>\n<meta property=\"og:title\" content=\"S-ryhm\u00e4 rakentaa uuden tuulipuiston \u2013 investoinnin my\u00f6t\u00e4 omalla uusiutuvalla katetaan kaupparyhm\u00e4n koko s\u00e4hk\u00f6nkulutus - Pellervo\" \/>\n<meta property=\"og:description\" content=\"S-ryhm\u00e4 rakentaa uuden tuulipuiston Eurajoelle Luvialle ja investoi Suomen uusiutuvaan s\u00e4hk\u00f6ntuotantoon. Rakenteilla olevaan tuulipuistoon tulee 13 tuulivoimalaa, joiden on m\u00e4\u00e4r\u00e4 olla tuotantokunnossa vuoden 2025 alussa. Puiston tuottama s\u00e4hk\u00f6 kattaa noin 20 prosenttia kaupparyhm\u00e4n s\u00e4hk\u00f6nk\u00e4yt\u00f6st\u00e4.\" \/>\n<meta property=\"og:url\" content=\"https:\/\/pellervo.fi\/vastuullisuus\/2022\/12\/13\/s-ryhma-rakentaa-uuden-tuulipuiston-investoinnin-myota-omalla-uusiutuvalla-katetaan-kaupparyhman-koko-sahkonkulutus\/\" \/>\n<meta property=\"og:site_name\" content=\"Pellervo\" \/>\n<meta property=\"article:published_time\" content=\"2022-12-13T12:52:34+00:00\" \/>\n<meta property=\"article:modified_time\" content=\"2022-12-13T12:52:36+00:00\" \/>\n<meta property=\"og:image\" content=\"https:\/\/pellervo.fi\/wp-content\/uploads\/2022\/12\/S-ryhma_tuulivoima_.jpg\" \/>\n\t<meta property=\"og:image:width\" content=\"2500\" \/>\n\t<meta property=\"og:image:height\" content=\"1875\" \/>\n\t<meta property=\"og:image:type\" content=\"image\/jpeg\" \/>\n<meta name=\"author\" content=\"Hanna Muukka\" \/>\n<meta name=\"twitter:card\" content=\"summary_large_image\" \/>\n<meta name=\"twitter:creator\" content=\"@PellervoFi\" \/>\n<meta name=\"twitter:site\" content=\"@PellervoFi\" \/>\n<meta name=\"twitter:label1\" content=\"Skriven av\" \/>\n\t<meta name=\"twitter:data1\" content=\"Hanna Muukka\" \/>\n\t<meta name=\"twitter:label2\" content=\"Ber\u00e4knad l\u00e4stid\" \/>\n\t<meta name=\"twitter:data2\" content=\"2 minuter\" \/>\n<script type=\"application\/ld+json\" class=\"yoast-schema-graph\">{\"@context\":\"https:\\\/\\\/schema.org\",\"@graph\":[{\"@type\":\"Article\",\"@id\":\"https:\\\/\\\/pellervo.fi\\\/vastuullisuus\\\/2022\\\/12\\\/13\\\/s-ryhma-rakentaa-uuden-tuulipuiston-investoinnin-myota-omalla-uusiutuvalla-katetaan-kaupparyhman-koko-sahkonkulutus\\\/#article\",\"isPartOf\":{\"@id\":\"https:\\\/\\\/pellervo.fi\\\/vastuullisuus\\\/2022\\\/12\\\/13\\\/s-ryhma-rakentaa-uuden-tuulipuiston-investoinnin-myota-omalla-uusiutuvalla-katetaan-kaupparyhman-koko-sahkonkulutus\\\/\"},\"author\":{\"name\":\"Hanna Muukka\",\"@id\":\"https:\\\/\\\/pellervo.fi\\\/#\\\/schema\\\/person\\\/f001b7c670bab10e5236b09672d9e6a3\"},\"headline\":\"S-ryhm\u00e4 rakentaa uuden tuulipuiston \u2013 investoinnin my\u00f6t\u00e4 omalla uusiutuvalla katetaan kaupparyhm\u00e4n koko s\u00e4hk\u00f6nkulutus\",\"datePublished\":\"2022-12-13T12:52:34+00:00\",\"dateModified\":\"2022-12-13T12:52:36+00:00\",\"mainEntityOfPage\":{\"@id\":\"https:\\\/\\\/pellervo.fi\\\/vastuullisuus\\\/2022\\\/12\\\/13\\\/s-ryhma-rakentaa-uuden-tuulipuiston-investoinnin-myota-omalla-uusiutuvalla-katetaan-kaupparyhman-koko-sahkonkulutus\\\/\"},\"wordCount\":384,\"publisher\":{\"@id\":\"https:\\\/\\\/pellervo.fi\\\/#organization\"},\"image\":{\"@id\":\"https:\\\/\\\/pellervo.fi\\\/vastuullisuus\\\/2022\\\/12\\\/13\\\/s-ryhma-rakentaa-uuden-tuulipuiston-investoinnin-myota-omalla-uusiutuvalla-katetaan-kaupparyhman-koko-sahkonkulutus\\\/#primaryimage\"},\"thumbnailUrl\":\"https:\\\/\\\/pellervo.fi\\\/wp-content\\\/uploads\\\/2022\\\/12\\\/S-ryhma_tuulivoima_.jpg\",\"articleSection\":[\"Vastuullisuus\"],\"inLanguage\":\"sv-SE\"},{\"@type\":\"WebPage\",\"@id\":\"https:\\\/\\\/pellervo.fi\\\/vastuullisuus\\\/2022\\\/12\\\/13\\\/s-ryhma-rakentaa-uuden-tuulipuiston-investoinnin-myota-omalla-uusiutuvalla-katetaan-kaupparyhman-koko-sahkonkulutus\\\/\",\"url\":\"https:\\\/\\\/pellervo.fi\\\/vastuullisuus\\\/2022\\\/12\\\/13\\\/s-ryhma-rakentaa-uuden-tuulipuiston-investoinnin-myota-omalla-uusiutuvalla-katetaan-kaupparyhman-koko-sahkonkulutus\\\/\",\"name\":\"S-ryhm\u00e4 rakentaa uuden tuulipuiston \u2013 investoinnin my\u00f6t\u00e4 omalla uusiutuvalla katetaan kaupparyhm\u00e4n koko s\u00e4hk\u00f6nkulutus - Pellervo\",\"isPartOf\":{\"@id\":\"https:\\\/\\\/pellervo.fi\\\/#website\"},\"primaryImageOfPage\":{\"@id\":\"https:\\\/\\\/pellervo.fi\\\/vastuullisuus\\\/2022\\\/12\\\/13\\\/s-ryhma-rakentaa-uuden-tuulipuiston-investoinnin-myota-omalla-uusiutuvalla-katetaan-kaupparyhman-koko-sahkonkulutus\\\/#primaryimage\"},\"image\":{\"@id\":\"https:\\\/\\\/pellervo.fi\\\/vastuullisuus\\\/2022\\\/12\\\/13\\\/s-ryhma-rakentaa-uuden-tuulipuiston-investoinnin-myota-omalla-uusiutuvalla-katetaan-kaupparyhman-koko-sahkonkulutus\\\/#primaryimage\"},\"thumbnailUrl\":\"https:\\\/\\\/pellervo.fi\\\/wp-content\\\/uploads\\\/2022\\\/12\\\/S-ryhma_tuulivoima_.jpg\",\"datePublished\":\"2022-12-13T12:52:34+00:00\",\"dateModified\":\"2022-12-13T12:52:36+00:00\",\"breadcrumb\":{\"@id\":\"https:\\\/\\\/pellervo.fi\\\/vastuullisuus\\\/2022\\\/12\\\/13\\\/s-ryhma-rakentaa-uuden-tuulipuiston-investoinnin-myota-omalla-uusiutuvalla-katetaan-kaupparyhman-koko-sahkonkulutus\\\/#breadcrumb\"},\"inLanguage\":\"sv-SE\",\"potentialAction\":[{\"@type\":\"ReadAction\",\"target\":[\"https:\\\/\\\/pellervo.fi\\\/vastuullisuus\\\/2022\\\/12\\\/13\\\/s-ryhma-rakentaa-uuden-tuulipuiston-investoinnin-myota-omalla-uusiutuvalla-katetaan-kaupparyhman-koko-sahkonkulutus\\\/\"]}]},{\"@type\":\"ImageObject\",\"inLanguage\":\"sv-SE\",\"@id\":\"https:\\\/\\\/pellervo.fi\\\/vastuullisuus\\\/2022\\\/12\\\/13\\\/s-ryhma-rakentaa-uuden-tuulipuiston-investoinnin-myota-omalla-uusiutuvalla-katetaan-kaupparyhman-koko-sahkonkulutus\\\/#primaryimage\",\"url\":\"https:\\\/\\\/pellervo.fi\\\/wp-content\\\/uploads\\\/2022\\\/12\\\/S-ryhma_tuulivoima_.jpg\",\"contentUrl\":\"https:\\\/\\\/pellervo.fi\\\/wp-content\\\/uploads\\\/2022\\\/12\\\/S-ryhma_tuulivoima_.jpg\",\"width\":2500,\"height\":1875,\"caption\":\"Kuvat vain viestinn\u00e4lliseen k\u00e4ytt\u00f6\u00f6n. Ei saa k\u00e4ytt\u00e4\u00e4 markkinoinnissa.\"},{\"@type\":\"BreadcrumbList\",\"@id\":\"https:\\\/\\\/pellervo.fi\\\/vastuullisuus\\\/2022\\\/12\\\/13\\\/s-ryhma-rakentaa-uuden-tuulipuiston-investoinnin-myota-omalla-uusiutuvalla-katetaan-kaupparyhman-koko-sahkonkulutus\\\/#breadcrumb\",\"itemListElement\":[{\"@type\":\"ListItem\",\"position\":1,\"name\":\"Koti\",\"item\":\"https:\\\/\\\/pellervo.fi\\\/sv\\\/\"},{\"@type\":\"ListItem\",\"position\":2,\"name\":\"S-ryhm\u00e4 rakentaa uuden tuulipuiston \u2013 investoinnin my\u00f6t\u00e4 omalla uusiutuvalla katetaan kaupparyhm\u00e4n koko s\u00e4hk\u00f6nkulutus\"}]},{\"@type\":\"WebSite\",\"@id\":\"https:\\\/\\\/pellervo.fi\\\/#website\",\"url\":\"https:\\\/\\\/pellervo.fi\\\/\",\"name\":\"Pellervo\",\"description\":\"Osuuskuntien keskusj\u00e4rjest\u00f6\",\"publisher\":{\"@id\":\"https:\\\/\\\/pellervo.fi\\\/#organization\"},\"potentialAction\":[{\"@type\":\"SearchAction\",\"target\":{\"@type\":\"EntryPoint\",\"urlTemplate\":\"https:\\\/\\\/pellervo.fi\\\/?s={search_term_string}\"},\"query-input\":{\"@type\":\"PropertyValueSpecification\",\"valueRequired\":true,\"valueName\":\"search_term_string\"}}],\"inLanguage\":\"sv-SE\"},{\"@type\":\"Organization\",\"@id\":\"https:\\\/\\\/pellervo.fi\\\/#organization\",\"name\":\"Osuustoimintakeskus Pellervo ry\",\"url\":\"https:\\\/\\\/pellervo.fi\\\/\",\"logo\":{\"@type\":\"ImageObject\",\"inLanguage\":\"sv-SE\",\"@id\":\"https:\\\/\\\/pellervo.fi\\\/#\\\/schema\\\/logo\\\/image\\\/\",\"url\":\"https:\\\/\\\/pellervo.fi\\\/wp-content\\\/uploads\\\/2020\\\/05\\\/Pellervo_logo.png\",\"contentUrl\":\"https:\\\/\\\/pellervo.fi\\\/wp-content\\\/uploads\\\/2020\\\/05\\\/Pellervo_logo.png\",\"width\":1335,\"height\":376,\"caption\":\"Osuustoimintakeskus Pellervo ry\"},\"image\":{\"@id\":\"https:\\\/\\\/pellervo.fi\\\/#\\\/schema\\\/logo\\\/image\\\/\"},\"sameAs\":[\"https:\\\/\\\/x.com\\\/PellervoFi\"]},{\"@type\":\"Person\",\"@id\":\"https:\\\/\\\/pellervo.fi\\\/#\\\/schema\\\/person\\\/f001b7c670bab10e5236b09672d9e6a3\",\"name\":\"Hanna Muukka\",\"image\":{\"@type\":\"ImageObject\",\"inLanguage\":\"sv-SE\",\"@id\":\"https:\\\/\\\/pellervo.fi\\\/wp-content\\\/uploads\\\/2014\\\/02\\\/Hanna-Muukka_avatar_1393417732-96x96.jpg\",\"url\":\"https:\\\/\\\/pellervo.fi\\\/wp-content\\\/uploads\\\/2014\\\/02\\\/Hanna-Muukka_avatar_1393417732-96x96.jpg\",\"contentUrl\":\"https:\\\/\\\/pellervo.fi\\\/wp-content\\\/uploads\\\/2014\\\/02\\\/Hanna-Muukka_avatar_1393417732-96x96.jpg\",\"caption\":\"Hanna Muukka\"},\"description\":\"Kirjoittaja ty\u00f6skentelee Osuustoimintakeskus Pellervossa vastuullisuusasiantuntijana.\",\"url\":\"https:\\\/\\\/pellervo.fi\\\/sv\\\/author\\\/hannamuu\\\/\"}]}<\/script>\n<!-- \/ Yoast SEO plugin. -->","yoast_head_json":{"title":"S-ryhm\u00e4 rakentaa uuden tuulipuiston \u2013 investoinnin my\u00f6t\u00e4 omalla uusiutuvalla katetaan kaupparyhm\u00e4n koko s\u00e4hk\u00f6nkulutus - Pellervo","robots":{"index":"index","follow":"follow","max-snippet":"max-snippet:-1","max-image-preview":"max-image-preview:large","max-video-preview":"max-video-preview:-1"},"canonical":"https:\/\/pellervo.fi\/vastuullisuus\/2022\/12\/13\/s-ryhma-rakentaa-uuden-tuulipuiston-investoinnin-myota-omalla-uusiutuvalla-katetaan-kaupparyhman-koko-sahkonkulutus\/","og_locale":"sv_SE","og_type":"article","og_title":"S-ryhm\u00e4 rakentaa uuden tuulipuiston \u2013 investoinnin my\u00f6t\u00e4 omalla uusiutuvalla katetaan kaupparyhm\u00e4n koko s\u00e4hk\u00f6nkulutus - Pellervo","og_description":"S-ryhm\u00e4 rakentaa uuden tuulipuiston Eurajoelle Luvialle ja investoi Suomen uusiutuvaan s\u00e4hk\u00f6ntuotantoon. Rakenteilla olevaan tuulipuistoon tulee 13 tuulivoimalaa, joiden on m\u00e4\u00e4r\u00e4 olla tuotantokunnossa vuoden 2025 alussa. Puiston tuottama s\u00e4hk\u00f6 kattaa noin 20 prosenttia kaupparyhm\u00e4n s\u00e4hk\u00f6nk\u00e4yt\u00f6st\u00e4.","og_url":"https:\/\/pellervo.fi\/vastuullisuus\/2022\/12\/13\/s-ryhma-rakentaa-uuden-tuulipuiston-investoinnin-myota-omalla-uusiutuvalla-katetaan-kaupparyhman-koko-sahkonkulutus\/","og_site_name":"Pellervo","article_published_time":"2022-12-13T12:52:34+00:00","article_modified_time":"2022-12-13T12:52:36+00:00","og_image":[{"width":2500,"height":1875,"url":"https:\/\/pellervo.fi\/wp-content\/uploads\/2022\/12\/S-ryhma_tuulivoima_.jpg","type":"image\/jpeg"}],"author":"Hanna Muukka","twitter_card":"summary_large_image","twitter_creator":"@PellervoFi","twitter_site":"@PellervoFi","twitter_misc":{"Skriven av":"Hanna Muukka","Ber\u00e4knad l\u00e4stid":"2 minuter"},"schema":{"@context":"https:\/\/schema.org","@graph":[{"@type":"Article","@id":"https:\/\/pellervo.fi\/vastuullisuus\/2022\/12\/13\/s-ryhma-rakentaa-uuden-tuulipuiston-investoinnin-myota-omalla-uusiutuvalla-katetaan-kaupparyhman-koko-sahkonkulutus\/#article","isPartOf":{"@id":"https:\/\/pellervo.fi\/vastuullisuus\/2022\/12\/13\/s-ryhma-rakentaa-uuden-tuulipuiston-investoinnin-myota-omalla-uusiutuvalla-katetaan-kaupparyhman-koko-sahkonkulutus\/"},"author":{"name":"Hanna Muukka","@id":"https:\/\/pellervo.fi\/#\/schema\/person\/f001b7c670bab10e5236b09672d9e6a3"},"headline":"S-ryhm\u00e4 rakentaa uuden tuulipuiston \u2013 investoinnin my\u00f6t\u00e4 omalla uusiutuvalla katetaan kaupparyhm\u00e4n koko s\u00e4hk\u00f6nkulutus","datePublished":"2022-12-13T12:52:34+00:00","dateModified":"2022-12-13T12:52:36+00:00","mainEntityOfPage":{"@id":"https:\/\/pellervo.fi\/vastuullisuus\/2022\/12\/13\/s-ryhma-rakentaa-uuden-tuulipuiston-investoinnin-myota-omalla-uusiutuvalla-katetaan-kaupparyhman-koko-sahkonkulutus\/"},"wordCount":384,"publisher":{"@id":"https:\/\/pellervo.fi\/#organization"},"image":{"@id":"https:\/\/pellervo.fi\/vastuullisuus\/2022\/12\/13\/s-ryhma-rakentaa-uuden-tuulipuiston-investoinnin-myota-omalla-uusiutuvalla-katetaan-kaupparyhman-koko-sahkonkulutus\/#primaryimage"},"thumbnailUrl":"https:\/\/pellervo.fi\/wp-content\/uploads\/2022\/12\/S-ryhma_tuulivoima_.jpg","articleSection":["Vastuullisuus"],"inLanguage":"sv-SE"},{"@type":"WebPage","@id":"https:\/\/pellervo.fi\/vastuullisuus\/2022\/12\/13\/s-ryhma-rakentaa-uuden-tuulipuiston-investoinnin-myota-omalla-uusiutuvalla-katetaan-kaupparyhman-koko-sahkonkulutus\/","url":"https:\/\/pellervo.fi\/vastuullisuus\/2022\/12\/13\/s-ryhma-rakentaa-uuden-tuulipuiston-investoinnin-myota-omalla-uusiutuvalla-katetaan-kaupparyhman-koko-sahkonkulutus\/","name":"S-ryhm\u00e4 rakentaa uuden tuulipuiston \u2013 investoinnin my\u00f6t\u00e4 omalla uusiutuvalla katetaan kaupparyhm\u00e4n koko s\u00e4hk\u00f6nkulutus - Pellervo","isPartOf":{"@id":"https:\/\/pellervo.fi\/#website"},"primaryImageOfPage":{"@id":"https:\/\/pellervo.fi\/vastuullisuus\/2022\/12\/13\/s-ryhma-rakentaa-uuden-tuulipuiston-investoinnin-myota-omalla-uusiutuvalla-katetaan-kaupparyhman-koko-sahkonkulutus\/#primaryimage"},"image":{"@id":"https:\/\/pellervo.fi\/vastuullisuus\/2022\/12\/13\/s-ryhma-rakentaa-uuden-tuulipuiston-investoinnin-myota-omalla-uusiutuvalla-katetaan-kaupparyhman-koko-sahkonkulutus\/#primaryimage"},"thumbnailUrl":"https:\/\/pellervo.fi\/wp-content\/uploads\/2022\/12\/S-ryhma_tuulivoima_.jpg","datePublished":"2022-12-13T12:52:34+00:00","dateModified":"2022-12-13T12:52:36+00:00","breadcrumb":{"@id":"https:\/\/pellervo.fi\/vastuullisuus\/2022\/12\/13\/s-ryhma-rakentaa-uuden-tuulipuiston-investoinnin-myota-omalla-uusiutuvalla-katetaan-kaupparyhman-koko-sahkonkulutus\/#breadcrumb"},"inLanguage":"sv-SE","potentialAction":[{"@type":"ReadAction","target":["https:\/\/pellervo.fi\/vastuullisuus\/2022\/12\/13\/s-ryhma-rakentaa-uuden-tuulipuiston-investoinnin-myota-omalla-uusiutuvalla-katetaan-kaupparyhman-koko-sahkonkulutus\/"]}]},{"@type":"ImageObject","inLanguage":"sv-SE","@id":"https:\/\/pellervo.fi\/vastuullisuus\/2022\/12\/13\/s-ryhma-rakentaa-uuden-tuulipuiston-investoinnin-myota-omalla-uusiutuvalla-katetaan-kaupparyhman-koko-sahkonkulutus\/#primaryimage","url":"https:\/\/pellervo.fi\/wp-content\/uploads\/2022\/12\/S-ryhma_tuulivoima_.jpg","contentUrl":"https:\/\/pellervo.fi\/wp-content\/uploads\/2022\/12\/S-ryhma_tuulivoima_.jpg","width":2500,"height":1875,"caption":"Kuvat vain viestinn\u00e4lliseen k\u00e4ytt\u00f6\u00f6n. Ei saa k\u00e4ytt\u00e4\u00e4 markkinoinnissa."},{"@type":"BreadcrumbList","@id":"https:\/\/pellervo.fi\/vastuullisuus\/2022\/12\/13\/s-ryhma-rakentaa-uuden-tuulipuiston-investoinnin-myota-omalla-uusiutuvalla-katetaan-kaupparyhman-koko-sahkonkulutus\/#breadcrumb","itemListElement":[{"@type":"ListItem","position":1,"name":"Koti","item":"https:\/\/pellervo.fi\/sv\/"},{"@type":"ListItem","position":2,"name":"S-ryhm\u00e4 rakentaa uuden tuulipuiston \u2013 investoinnin my\u00f6t\u00e4 omalla uusiutuvalla katetaan kaupparyhm\u00e4n koko s\u00e4hk\u00f6nkulutus"}]},{"@type":"WebSite","@id":"https:\/\/pellervo.fi\/#website","url":"https:\/\/pellervo.fi\/","name":"Pellervo","description":"Osuuskuntien keskusj\u00e4rjest\u00f6","publisher":{"@id":"https:\/\/pellervo.fi\/#organization"},"potentialAction":[{"@type":"SearchAction","target":{"@type":"EntryPoint","urlTemplate":"https:\/\/pellervo.fi\/?s={search_term_string}"},"query-input":{"@type":"PropertyValueSpecification","valueRequired":true,"valueName":"search_term_string"}}],"inLanguage":"sv-SE"},{"@type":"Organization","@id":"https:\/\/pellervo.fi\/#organization","name":"Osuustoimintakeskus Pellervo ry","url":"https:\/\/pellervo.fi\/","logo":{"@type":"ImageObject","inLanguage":"sv-SE","@id":"https:\/\/pellervo.fi\/#\/schema\/logo\/image\/","url":"https:\/\/pellervo.fi\/wp-content\/uploads\/2020\/05\/Pellervo_logo.png","contentUrl":"https:\/\/pellervo.fi\/wp-content\/uploads\/2020\/05\/Pellervo_logo.png","width":1335,"height":376,"caption":"Osuustoimintakeskus Pellervo ry"},"image":{"@id":"https:\/\/pellervo.fi\/#\/schema\/logo\/image\/"},"sameAs":["https:\/\/x.com\/PellervoFi"]},{"@type":"Person","@id":"https:\/\/pellervo.fi\/#\/schema\/person\/f001b7c670bab10e5236b09672d9e6a3","name":"Hanna Muukka","image":{"@type":"ImageObject","inLanguage":"sv-SE","@id":"https:\/\/pellervo.fi\/wp-content\/uploads\/2014\/02\/Hanna-Muukka_avatar_1393417732-96x96.jpg","url":"https:\/\/pellervo.fi\/wp-content\/uploads\/2014\/02\/Hanna-Muukka_avatar_1393417732-96x96.jpg","contentUrl":"https:\/\/pellervo.fi\/wp-content\/uploads\/2014\/02\/Hanna-Muukka_avatar_1393417732-96x96.jpg","caption":"Hanna Muukka"},"description":"Kirjoittaja ty\u00f6skentelee Osuustoimintakeskus Pellervossa vastuullisuusasiantuntijana.","url":"https:\/\/pellervo.fi\/sv\/author\/hannamuu\/"}]}},"_links":{"self":[{"href":"https:\/\/pellervo.fi\/sv\/wp-json\/wp\/v2\/posts\/894538","targetHints":{"allow":["GET"]}}],"collection":[{"href":"https:\/\/pellervo.fi\/sv\/wp-json\/wp\/v2\/posts"}],"about":[{"href":"https:\/\/pellervo.fi\/sv\/wp-json\/wp\/v2\/types\/post"}],"author":[{"embeddable":true,"href":"https:\/\/pellervo.fi\/sv\/wp-json\/wp\/v2\/users\/6"}],"replies":[{"embeddable":true,"href":"https:\/\/pellervo.fi\/sv\/wp-json\/wp\/v2\/comments?post=894538"}],"version-history":[{"count":1,"href":"https:\/\/pellervo.fi\/sv\/wp-json\/wp\/v2\/posts\/894538\/revisions"}],"predecessor-version":[{"id":894542,"href":"https:\/\/pellervo.fi\/sv\/wp-json\/wp\/v2\/posts\/894538\/revisions\/894542"}],"wp:featuredmedia":[{"embeddable":true,"href":"https:\/\/pellervo.fi\/sv\/wp-json\/wp\/v2\/media\/894539"}],"wp:attachment":[{"href":"https:\/\/pellervo.fi\/sv\/wp-json\/wp\/v2\/media?parent=894538"}],"wp:term":[{"taxonomy":"category","embeddable":true,"href":"https:\/\/pellervo.fi\/sv\/wp-json\/wp\/v2\/categories?post=894538"},{"taxonomy":"post_tag","embeddable":true,"href":"https:\/\/pellervo.fi\/sv\/wp-json\/wp\/v2\/tags?post=894538"}],"curies":[{"name":"wp","href":"https:\/\/api.w.org\/{rel}","templated":true}]}}