{"id":894549,"date":"2022-12-15T11:00:46","date_gmt":"2022-12-15T09:00:46","guid":{"rendered":"https:\/\/pellervo.fi\/?p=894549"},"modified":"2022-12-15T11:00:48","modified_gmt":"2022-12-15T09:00:48","slug":"jasendemokratia-koetaan-tarkeimpana-osuustoimintaperiaatteena-paljastaa-kansainvalinen-kysely","status":"publish","type":"post","link":"https:\/\/pellervo.fi\/sv\/uutiset\/2022\/12\/15\/jasendemokratia-koetaan-tarkeimpana-osuustoimintaperiaatteena-paljastaa-kansainvalinen-kysely\/","title":{"rendered":"J\u00e4sendemokratia koetaan t\u00e4rkeimp\u00e4n\u00e4 osuustoimintaperiaatteena, paljastaa kansainv\u00e4linen kysely"},"content":{"rendered":"\n<p><strong>Kansainv\u00e4linen osuustoimintaliitto ICA on aloittanut osuustoiminnan identiteetin eli sen <span style=\"text-decoration: underline;\"><a href=\"https:\/\/pellervo.fi\/osuustoiminnan-arvot-ja-periaatteet\/\" target=\"_blank\" rel=\"noopener\">periaatteiden, arvojen<\/a><\/span> ja osuuskunnan m\u00e4\u00e4ritelm\u00e4n uudelleenarviointity\u00f6n. Yksi ty\u00f6kalu on osuustoimijoille ymp\u00e4ri maailman l\u00e4hetetty kysely, jonka ensimm\u00e4iset tulokset julkaistiin 14.12. webinaarissa. Vastausten mukaan osuustoiminnan periaatteet ja arvot koetaan t\u00e4rkein\u00e4 yleisesti, mutta eroja l\u00f6ytyy paljon siit\u00e4 pit\u00e4isik\u00f6 niit\u00e4 p\u00e4ivitt\u00e4\u00e4 vai vastaavatko ne edelleen osuustoimijoiden mukaan hyvin nykymaailman tarpeisiin sellaisenaan.<br \/><\/strong><\/p>\n<p>Nykyinen identiteetti arvoineen ja periaatteineen on m\u00e4\u00e4ritelty vuonna 1995. Uudelleenarviointity\u00f6 aloitettiin ICA:n maailmankongressissa Etel\u00e4-Korean Soulissa joulukuussa 2021, miss\u00e4 teemana olivat olemassa olevat periaatteet ja miten ne n\u00e4kyv\u00e4t osuuskuntien arjessa. Ty\u00f6n tarkoituksena on nyt selvitt\u00e4\u00e4 onko p\u00e4ivitystarpeita, mutta my\u00f6s parantaa osuuskuntien ymm\u00e4rryst\u00e4 osuustoiminnan identiteetist\u00e4 ja sen strategisesta merkitysest\u00e4 ja lis\u00e4arvosta, jota se voi osuuskunnille tuoda. Osuuskunnat tulisi saada entist\u00e4 aktiivisemmin toimimaan oman identiteettins\u00e4 mukaan, kun ne ratkovat maailman ja ihmiskunnan haasteita.<\/p>\n<p><strong>Kattavuus hyv\u00e4 vaikka vastaajia ei saatu tavoiteltua m\u00e4\u00e4r\u00e4\u00e4<\/strong><\/p>\n<p>Kyselyyn vastasi yhteens\u00e4 2 290 vastaajaa 136 eri maasta. Maantieteellisesti vastauksia tuli eniten Amerikoista (42%), Aasian ja Tyynenmeren alueelta 26 prosenttia, Euroopasta 19 ja Afrikan mantereelta 13 prosenttia. Kyselyyn pystyi vastaamaan sek\u00e4 yksityishenkil\u00f6n\u00e4, osuustoiminta-asiantuntijana ett\u00e4 organisaation edustajana. Kaikista kolmesta ryhm\u00e4st\u00e4 oli tasaisesti vastaajia. Organisaationa vastaavia oli 622, joista valtaosa oli joko suoraan ICA:n j\u00e4seni\u00e4 tai n\u00e4iden j\u00e4senten j\u00e4seni\u00e4. Suomesta j\u00e4senen\u00e4 ovat Pellervo ja SOK.\u00a0 My\u00f6s eri toimialat (mm. tuottaja-, finanssi- ja kuluttajaosuutoiminta) tulivat hyvin edustetuiksi vastauksissa.<\/p>\n<p>Vastaajista 698 oli naisia ja 845 miehi\u00e4. Nuoria olisi toivottu enemm\u00e4n vastaajaksi sill\u00e4 18-30 vuotiaista vastaajia oli vain 89 ja alle 18 vuotiaita vain yksi. Suurin vastaajajoukko 605 vastauksella oli 51-64 -vuotiaat.<\/p>\n<p><strong>Kaikki osuustoiminnan periaatteet t\u00e4rkeit\u00e4 &#8211; mutta pit\u00e4isik\u00f6 niit\u00e4 p\u00e4ivitt\u00e4\u00e4?<\/strong><\/p>\n<p>K\u00e4yt\u00e4nn\u00f6ss\u00e4 kaikki vastaajat kokivat osuustoiminnan periaatteet yleisesti t\u00e4rkeiksi. Yksi nousi kuitenkin selv\u00e4sti t\u00e4rkeimm\u00e4ksi eli osuuskunnan j\u00e4senten demokraattinen p\u00e4\u00e4t\u00f6svalta koettiin joko kaikkein oleellisemmaksi liiketoimintamieless\u00e4 tai merkitt\u00e4vimm\u00e4ksi erottautumistekij\u00e4ksi muihin yritysmuotoihin verrattuna.\u00a0<\/p>\n<p>Vastaajat jaakaantuivat k\u00e4yt\u00e4nn\u00f6ss\u00e4 tasan sen suhteen pit\u00e4isik\u00f6 osuustoiminnan periaatteita p\u00e4ivitt\u00e4\u00e4 vai ovatko ne jo riitt\u00e4v\u00e4t sellaisenaan. Valtaosa vastaajista on sit\u00e4 mielt\u00e4, ett\u00e4 osuustoiminnan identiteetti vaikuttaa niiden osuuskunnan toimintaan ja ett\u00e4 se tuo hyvin esiin osuuskuntien erottautumistekij\u00e4t ja niiden roolin yhteiskuntavastuullisena toimijana.\u00a0 Moni on kuitenkin sit\u00e4 mielt\u00e4, ett\u00e4 identetteetti\u00e4 ei ole l\u00e4hesk\u00e4\u00e4n tarpeeksi tuotu esiin erityisesti valtiotason p\u00e4\u00e4tt\u00e4jille. My\u00f6skin osuustoimintaliikeen sis\u00e4ll\u00e4 olisi tarvetta koulutuksille identiteettiin liittyen, moni vastaaja uskoo.<\/p>\n<p>Osuustoimijat eiv\u00e4t my\u00f6sk\u00e4\u00e4n usko, ett\u00e4 osuuskunnat olisivat menett\u00e4neet asemaansa vastuullisina toimijoina muille yritysmuodoille. T\u00e4ss\u00e4 oli tosin paljon eroja eri maiden v\u00e4lill\u00e4. Esimerkiksi Nigeria, Filippiinit, Korea, Argentiina ja Suomi eiv\u00e4t usko t\u00e4h\u00e4n v\u00e4itteeseen, mutta USA, Kanada, Meksiko, Australia, Britannia, Japani ja Italia olivat paljon huolestuneempia asiasta.<\/p>\n<p><strong>Onko identiteetti k\u00e4ytt\u00f6kelpoinen osuuskunnille?<\/strong><\/p>\n<p>Osa vastaajista uskoo, ett\u00e4 identiteetti kertoo hyvin osuuskunnan erityispiirteist\u00e4 ja p\u00e4tee hyvin erityyppisiin osuuskuntiin. Toisaalta osa vastaajista ajattelee, ett\u00e4 ideaalin ja reaalimaailman v\u00e4lill\u00e4 on aukko, joka pit\u00e4isi kuroa umpeen koulutuksella, paremmilla ty\u00f6kaluilla ja tehokkaammalla jalkautuksella. Oli my\u00f6s vastaajia, jotka n\u00e4kiv\u00e4t, ett\u00e4 identiteetti sellaisenaan ei toimi kovin hyvin k\u00e4yt\u00e4nn\u00f6ss\u00e4.<br \/><br \/>Ne jotka kokevat, ett\u00e4 erityisesti osuustoiminnan periaatteita tulisi uudistaa, kokevat, ett\u00e4 niist\u00e4 puuttuu viittaukset ymp\u00e4rist\u00f6n kest\u00e4vyyteen, ty\u00f6ntekij\u00f6iden kohtelemiseen sek\u00e4 monimuotoisuuteen (sukupuoli, etnisyys, ik\u00e4 jne.) Identeteetin tulisi paremmin vastata nykymaailmaa, mutta olla my\u00f6s kielelt\u00e4\u00e4n yksinkertaisempaa. Moni vastaaja koki, ett\u00e4 sosiaalisen ja taloudellisen n\u00e4k\u00f6kannan v\u00e4lill\u00e4 pit\u00e4isi olla osuustoiminnassa parempi tasapaino. My\u00f6s j\u00e4senhy\u00f6dyn ja hy\u00f6dyn laajemmalle yhteiskunnalle tulisi olla selke\u00e4mmin tuotu esiin. Toisaalta ajateltiin, ett\u00e4 osuuskunnat on perustettu nimen omaan taloudellisen tasa-arvon ja oikeudenmukaisuuden edist\u00e4miseen ja muita yhteiskunnallisia haasteita ratkomaan on muita toimijoita.<\/p>\n<p><strong>Identiteetinarvointity\u00f6 jatkuu<\/strong><\/p>\n<p>Nyt esitellyt kyselytulokset olivat vasta suuntaa-antavia ja niit\u00e4 analysoidaan viel\u00e4 enemm\u00e4n. Laajempi dokumentti julkaistaan vuoden alussa. Arviointity\u00f6 jatkuu my\u00f6s muun muassa koulutuswebinaareilla, et\u00e4n\u00e4 j\u00e4rjestett\u00e4vin\u00e4 keskusteluforumeina ja konsultointitilaisuuksina, jo olemassaolevan datan ker\u00e4\u00e4misen\u00e4 ja arviointina. Arviointity\u00f6ryhm\u00e4 jatkaa ty\u00f6t\u00e4\u00e4n ja keskuteluja jatketaan my\u00f6s tulevissa ICA:n yleiskokouksissa.<br \/><br \/>Tilaisuus p\u00e4\u00e4ttyi paneelikeskusteluun, jossa muun muassa Australian osuustoimintaj\u00e4rjest\u00f6n johtaja <strong>Melina Morrison<\/strong> lausui, ett\u00e4 osuustoiminnan identiteetti sis\u00e4lt\u00e4\u00e4 uskomattoman moderneja arvoja ja periaatteita, ottaen huomioon miten kauan ne ovat olleet k\u00e4yt\u00f6ss\u00e4. Ne ovat h\u00e4nen mielest\u00e4\u00e4n t\u00e4ysin k\u00e4ytt\u00f6kelpoisia nykyhaasteiden taklaamiseen, mutta emme ole hyvi\u00e4 kertomaan siit\u00e4 miten n\u00e4m\u00e4 arvot n\u00e4kyv\u00e4t tekemisess\u00e4mme ja miten el\u00e4mme niiden mukaan.<\/p>\n<p>Yhdysvaltalaista asunto-osuuskuntasektoria edustava <strong>David Rodgers <\/strong>muistutti, ett\u00e4 osuuskunnat luotiin 1800-luvun puoliv\u00e4liss\u00e4 samaan aikaan kuin nykyisen kapitalistisen yritysmallin, osakeyhti\u00f6n, p\u00e4\u00e4piirteetkin kehittyiv\u00e4t: <em>&#8221;Ja osuuskunnat luotiin juurikin vastalauseena n\u00e4ille yrityksille. Ja nyt olemme huolestuneita, ett\u00e4 osuuskunnat menett\u00e4v\u00e4t vastuullisuusimagoaan osakeyhti\u00f6ille<strong>.&#8221;<\/strong><\/em> <br \/><br \/>Muina panelisteina olivat Neighboring Food Co-op Associationsin <strong>Erbin Crowell <\/strong>ja Afrikan osuustoimintaliikkeen edustaja <strong>Asther Gicheru<\/strong>.<\/p>\n<p>&#8211; <\/p>\n<p>&#8211; <\/p>\n","protected":false},"excerpt":{"rendered":"","protected":false},"author":6,"featured_media":894550,"comment_status":"closed","ping_status":"closed","sticky":false,"template":"","format":"standard","meta":{"inline_featured_image":false,"_monsterinsights_skip_tracking":false,"_monsterinsights_sitenote_active":false,"_monsterinsights_sitenote_note":"","_monsterinsights_sitenote_category":0,"site-sidebar-layout":"default","site-content-layout":"","ast-site-content-layout":"default","site-content-style":"default","site-sidebar-style":"default","ast-global-header-display":"","ast-banner-title-visibility":"","ast-main-header-display":"","ast-hfb-above-header-display":"","ast-hfb-below-header-display":"","ast-hfb-mobile-header-display":"","site-post-title":"","ast-breadcrumbs-content":"","ast-featured-img":"","footer-sml-layout":"","ast-disable-related-posts":"","theme-transparent-header-meta":"","adv-header-id-meta":"","stick-header-meta":"","header-above-stick-meta":"","header-main-stick-meta":"","header-below-stick-meta":"","astra-migrate-meta-layouts":"default","ast-page-background-enabled":"default","ast-page-background-meta":{"desktop":{"background-color":"","background-image":"","background-repeat":"repeat","background-position":"center center","background-size":"auto","background-attachment":"scroll","background-type":"","background-media":"","overlay-type":"","overlay-color":"","overlay-opacity":"","overlay-gradient":""},"tablet":{"background-color":"","background-image":"","background-repeat":"repeat","background-position":"center center","background-size":"auto","background-attachment":"scroll","background-type":"","background-media":"","overlay-type":"","overlay-color":"","overlay-opacity":"","overlay-gradient":""},"mobile":{"background-color":"","background-image":"","background-repeat":"repeat","background-position":"center center","background-size":"auto","background-attachment":"scroll","background-type":"","background-media":"","overlay-type":"","overlay-color":"","overlay-opacity":"","overlay-gradient":""}},"ast-content-background-meta":{"desktop":{"background-color":"var(--ast-global-color-5)","background-image":"","background-repeat":"repeat","background-position":"center center","background-size":"auto","background-attachment":"scroll","background-type":"","background-media":"","overlay-type":"","overlay-color":"","overlay-opacity":"","overlay-gradient":""},"tablet":{"background-color":"var(--ast-global-color-5)","background-image":"","background-repeat":"repeat","background-position":"center center","background-size":"auto","background-attachment":"scroll","background-type":"","background-media":"","overlay-type":"","overlay-color":"","overlay-opacity":"","overlay-gradient":""},"mobile":{"background-color":"var(--ast-global-color-5)","background-image":"","background-repeat":"repeat","background-position":"center center","background-size":"auto","background-attachment":"scroll","background-type":"","background-media":"","overlay-type":"","overlay-color":"","overlay-opacity":"","overlay-gradient":""}},"_FSMCFIC_featured_image_caption":"","_FSMCFIC_featured_image_nocaption":"","_FSMCFIC_featured_image_hide":"","footnotes":""},"categories":[22,224],"tags":[],"class_list":["post-894549","post","type-post","status-publish","format-standard","has-post-thumbnail","hentry","category-uutiset","category-vastuullisuus"],"yoast_head":"<!-- This site is optimized with the Yoast SEO plugin v27.4 - https:\/\/yoast.com\/product\/yoast-seo-wordpress\/ -->\n<title>J\u00e4sendemokratia koetaan t\u00e4rkeimp\u00e4n\u00e4 osuustoimintaperiaatteena, paljastaa kansainv\u00e4linen kysely - Pellervo<\/title>\n<meta name=\"robots\" content=\"index, follow, max-snippet:-1, max-image-preview:large, max-video-preview:-1\" \/>\n<link rel=\"canonical\" href=\"https:\/\/pellervo.fi\/uutiset\/2022\/12\/15\/jasendemokratia-koetaan-tarkeimpana-osuustoimintaperiaatteena-paljastaa-kansainvalinen-kysely\/\" \/>\n<meta property=\"og:locale\" content=\"sv_SE\" \/>\n<meta property=\"og:type\" content=\"article\" \/>\n<meta property=\"og:title\" content=\"J\u00e4sendemokratia koetaan t\u00e4rkeimp\u00e4n\u00e4 osuustoimintaperiaatteena, paljastaa kansainv\u00e4linen kysely - Pellervo\" \/>\n<meta property=\"og:url\" content=\"https:\/\/pellervo.fi\/uutiset\/2022\/12\/15\/jasendemokratia-koetaan-tarkeimpana-osuustoimintaperiaatteena-paljastaa-kansainvalinen-kysely\/\" \/>\n<meta property=\"og:site_name\" content=\"Pellervo\" \/>\n<meta property=\"article:published_time\" content=\"2022-12-15T09:00:46+00:00\" \/>\n<meta property=\"article:modified_time\" content=\"2022-12-15T09:00:48+00:00\" \/>\n<meta property=\"og:image\" content=\"https:\/\/pellervo.fi\/wp-content\/uploads\/2022\/12\/ICA_identity-2.png\" \/>\n\t<meta property=\"og:image:width\" content=\"427\" \/>\n\t<meta property=\"og:image:height\" content=\"199\" \/>\n\t<meta property=\"og:image:type\" content=\"image\/png\" \/>\n<meta name=\"author\" content=\"Hanna Muukka\" \/>\n<meta name=\"twitter:card\" content=\"summary_large_image\" \/>\n<meta name=\"twitter:creator\" content=\"@PellervoFi\" \/>\n<meta name=\"twitter:site\" content=\"@PellervoFi\" \/>\n<meta name=\"twitter:label1\" content=\"Skriven av\" \/>\n\t<meta name=\"twitter:data1\" content=\"Hanna Muukka\" \/>\n\t<meta name=\"twitter:label2\" content=\"Ber\u00e4knad l\u00e4stid\" \/>\n\t<meta name=\"twitter:data2\" content=\"5 minuter\" \/>\n<script type=\"application\/ld+json\" class=\"yoast-schema-graph\">{\"@context\":\"https:\\\/\\\/schema.org\",\"@graph\":[{\"@type\":\"Article\",\"@id\":\"https:\\\/\\\/pellervo.fi\\\/uutiset\\\/2022\\\/12\\\/15\\\/jasendemokratia-koetaan-tarkeimpana-osuustoimintaperiaatteena-paljastaa-kansainvalinen-kysely\\\/#article\",\"isPartOf\":{\"@id\":\"https:\\\/\\\/pellervo.fi\\\/uutiset\\\/2022\\\/12\\\/15\\\/jasendemokratia-koetaan-tarkeimpana-osuustoimintaperiaatteena-paljastaa-kansainvalinen-kysely\\\/\"},\"author\":{\"name\":\"Hanna Muukka\",\"@id\":\"https:\\\/\\\/pellervo.fi\\\/#\\\/schema\\\/person\\\/f001b7c670bab10e5236b09672d9e6a3\"},\"headline\":\"J\u00e4sendemokratia koetaan t\u00e4rkeimp\u00e4n\u00e4 osuustoimintaperiaatteena, paljastaa kansainv\u00e4linen kysely\",\"datePublished\":\"2022-12-15T09:00:46+00:00\",\"dateModified\":\"2022-12-15T09:00:48+00:00\",\"mainEntityOfPage\":{\"@id\":\"https:\\\/\\\/pellervo.fi\\\/uutiset\\\/2022\\\/12\\\/15\\\/jasendemokratia-koetaan-tarkeimpana-osuustoimintaperiaatteena-paljastaa-kansainvalinen-kysely\\\/\"},\"wordCount\":807,\"publisher\":{\"@id\":\"https:\\\/\\\/pellervo.fi\\\/#organization\"},\"image\":{\"@id\":\"https:\\\/\\\/pellervo.fi\\\/uutiset\\\/2022\\\/12\\\/15\\\/jasendemokratia-koetaan-tarkeimpana-osuustoimintaperiaatteena-paljastaa-kansainvalinen-kysely\\\/#primaryimage\"},\"thumbnailUrl\":\"https:\\\/\\\/pellervo.fi\\\/wp-content\\\/uploads\\\/2022\\\/12\\\/ICA_identity-2.png\",\"articleSection\":[\"Uutiset\",\"Vastuullisuus\"],\"inLanguage\":\"sv-SE\"},{\"@type\":\"WebPage\",\"@id\":\"https:\\\/\\\/pellervo.fi\\\/uutiset\\\/2022\\\/12\\\/15\\\/jasendemokratia-koetaan-tarkeimpana-osuustoimintaperiaatteena-paljastaa-kansainvalinen-kysely\\\/\",\"url\":\"https:\\\/\\\/pellervo.fi\\\/uutiset\\\/2022\\\/12\\\/15\\\/jasendemokratia-koetaan-tarkeimpana-osuustoimintaperiaatteena-paljastaa-kansainvalinen-kysely\\\/\",\"name\":\"J\u00e4sendemokratia koetaan t\u00e4rkeimp\u00e4n\u00e4 osuustoimintaperiaatteena, paljastaa kansainv\u00e4linen kysely - Pellervo\",\"isPartOf\":{\"@id\":\"https:\\\/\\\/pellervo.fi\\\/#website\"},\"primaryImageOfPage\":{\"@id\":\"https:\\\/\\\/pellervo.fi\\\/uutiset\\\/2022\\\/12\\\/15\\\/jasendemokratia-koetaan-tarkeimpana-osuustoimintaperiaatteena-paljastaa-kansainvalinen-kysely\\\/#primaryimage\"},\"image\":{\"@id\":\"https:\\\/\\\/pellervo.fi\\\/uutiset\\\/2022\\\/12\\\/15\\\/jasendemokratia-koetaan-tarkeimpana-osuustoimintaperiaatteena-paljastaa-kansainvalinen-kysely\\\/#primaryimage\"},\"thumbnailUrl\":\"https:\\\/\\\/pellervo.fi\\\/wp-content\\\/uploads\\\/2022\\\/12\\\/ICA_identity-2.png\",\"datePublished\":\"2022-12-15T09:00:46+00:00\",\"dateModified\":\"2022-12-15T09:00:48+00:00\",\"breadcrumb\":{\"@id\":\"https:\\\/\\\/pellervo.fi\\\/uutiset\\\/2022\\\/12\\\/15\\\/jasendemokratia-koetaan-tarkeimpana-osuustoimintaperiaatteena-paljastaa-kansainvalinen-kysely\\\/#breadcrumb\"},\"inLanguage\":\"sv-SE\",\"potentialAction\":[{\"@type\":\"ReadAction\",\"target\":[\"https:\\\/\\\/pellervo.fi\\\/uutiset\\\/2022\\\/12\\\/15\\\/jasendemokratia-koetaan-tarkeimpana-osuustoimintaperiaatteena-paljastaa-kansainvalinen-kysely\\\/\"]}]},{\"@type\":\"ImageObject\",\"inLanguage\":\"sv-SE\",\"@id\":\"https:\\\/\\\/pellervo.fi\\\/uutiset\\\/2022\\\/12\\\/15\\\/jasendemokratia-koetaan-tarkeimpana-osuustoimintaperiaatteena-paljastaa-kansainvalinen-kysely\\\/#primaryimage\",\"url\":\"https:\\\/\\\/pellervo.fi\\\/wp-content\\\/uploads\\\/2022\\\/12\\\/ICA_identity-2.png\",\"contentUrl\":\"https:\\\/\\\/pellervo.fi\\\/wp-content\\\/uploads\\\/2022\\\/12\\\/ICA_identity-2.png\",\"width\":427,\"height\":199},{\"@type\":\"BreadcrumbList\",\"@id\":\"https:\\\/\\\/pellervo.fi\\\/uutiset\\\/2022\\\/12\\\/15\\\/jasendemokratia-koetaan-tarkeimpana-osuustoimintaperiaatteena-paljastaa-kansainvalinen-kysely\\\/#breadcrumb\",\"itemListElement\":[{\"@type\":\"ListItem\",\"position\":1,\"name\":\"Koti\",\"item\":\"https:\\\/\\\/pellervo.fi\\\/sv\\\/\"},{\"@type\":\"ListItem\",\"position\":2,\"name\":\"J\u00e4sendemokratia koetaan t\u00e4rkeimp\u00e4n\u00e4 osuustoimintaperiaatteena, paljastaa kansainv\u00e4linen kysely\"}]},{\"@type\":\"WebSite\",\"@id\":\"https:\\\/\\\/pellervo.fi\\\/#website\",\"url\":\"https:\\\/\\\/pellervo.fi\\\/\",\"name\":\"Pellervo\",\"description\":\"Osuuskuntien keskusj\u00e4rjest\u00f6\",\"publisher\":{\"@id\":\"https:\\\/\\\/pellervo.fi\\\/#organization\"},\"potentialAction\":[{\"@type\":\"SearchAction\",\"target\":{\"@type\":\"EntryPoint\",\"urlTemplate\":\"https:\\\/\\\/pellervo.fi\\\/?s={search_term_string}\"},\"query-input\":{\"@type\":\"PropertyValueSpecification\",\"valueRequired\":true,\"valueName\":\"search_term_string\"}}],\"inLanguage\":\"sv-SE\"},{\"@type\":\"Organization\",\"@id\":\"https:\\\/\\\/pellervo.fi\\\/#organization\",\"name\":\"Osuustoimintakeskus Pellervo ry\",\"url\":\"https:\\\/\\\/pellervo.fi\\\/\",\"logo\":{\"@type\":\"ImageObject\",\"inLanguage\":\"sv-SE\",\"@id\":\"https:\\\/\\\/pellervo.fi\\\/#\\\/schema\\\/logo\\\/image\\\/\",\"url\":\"https:\\\/\\\/pellervo.fi\\\/wp-content\\\/uploads\\\/2020\\\/05\\\/Pellervo_logo.png\",\"contentUrl\":\"https:\\\/\\\/pellervo.fi\\\/wp-content\\\/uploads\\\/2020\\\/05\\\/Pellervo_logo.png\",\"width\":1335,\"height\":376,\"caption\":\"Osuustoimintakeskus Pellervo ry\"},\"image\":{\"@id\":\"https:\\\/\\\/pellervo.fi\\\/#\\\/schema\\\/logo\\\/image\\\/\"},\"sameAs\":[\"https:\\\/\\\/x.com\\\/PellervoFi\"]},{\"@type\":\"Person\",\"@id\":\"https:\\\/\\\/pellervo.fi\\\/#\\\/schema\\\/person\\\/f001b7c670bab10e5236b09672d9e6a3\",\"name\":\"Hanna Muukka\",\"image\":{\"@type\":\"ImageObject\",\"inLanguage\":\"sv-SE\",\"@id\":\"https:\\\/\\\/pellervo.fi\\\/wp-content\\\/uploads\\\/2014\\\/02\\\/Hanna-Muukka_avatar_1393417732-96x96.jpg\",\"url\":\"https:\\\/\\\/pellervo.fi\\\/wp-content\\\/uploads\\\/2014\\\/02\\\/Hanna-Muukka_avatar_1393417732-96x96.jpg\",\"contentUrl\":\"https:\\\/\\\/pellervo.fi\\\/wp-content\\\/uploads\\\/2014\\\/02\\\/Hanna-Muukka_avatar_1393417732-96x96.jpg\",\"caption\":\"Hanna Muukka\"},\"description\":\"Kirjoittaja ty\u00f6skentelee Osuustoimintakeskus Pellervossa vastuullisuusasiantuntijana.\",\"url\":\"https:\\\/\\\/pellervo.fi\\\/sv\\\/author\\\/hannamuu\\\/\"}]}<\/script>\n<!-- \/ Yoast SEO plugin. -->","yoast_head_json":{"title":"J\u00e4sendemokratia koetaan t\u00e4rkeimp\u00e4n\u00e4 osuustoimintaperiaatteena, paljastaa kansainv\u00e4linen kysely - Pellervo","robots":{"index":"index","follow":"follow","max-snippet":"max-snippet:-1","max-image-preview":"max-image-preview:large","max-video-preview":"max-video-preview:-1"},"canonical":"https:\/\/pellervo.fi\/uutiset\/2022\/12\/15\/jasendemokratia-koetaan-tarkeimpana-osuustoimintaperiaatteena-paljastaa-kansainvalinen-kysely\/","og_locale":"sv_SE","og_type":"article","og_title":"J\u00e4sendemokratia koetaan t\u00e4rkeimp\u00e4n\u00e4 osuustoimintaperiaatteena, paljastaa kansainv\u00e4linen kysely - Pellervo","og_url":"https:\/\/pellervo.fi\/uutiset\/2022\/12\/15\/jasendemokratia-koetaan-tarkeimpana-osuustoimintaperiaatteena-paljastaa-kansainvalinen-kysely\/","og_site_name":"Pellervo","article_published_time":"2022-12-15T09:00:46+00:00","article_modified_time":"2022-12-15T09:00:48+00:00","og_image":[{"width":427,"height":199,"url":"https:\/\/pellervo.fi\/wp-content\/uploads\/2022\/12\/ICA_identity-2.png","type":"image\/png"}],"author":"Hanna Muukka","twitter_card":"summary_large_image","twitter_creator":"@PellervoFi","twitter_site":"@PellervoFi","twitter_misc":{"Skriven av":"Hanna Muukka","Ber\u00e4knad l\u00e4stid":"5 minuter"},"schema":{"@context":"https:\/\/schema.org","@graph":[{"@type":"Article","@id":"https:\/\/pellervo.fi\/uutiset\/2022\/12\/15\/jasendemokratia-koetaan-tarkeimpana-osuustoimintaperiaatteena-paljastaa-kansainvalinen-kysely\/#article","isPartOf":{"@id":"https:\/\/pellervo.fi\/uutiset\/2022\/12\/15\/jasendemokratia-koetaan-tarkeimpana-osuustoimintaperiaatteena-paljastaa-kansainvalinen-kysely\/"},"author":{"name":"Hanna Muukka","@id":"https:\/\/pellervo.fi\/#\/schema\/person\/f001b7c670bab10e5236b09672d9e6a3"},"headline":"J\u00e4sendemokratia koetaan t\u00e4rkeimp\u00e4n\u00e4 osuustoimintaperiaatteena, paljastaa kansainv\u00e4linen kysely","datePublished":"2022-12-15T09:00:46+00:00","dateModified":"2022-12-15T09:00:48+00:00","mainEntityOfPage":{"@id":"https:\/\/pellervo.fi\/uutiset\/2022\/12\/15\/jasendemokratia-koetaan-tarkeimpana-osuustoimintaperiaatteena-paljastaa-kansainvalinen-kysely\/"},"wordCount":807,"publisher":{"@id":"https:\/\/pellervo.fi\/#organization"},"image":{"@id":"https:\/\/pellervo.fi\/uutiset\/2022\/12\/15\/jasendemokratia-koetaan-tarkeimpana-osuustoimintaperiaatteena-paljastaa-kansainvalinen-kysely\/#primaryimage"},"thumbnailUrl":"https:\/\/pellervo.fi\/wp-content\/uploads\/2022\/12\/ICA_identity-2.png","articleSection":["Uutiset","Vastuullisuus"],"inLanguage":"sv-SE"},{"@type":"WebPage","@id":"https:\/\/pellervo.fi\/uutiset\/2022\/12\/15\/jasendemokratia-koetaan-tarkeimpana-osuustoimintaperiaatteena-paljastaa-kansainvalinen-kysely\/","url":"https:\/\/pellervo.fi\/uutiset\/2022\/12\/15\/jasendemokratia-koetaan-tarkeimpana-osuustoimintaperiaatteena-paljastaa-kansainvalinen-kysely\/","name":"J\u00e4sendemokratia koetaan t\u00e4rkeimp\u00e4n\u00e4 osuustoimintaperiaatteena, paljastaa kansainv\u00e4linen kysely - Pellervo","isPartOf":{"@id":"https:\/\/pellervo.fi\/#website"},"primaryImageOfPage":{"@id":"https:\/\/pellervo.fi\/uutiset\/2022\/12\/15\/jasendemokratia-koetaan-tarkeimpana-osuustoimintaperiaatteena-paljastaa-kansainvalinen-kysely\/#primaryimage"},"image":{"@id":"https:\/\/pellervo.fi\/uutiset\/2022\/12\/15\/jasendemokratia-koetaan-tarkeimpana-osuustoimintaperiaatteena-paljastaa-kansainvalinen-kysely\/#primaryimage"},"thumbnailUrl":"https:\/\/pellervo.fi\/wp-content\/uploads\/2022\/12\/ICA_identity-2.png","datePublished":"2022-12-15T09:00:46+00:00","dateModified":"2022-12-15T09:00:48+00:00","breadcrumb":{"@id":"https:\/\/pellervo.fi\/uutiset\/2022\/12\/15\/jasendemokratia-koetaan-tarkeimpana-osuustoimintaperiaatteena-paljastaa-kansainvalinen-kysely\/#breadcrumb"},"inLanguage":"sv-SE","potentialAction":[{"@type":"ReadAction","target":["https:\/\/pellervo.fi\/uutiset\/2022\/12\/15\/jasendemokratia-koetaan-tarkeimpana-osuustoimintaperiaatteena-paljastaa-kansainvalinen-kysely\/"]}]},{"@type":"ImageObject","inLanguage":"sv-SE","@id":"https:\/\/pellervo.fi\/uutiset\/2022\/12\/15\/jasendemokratia-koetaan-tarkeimpana-osuustoimintaperiaatteena-paljastaa-kansainvalinen-kysely\/#primaryimage","url":"https:\/\/pellervo.fi\/wp-content\/uploads\/2022\/12\/ICA_identity-2.png","contentUrl":"https:\/\/pellervo.fi\/wp-content\/uploads\/2022\/12\/ICA_identity-2.png","width":427,"height":199},{"@type":"BreadcrumbList","@id":"https:\/\/pellervo.fi\/uutiset\/2022\/12\/15\/jasendemokratia-koetaan-tarkeimpana-osuustoimintaperiaatteena-paljastaa-kansainvalinen-kysely\/#breadcrumb","itemListElement":[{"@type":"ListItem","position":1,"name":"Koti","item":"https:\/\/pellervo.fi\/sv\/"},{"@type":"ListItem","position":2,"name":"J\u00e4sendemokratia koetaan t\u00e4rkeimp\u00e4n\u00e4 osuustoimintaperiaatteena, paljastaa kansainv\u00e4linen kysely"}]},{"@type":"WebSite","@id":"https:\/\/pellervo.fi\/#website","url":"https:\/\/pellervo.fi\/","name":"Pellervo","description":"Osuuskuntien keskusj\u00e4rjest\u00f6","publisher":{"@id":"https:\/\/pellervo.fi\/#organization"},"potentialAction":[{"@type":"SearchAction","target":{"@type":"EntryPoint","urlTemplate":"https:\/\/pellervo.fi\/?s={search_term_string}"},"query-input":{"@type":"PropertyValueSpecification","valueRequired":true,"valueName":"search_term_string"}}],"inLanguage":"sv-SE"},{"@type":"Organization","@id":"https:\/\/pellervo.fi\/#organization","name":"Osuustoimintakeskus Pellervo ry","url":"https:\/\/pellervo.fi\/","logo":{"@type":"ImageObject","inLanguage":"sv-SE","@id":"https:\/\/pellervo.fi\/#\/schema\/logo\/image\/","url":"https:\/\/pellervo.fi\/wp-content\/uploads\/2020\/05\/Pellervo_logo.png","contentUrl":"https:\/\/pellervo.fi\/wp-content\/uploads\/2020\/05\/Pellervo_logo.png","width":1335,"height":376,"caption":"Osuustoimintakeskus Pellervo ry"},"image":{"@id":"https:\/\/pellervo.fi\/#\/schema\/logo\/image\/"},"sameAs":["https:\/\/x.com\/PellervoFi"]},{"@type":"Person","@id":"https:\/\/pellervo.fi\/#\/schema\/person\/f001b7c670bab10e5236b09672d9e6a3","name":"Hanna Muukka","image":{"@type":"ImageObject","inLanguage":"sv-SE","@id":"https:\/\/pellervo.fi\/wp-content\/uploads\/2014\/02\/Hanna-Muukka_avatar_1393417732-96x96.jpg","url":"https:\/\/pellervo.fi\/wp-content\/uploads\/2014\/02\/Hanna-Muukka_avatar_1393417732-96x96.jpg","contentUrl":"https:\/\/pellervo.fi\/wp-content\/uploads\/2014\/02\/Hanna-Muukka_avatar_1393417732-96x96.jpg","caption":"Hanna Muukka"},"description":"Kirjoittaja ty\u00f6skentelee Osuustoimintakeskus Pellervossa vastuullisuusasiantuntijana.","url":"https:\/\/pellervo.fi\/sv\/author\/hannamuu\/"}]}},"_links":{"self":[{"href":"https:\/\/pellervo.fi\/sv\/wp-json\/wp\/v2\/posts\/894549","targetHints":{"allow":["GET"]}}],"collection":[{"href":"https:\/\/pellervo.fi\/sv\/wp-json\/wp\/v2\/posts"}],"about":[{"href":"https:\/\/pellervo.fi\/sv\/wp-json\/wp\/v2\/types\/post"}],"author":[{"embeddable":true,"href":"https:\/\/pellervo.fi\/sv\/wp-json\/wp\/v2\/users\/6"}],"replies":[{"embeddable":true,"href":"https:\/\/pellervo.fi\/sv\/wp-json\/wp\/v2\/comments?post=894549"}],"version-history":[{"count":1,"href":"https:\/\/pellervo.fi\/sv\/wp-json\/wp\/v2\/posts\/894549\/revisions"}],"predecessor-version":[{"id":894555,"href":"https:\/\/pellervo.fi\/sv\/wp-json\/wp\/v2\/posts\/894549\/revisions\/894555"}],"wp:featuredmedia":[{"embeddable":true,"href":"https:\/\/pellervo.fi\/sv\/wp-json\/wp\/v2\/media\/894550"}],"wp:attachment":[{"href":"https:\/\/pellervo.fi\/sv\/wp-json\/wp\/v2\/media?parent=894549"}],"wp:term":[{"taxonomy":"category","embeddable":true,"href":"https:\/\/pellervo.fi\/sv\/wp-json\/wp\/v2\/categories?post=894549"},{"taxonomy":"post_tag","embeddable":true,"href":"https:\/\/pellervo.fi\/sv\/wp-json\/wp\/v2\/tags?post=894549"}],"curies":[{"name":"wp","href":"https:\/\/api.w.org\/{rel}","templated":true}]}}