{"id":894697,"date":"2023-01-17T16:31:41","date_gmt":"2023-01-17T14:31:41","guid":{"rendered":"https:\/\/pellervo.fi\/?p=894697"},"modified":"2023-01-17T16:51:53","modified_gmt":"2023-01-17T14:51:53","slug":"heikki-haavisto-kannusti-osuuskuntia-uudistumiseen-ja-liiketoiminnan-jarkeistamiseen","status":"publish","type":"post","link":"https:\/\/pellervo.fi\/sv\/jarjesto\/2023\/01\/17\/heikki-haavisto-kannusti-osuuskuntia-uudistumiseen-ja-liiketoiminnan-jarkeistamiseen\/","title":{"rendered":"Heikki Haavisto kannusti osuuskuntia uudistumiseen ja liiketoiminnan j\u00e4rkeist\u00e4miseen"},"content":{"rendered":"\n<p><strong>Pellervon valtuuskunnan pitk\u00e4aikaisen puheenjohtajan Heikki Haaviston muistoseminaari j\u00e4rjestettiin eduskunnassa tiistaina 17. tammikuuta. Suomen EU-neuvotteluissa keskeisesti vaikuttaneena ulkoministerin\u00e4 ja ja MTK:n toiminnanjohtajana sek\u00e4 puheenjohtajana merkitt\u00e4v\u00e4n uran tehnyt Haavisto kuoli viime hein\u00e4kuussa.<\/strong><\/p>\n<p>MTK:n ja Pellervon yhteisen tilaisuuden avaussanat lausui Pellervon hallituksen puheenjohtaja <strong>Petri Pitk\u00e4nen<\/strong>:<\/p>\n<p>&#8211; Haavisto kannusti pellervolaisia osuuskuntia uudistumiseen ja liiketoiminnan j\u00e4rkeist\u00e4miseen. Samalla h\u00e4n piti t\u00e4rke\u00e4n\u00e4, ett\u00e4 j\u00e4senkeskeinen ja kansanvaltainen johtamistapa s\u00e4ilyv\u00e4t. H\u00e4nen toimissaan ja ajatuksissa yhdistyiv\u00e4t osuustoiminnan perusarvot tavoitteellinen toiminta ja vahva hallinto.<\/p>\n<p>Pitk\u00e4sen mukaan Haaviston kaksi perint\u00f6\u00e4, joita on syyt\u00e4 vaalia, ovat osuuskuntien kaksoisluonteen yll\u00e4pit\u00e4minen ja huoltovarmuudesta huolehtiminen niin normaali- kuin kriisiaikana.<\/p>\n<p>Haavisto oli mukana usean osuuskunnan hallinnossa, muun muassa Mets\u00e4liiton hallintoneuvoston puheenjohtajana yli kymmenen vuotta. H\u00e4nen perusperiaatteitaan luottamusteht\u00e4viss\u00e4 oli tavoitteellisen liiketoiminnan ja vahvan hallinnon sek\u00e4 j\u00e4senkeskeisyyden ja kansanvaltaisuuden yhdist\u00e4minen.&nbsp;<\/p>\n<h3>Ty\u00f6ura edellisten kriisien j\u00e4lkihoitoa ja uusiin varautumista<\/h3>\n<p>Seminaarissa Haavistoa muistelivat sek\u00e4 eduskunnan varapuhemies <strong>Antti Rinne<\/strong>, uusimman el\u00e4m\u00e4kerran kirjoittaja <strong>Terho Koistinen<\/strong> ett\u00e4 Suomen Pankin p\u00e4\u00e4johtaja <strong>Olli Rehn<\/strong>. Haaviston nuorimman pojan <strong>Ilkka Haaviston<\/strong> vet\u00e4m\u00e4ss\u00e4 paneelikeskustelussa suomalaisen maaseudun tulevaisuudesta ajatuksia vaihtoivat maailman tuottajaj\u00e4rjest\u00f6 WFO:n hallituksen j\u00e4sen <strong>Kati Partanen<\/strong>, tutkimuslaitos E2:n johtaja <strong>Karina Jutila<\/strong> ja Suomen Kuvalehden p\u00e4\u00e4toimittaja <strong>Matti Kalliokoski<\/strong>.<\/p>\n<p>&#8211; Heikki Haaviston ty\u00f6uraa m\u00e4\u00e4ritti se, ett\u00e4 alku sujui aiempien kriisien &#8211; siis viime sotien &#8211;&nbsp; j\u00e4tt\u00e4mien ongelmien ratkomisessa, ja loppu oli varautumista uusiin kriiseihin. Maatalouspolitiikka oli sodan j\u00e4lkeen paljon my\u00f6s sosiaalipolitiikkaa ja nykyisess\u00e4 kriisiytyneess\u00e4 maailmantilanteessa ymm\u00e4rr\u00e4mme hyvin, ett\u00e4 EU on kriisinhoitov\u00e4line, Kalliokoski kuvasi.<\/p>\n<p>Kriiseihin liittyv\u00e4 huoltovarmuus oli vahvasti esill\u00e4 MTK:n <strong>Juha Marttilan<\/strong> p\u00e4\u00e4t\u00f6ssanoissa. H\u00e4n muistutti, ett\u00e4 kriittisten resurssien tuottaminen ei saa olla kansainv\u00e4listen markkinoiden ja kasvottoman kvartaalitalouden harteilla. Marttila toivoi, ett\u00e4 julkisissa hankinnoissa ruoka ja energia rinnastetaan jatkossa turvallisuushankintoihin. Asia on ajankohtainen nyt, kun 30 vuotta sitten s\u00e4\u00e4detty\u00e4 huoltovarmuuslakia ollaan juuri muuttamassa.<\/p>\n<p>Marttila lopetti seminaarin sitaattiin Heikki Haavistolta, jota olivat tilaisuudessa aiemmin k\u00e4ytt\u00e4neet jo Olli Rehn ja Antti Rinne:<\/p>\n<p>&#8221;On t\u00e4rke\u00e4\u00e4, ett\u00e4 Suomi ei laske koskaan omaa suojaustaan alas, on kyse sitten turvallisuudesta, energiantuotannosta tai ruoan saatavuudesta. Vapaus on n\u00e4enn\u00e4ist\u00e4 sellaisella valtiolla, jonka tulevaisuus riippuu muiden valtioiden armeliaisuudesta.&#8221;<\/p>\n<p>Kyseisell\u00e4 lainauksella lieneekin jatkossa pysyv\u00e4 paikka kansallisesti merkitt\u00e4vien sitaattien joukossa, Marttila arveli puhujien yhdenmukaisen valinnan huomatessaan.<\/p>\n<p>&nbsp;<\/p>\n","protected":false},"excerpt":{"rendered":"<p>Pellervon valtuuskunnan pitk\u00e4aikaisen puheenjohtajan Heikki Haaviston muistoseminaari j\u00e4rjestettiin eduskunnassa tiistaina 17. tammikuuta. Suomen EU-neuvotteluissa keskeisesti vaikuttaneena ulkoministerin\u00e4 ja ja MTK:n toiminnanjohtajana sek\u00e4 puheenjohtajana merkitt\u00e4v\u00e4n uran tehnyt Haavisto kuoli viime hein\u00e4kuussa. MTK:n ja Pellervon yhteisen tilaisuuden avaussanat lausui Pellervon hallituksen puheenjohtaja Petri Pitk\u00e4nen: &#8211; Haavisto kannusti pellervolaisia osuuskuntia uudistumiseen ja liiketoiminnan j\u00e4rkeist\u00e4miseen. Samalla h\u00e4n piti t\u00e4rke\u00e4n\u00e4,<\/p>\n","protected":false},"author":5,"featured_media":894698,"comment_status":"closed","ping_status":"closed","sticky":false,"template":"","format":"standard","meta":{"inline_featured_image":false,"_monsterinsights_skip_tracking":false,"_monsterinsights_sitenote_active":false,"_monsterinsights_sitenote_note":"","_monsterinsights_sitenote_category":0,"site-sidebar-layout":"default","site-content-layout":"","ast-site-content-layout":"default","site-content-style":"default","site-sidebar-style":"default","ast-global-header-display":"","ast-banner-title-visibility":"","ast-main-header-display":"","ast-hfb-above-header-display":"","ast-hfb-below-header-display":"","ast-hfb-mobile-header-display":"","site-post-title":"","ast-breadcrumbs-content":"","ast-featured-img":"","footer-sml-layout":"","ast-disable-related-posts":"","theme-transparent-header-meta":"","adv-header-id-meta":"","stick-header-meta":"","header-above-stick-meta":"","header-main-stick-meta":"","header-below-stick-meta":"","astra-migrate-meta-layouts":"default","ast-page-background-enabled":"default","ast-page-background-meta":{"desktop":{"background-color":"","background-image":"","background-repeat":"repeat","background-position":"center center","background-size":"auto","background-attachment":"scroll","background-type":"","background-media":"","overlay-type":"","overlay-color":"","overlay-opacity":"","overlay-gradient":""},"tablet":{"background-color":"","background-image":"","background-repeat":"repeat","background-position":"center center","background-size":"auto","background-attachment":"scroll","background-type":"","background-media":"","overlay-type":"","overlay-color":"","overlay-opacity":"","overlay-gradient":""},"mobile":{"background-color":"","background-image":"","background-repeat":"repeat","background-position":"center center","background-size":"auto","background-attachment":"scroll","background-type":"","background-media":"","overlay-type":"","overlay-color":"","overlay-opacity":"","overlay-gradient":""}},"ast-content-background-meta":{"desktop":{"background-color":"var(--ast-global-color-5)","background-image":"","background-repeat":"repeat","background-position":"center center","background-size":"auto","background-attachment":"scroll","background-type":"","background-media":"","overlay-type":"","overlay-color":"","overlay-opacity":"","overlay-gradient":""},"tablet":{"background-color":"var(--ast-global-color-5)","background-image":"","background-repeat":"repeat","background-position":"center center","background-size":"auto","background-attachment":"scroll","background-type":"","background-media":"","overlay-type":"","overlay-color":"","overlay-opacity":"","overlay-gradient":""},"mobile":{"background-color":"var(--ast-global-color-5)","background-image":"","background-repeat":"repeat","background-position":"center center","background-size":"auto","background-attachment":"scroll","background-type":"","background-media":"","overlay-type":"","overlay-color":"","overlay-opacity":"","overlay-gradient":""}},"_FSMCFIC_featured_image_caption":"","_FSMCFIC_featured_image_nocaption":"","_FSMCFIC_featured_image_hide":"","footnotes":""},"categories":[71],"tags":[413,414,415],"class_list":["post-894697","post","type-post","status-publish","format-standard","has-post-thumbnail","hentry","category-jarjesto","tag-heikki-haavisto","tag-historia","tag-huoltovarmuus"],"yoast_head":"<!-- This site is optimized with the Yoast SEO plugin v27.5 - https:\/\/yoast.com\/product\/yoast-seo-wordpress\/ -->\n<title>Heikki Haavisto kannusti osuuskuntia uudistumiseen ja liiketoiminnan j\u00e4rkeist\u00e4miseen - Pellervo<\/title>\n<meta name=\"robots\" content=\"index, follow, max-snippet:-1, max-image-preview:large, max-video-preview:-1\" \/>\n<link rel=\"canonical\" href=\"https:\/\/pellervo.fi\/jarjesto\/2023\/01\/17\/heikki-haavisto-kannusti-osuuskuntia-uudistumiseen-ja-liiketoiminnan-jarkeistamiseen\/\" \/>\n<meta property=\"og:locale\" content=\"sv_SE\" \/>\n<meta property=\"og:type\" content=\"article\" \/>\n<meta property=\"og:title\" content=\"Heikki Haavisto kannusti osuuskuntia uudistumiseen ja liiketoiminnan j\u00e4rkeist\u00e4miseen - Pellervo\" \/>\n<meta property=\"og:description\" content=\"Pellervon valtuuskunnan pitk\u00e4aikaisen puheenjohtajan Heikki Haaviston muistoseminaari j\u00e4rjestettiin eduskunnassa tiistaina 17. tammikuuta. Suomen EU-neuvotteluissa keskeisesti vaikuttaneena ulkoministerin\u00e4 ja ja MTK:n toiminnanjohtajana sek\u00e4 puheenjohtajana merkitt\u00e4v\u00e4n uran tehnyt Haavisto kuoli viime hein\u00e4kuussa. MTK:n ja Pellervon yhteisen tilaisuuden avaussanat lausui Pellervon hallituksen puheenjohtaja Petri Pitk\u00e4nen: &#8211; Haavisto kannusti pellervolaisia osuuskuntia uudistumiseen ja liiketoiminnan j\u00e4rkeist\u00e4miseen. Samalla h\u00e4n piti t\u00e4rke\u00e4n\u00e4,\" \/>\n<meta property=\"og:url\" content=\"https:\/\/pellervo.fi\/jarjesto\/2023\/01\/17\/heikki-haavisto-kannusti-osuuskuntia-uudistumiseen-ja-liiketoiminnan-jarkeistamiseen\/\" \/>\n<meta property=\"og:site_name\" content=\"Pellervo\" \/>\n<meta property=\"article:published_time\" content=\"2023-01-17T14:31:41+00:00\" \/>\n<meta property=\"article:modified_time\" content=\"2023-01-17T14:51:53+00:00\" \/>\n<meta property=\"og:image\" content=\"https:\/\/pellervo.fi\/wp-content\/uploads\/2023\/01\/Haavisto-seminaari-Pete-2023.jpg\" \/>\n\t<meta property=\"og:image:width\" content=\"2016\" \/>\n\t<meta property=\"og:image:height\" content=\"1512\" \/>\n\t<meta property=\"og:image:type\" content=\"image\/jpeg\" \/>\n<meta name=\"author\" content=\"pellervo\" \/>\n<meta name=\"twitter:card\" content=\"summary_large_image\" \/>\n<meta name=\"twitter:creator\" content=\"@PellervoFi\" \/>\n<meta name=\"twitter:site\" content=\"@PellervoFi\" \/>\n<meta name=\"twitter:label1\" content=\"Skriven av\" \/>\n\t<meta name=\"twitter:data1\" content=\"pellervo\" \/>\n\t<meta name=\"twitter:label2\" content=\"Ber\u00e4knad l\u00e4stid\" \/>\n\t<meta name=\"twitter:data2\" content=\"3 minuter\" \/>\n<script type=\"application\/ld+json\" class=\"yoast-schema-graph\">{\"@context\":\"https:\\\/\\\/schema.org\",\"@graph\":[{\"@type\":\"Article\",\"@id\":\"https:\\\/\\\/pellervo.fi\\\/jarjesto\\\/2023\\\/01\\\/17\\\/heikki-haavisto-kannusti-osuuskuntia-uudistumiseen-ja-liiketoiminnan-jarkeistamiseen\\\/#article\",\"isPartOf\":{\"@id\":\"https:\\\/\\\/pellervo.fi\\\/jarjesto\\\/2023\\\/01\\\/17\\\/heikki-haavisto-kannusti-osuuskuntia-uudistumiseen-ja-liiketoiminnan-jarkeistamiseen\\\/\"},\"author\":{\"name\":\"pellervo\",\"@id\":\"https:\\\/\\\/pellervo.fi\\\/#\\\/schema\\\/person\\\/4b74d40956937d1367ade81899997e71\"},\"headline\":\"Heikki Haavisto kannusti osuuskuntia uudistumiseen ja liiketoiminnan j\u00e4rkeist\u00e4miseen\",\"datePublished\":\"2023-01-17T14:31:41+00:00\",\"dateModified\":\"2023-01-17T14:51:53+00:00\",\"mainEntityOfPage\":{\"@id\":\"https:\\\/\\\/pellervo.fi\\\/jarjesto\\\/2023\\\/01\\\/17\\\/heikki-haavisto-kannusti-osuuskuntia-uudistumiseen-ja-liiketoiminnan-jarkeistamiseen\\\/\"},\"wordCount\":402,\"publisher\":{\"@id\":\"https:\\\/\\\/pellervo.fi\\\/#organization\"},\"image\":{\"@id\":\"https:\\\/\\\/pellervo.fi\\\/jarjesto\\\/2023\\\/01\\\/17\\\/heikki-haavisto-kannusti-osuuskuntia-uudistumiseen-ja-liiketoiminnan-jarkeistamiseen\\\/#primaryimage\"},\"thumbnailUrl\":\"https:\\\/\\\/pellervo.fi\\\/wp-content\\\/uploads\\\/2023\\\/01\\\/Haavisto-seminaari-Pete-2023.jpg\",\"keywords\":[\"Heikki Haavisto\",\"historia\",\"huoltovarmuus\"],\"articleSection\":[\"J\u00e4rjest\u00f6\"],\"inLanguage\":\"sv-SE\"},{\"@type\":\"WebPage\",\"@id\":\"https:\\\/\\\/pellervo.fi\\\/jarjesto\\\/2023\\\/01\\\/17\\\/heikki-haavisto-kannusti-osuuskuntia-uudistumiseen-ja-liiketoiminnan-jarkeistamiseen\\\/\",\"url\":\"https:\\\/\\\/pellervo.fi\\\/jarjesto\\\/2023\\\/01\\\/17\\\/heikki-haavisto-kannusti-osuuskuntia-uudistumiseen-ja-liiketoiminnan-jarkeistamiseen\\\/\",\"name\":\"Heikki Haavisto kannusti osuuskuntia uudistumiseen ja liiketoiminnan j\u00e4rkeist\u00e4miseen - Pellervo\",\"isPartOf\":{\"@id\":\"https:\\\/\\\/pellervo.fi\\\/#website\"},\"primaryImageOfPage\":{\"@id\":\"https:\\\/\\\/pellervo.fi\\\/jarjesto\\\/2023\\\/01\\\/17\\\/heikki-haavisto-kannusti-osuuskuntia-uudistumiseen-ja-liiketoiminnan-jarkeistamiseen\\\/#primaryimage\"},\"image\":{\"@id\":\"https:\\\/\\\/pellervo.fi\\\/jarjesto\\\/2023\\\/01\\\/17\\\/heikki-haavisto-kannusti-osuuskuntia-uudistumiseen-ja-liiketoiminnan-jarkeistamiseen\\\/#primaryimage\"},\"thumbnailUrl\":\"https:\\\/\\\/pellervo.fi\\\/wp-content\\\/uploads\\\/2023\\\/01\\\/Haavisto-seminaari-Pete-2023.jpg\",\"datePublished\":\"2023-01-17T14:31:41+00:00\",\"dateModified\":\"2023-01-17T14:51:53+00:00\",\"breadcrumb\":{\"@id\":\"https:\\\/\\\/pellervo.fi\\\/jarjesto\\\/2023\\\/01\\\/17\\\/heikki-haavisto-kannusti-osuuskuntia-uudistumiseen-ja-liiketoiminnan-jarkeistamiseen\\\/#breadcrumb\"},\"inLanguage\":\"sv-SE\",\"potentialAction\":[{\"@type\":\"ReadAction\",\"target\":[\"https:\\\/\\\/pellervo.fi\\\/jarjesto\\\/2023\\\/01\\\/17\\\/heikki-haavisto-kannusti-osuuskuntia-uudistumiseen-ja-liiketoiminnan-jarkeistamiseen\\\/\"]}]},{\"@type\":\"ImageObject\",\"inLanguage\":\"sv-SE\",\"@id\":\"https:\\\/\\\/pellervo.fi\\\/jarjesto\\\/2023\\\/01\\\/17\\\/heikki-haavisto-kannusti-osuuskuntia-uudistumiseen-ja-liiketoiminnan-jarkeistamiseen\\\/#primaryimage\",\"url\":\"https:\\\/\\\/pellervo.fi\\\/wp-content\\\/uploads\\\/2023\\\/01\\\/Haavisto-seminaari-Pete-2023.jpg\",\"contentUrl\":\"https:\\\/\\\/pellervo.fi\\\/wp-content\\\/uploads\\\/2023\\\/01\\\/Haavisto-seminaari-Pete-2023.jpg\",\"width\":2016,\"height\":1512,\"caption\":\"Petri Pitk\u00e4nen puhuu haaviston muistoseminaarissa Pikkuparlamentissa\"},{\"@type\":\"BreadcrumbList\",\"@id\":\"https:\\\/\\\/pellervo.fi\\\/jarjesto\\\/2023\\\/01\\\/17\\\/heikki-haavisto-kannusti-osuuskuntia-uudistumiseen-ja-liiketoiminnan-jarkeistamiseen\\\/#breadcrumb\",\"itemListElement\":[{\"@type\":\"ListItem\",\"position\":1,\"name\":\"Koti\",\"item\":\"https:\\\/\\\/pellervo.fi\\\/sv\\\/\"},{\"@type\":\"ListItem\",\"position\":2,\"name\":\"Heikki Haavisto kannusti osuuskuntia uudistumiseen ja liiketoiminnan j\u00e4rkeist\u00e4miseen\"}]},{\"@type\":\"WebSite\",\"@id\":\"https:\\\/\\\/pellervo.fi\\\/#website\",\"url\":\"https:\\\/\\\/pellervo.fi\\\/\",\"name\":\"Pellervo\",\"description\":\"Osuuskuntien keskusj\u00e4rjest\u00f6\",\"publisher\":{\"@id\":\"https:\\\/\\\/pellervo.fi\\\/#organization\"},\"potentialAction\":[{\"@type\":\"SearchAction\",\"target\":{\"@type\":\"EntryPoint\",\"urlTemplate\":\"https:\\\/\\\/pellervo.fi\\\/?s={search_term_string}\"},\"query-input\":{\"@type\":\"PropertyValueSpecification\",\"valueRequired\":true,\"valueName\":\"search_term_string\"}}],\"inLanguage\":\"sv-SE\"},{\"@type\":\"Organization\",\"@id\":\"https:\\\/\\\/pellervo.fi\\\/#organization\",\"name\":\"Osuustoimintakeskus Pellervo ry\",\"url\":\"https:\\\/\\\/pellervo.fi\\\/\",\"logo\":{\"@type\":\"ImageObject\",\"inLanguage\":\"sv-SE\",\"@id\":\"https:\\\/\\\/pellervo.fi\\\/#\\\/schema\\\/logo\\\/image\\\/\",\"url\":\"https:\\\/\\\/pellervo.fi\\\/wp-content\\\/uploads\\\/2020\\\/05\\\/Pellervo_logo.png\",\"contentUrl\":\"https:\\\/\\\/pellervo.fi\\\/wp-content\\\/uploads\\\/2020\\\/05\\\/Pellervo_logo.png\",\"width\":1335,\"height\":376,\"caption\":\"Osuustoimintakeskus Pellervo ry\"},\"image\":{\"@id\":\"https:\\\/\\\/pellervo.fi\\\/#\\\/schema\\\/logo\\\/image\\\/\"},\"sameAs\":[\"https:\\\/\\\/x.com\\\/PellervoFi\"]},{\"@type\":\"Person\",\"@id\":\"https:\\\/\\\/pellervo.fi\\\/#\\\/schema\\\/person\\\/4b74d40956937d1367ade81899997e71\",\"name\":\"pellervo\",\"image\":{\"@type\":\"ImageObject\",\"inLanguage\":\"sv-SE\",\"@id\":\"https:\\\/\\\/pellervo.fi\\\/wp-content\\\/uploads\\\/2013\\\/11\\\/pellervo_avatar_1384522134-96x96.jpg\",\"url\":\"https:\\\/\\\/pellervo.fi\\\/wp-content\\\/uploads\\\/2013\\\/11\\\/pellervo_avatar_1384522134-96x96.jpg\",\"contentUrl\":\"https:\\\/\\\/pellervo.fi\\\/wp-content\\\/uploads\\\/2013\\\/11\\\/pellervo_avatar_1384522134-96x96.jpg\",\"caption\":\"pellervo\"},\"description\":\"Kuvaus\",\"url\":\"https:\\\/\\\/pellervo.fi\\\/sv\\\/author\\\/pellervo\\\/\"}]}<\/script>\n<!-- \/ Yoast SEO plugin. -->","yoast_head_json":{"title":"Heikki Haavisto kannusti osuuskuntia uudistumiseen ja liiketoiminnan j\u00e4rkeist\u00e4miseen - Pellervo","robots":{"index":"index","follow":"follow","max-snippet":"max-snippet:-1","max-image-preview":"max-image-preview:large","max-video-preview":"max-video-preview:-1"},"canonical":"https:\/\/pellervo.fi\/jarjesto\/2023\/01\/17\/heikki-haavisto-kannusti-osuuskuntia-uudistumiseen-ja-liiketoiminnan-jarkeistamiseen\/","og_locale":"sv_SE","og_type":"article","og_title":"Heikki Haavisto kannusti osuuskuntia uudistumiseen ja liiketoiminnan j\u00e4rkeist\u00e4miseen - Pellervo","og_description":"Pellervon valtuuskunnan pitk\u00e4aikaisen puheenjohtajan Heikki Haaviston muistoseminaari j\u00e4rjestettiin eduskunnassa tiistaina 17. tammikuuta. Suomen EU-neuvotteluissa keskeisesti vaikuttaneena ulkoministerin\u00e4 ja ja MTK:n toiminnanjohtajana sek\u00e4 puheenjohtajana merkitt\u00e4v\u00e4n uran tehnyt Haavisto kuoli viime hein\u00e4kuussa. MTK:n ja Pellervon yhteisen tilaisuuden avaussanat lausui Pellervon hallituksen puheenjohtaja Petri Pitk\u00e4nen: &#8211; Haavisto kannusti pellervolaisia osuuskuntia uudistumiseen ja liiketoiminnan j\u00e4rkeist\u00e4miseen. Samalla h\u00e4n piti t\u00e4rke\u00e4n\u00e4,","og_url":"https:\/\/pellervo.fi\/jarjesto\/2023\/01\/17\/heikki-haavisto-kannusti-osuuskuntia-uudistumiseen-ja-liiketoiminnan-jarkeistamiseen\/","og_site_name":"Pellervo","article_published_time":"2023-01-17T14:31:41+00:00","article_modified_time":"2023-01-17T14:51:53+00:00","og_image":[{"width":2016,"height":1512,"url":"https:\/\/pellervo.fi\/wp-content\/uploads\/2023\/01\/Haavisto-seminaari-Pete-2023.jpg","type":"image\/jpeg"}],"author":"pellervo","twitter_card":"summary_large_image","twitter_creator":"@PellervoFi","twitter_site":"@PellervoFi","twitter_misc":{"Skriven av":"pellervo","Ber\u00e4knad l\u00e4stid":"3 minuter"},"schema":{"@context":"https:\/\/schema.org","@graph":[{"@type":"Article","@id":"https:\/\/pellervo.fi\/jarjesto\/2023\/01\/17\/heikki-haavisto-kannusti-osuuskuntia-uudistumiseen-ja-liiketoiminnan-jarkeistamiseen\/#article","isPartOf":{"@id":"https:\/\/pellervo.fi\/jarjesto\/2023\/01\/17\/heikki-haavisto-kannusti-osuuskuntia-uudistumiseen-ja-liiketoiminnan-jarkeistamiseen\/"},"author":{"name":"pellervo","@id":"https:\/\/pellervo.fi\/#\/schema\/person\/4b74d40956937d1367ade81899997e71"},"headline":"Heikki Haavisto kannusti osuuskuntia uudistumiseen ja liiketoiminnan j\u00e4rkeist\u00e4miseen","datePublished":"2023-01-17T14:31:41+00:00","dateModified":"2023-01-17T14:51:53+00:00","mainEntityOfPage":{"@id":"https:\/\/pellervo.fi\/jarjesto\/2023\/01\/17\/heikki-haavisto-kannusti-osuuskuntia-uudistumiseen-ja-liiketoiminnan-jarkeistamiseen\/"},"wordCount":402,"publisher":{"@id":"https:\/\/pellervo.fi\/#organization"},"image":{"@id":"https:\/\/pellervo.fi\/jarjesto\/2023\/01\/17\/heikki-haavisto-kannusti-osuuskuntia-uudistumiseen-ja-liiketoiminnan-jarkeistamiseen\/#primaryimage"},"thumbnailUrl":"https:\/\/pellervo.fi\/wp-content\/uploads\/2023\/01\/Haavisto-seminaari-Pete-2023.jpg","keywords":["Heikki Haavisto","historia","huoltovarmuus"],"articleSection":["J\u00e4rjest\u00f6"],"inLanguage":"sv-SE"},{"@type":"WebPage","@id":"https:\/\/pellervo.fi\/jarjesto\/2023\/01\/17\/heikki-haavisto-kannusti-osuuskuntia-uudistumiseen-ja-liiketoiminnan-jarkeistamiseen\/","url":"https:\/\/pellervo.fi\/jarjesto\/2023\/01\/17\/heikki-haavisto-kannusti-osuuskuntia-uudistumiseen-ja-liiketoiminnan-jarkeistamiseen\/","name":"Heikki Haavisto kannusti osuuskuntia uudistumiseen ja liiketoiminnan j\u00e4rkeist\u00e4miseen - Pellervo","isPartOf":{"@id":"https:\/\/pellervo.fi\/#website"},"primaryImageOfPage":{"@id":"https:\/\/pellervo.fi\/jarjesto\/2023\/01\/17\/heikki-haavisto-kannusti-osuuskuntia-uudistumiseen-ja-liiketoiminnan-jarkeistamiseen\/#primaryimage"},"image":{"@id":"https:\/\/pellervo.fi\/jarjesto\/2023\/01\/17\/heikki-haavisto-kannusti-osuuskuntia-uudistumiseen-ja-liiketoiminnan-jarkeistamiseen\/#primaryimage"},"thumbnailUrl":"https:\/\/pellervo.fi\/wp-content\/uploads\/2023\/01\/Haavisto-seminaari-Pete-2023.jpg","datePublished":"2023-01-17T14:31:41+00:00","dateModified":"2023-01-17T14:51:53+00:00","breadcrumb":{"@id":"https:\/\/pellervo.fi\/jarjesto\/2023\/01\/17\/heikki-haavisto-kannusti-osuuskuntia-uudistumiseen-ja-liiketoiminnan-jarkeistamiseen\/#breadcrumb"},"inLanguage":"sv-SE","potentialAction":[{"@type":"ReadAction","target":["https:\/\/pellervo.fi\/jarjesto\/2023\/01\/17\/heikki-haavisto-kannusti-osuuskuntia-uudistumiseen-ja-liiketoiminnan-jarkeistamiseen\/"]}]},{"@type":"ImageObject","inLanguage":"sv-SE","@id":"https:\/\/pellervo.fi\/jarjesto\/2023\/01\/17\/heikki-haavisto-kannusti-osuuskuntia-uudistumiseen-ja-liiketoiminnan-jarkeistamiseen\/#primaryimage","url":"https:\/\/pellervo.fi\/wp-content\/uploads\/2023\/01\/Haavisto-seminaari-Pete-2023.jpg","contentUrl":"https:\/\/pellervo.fi\/wp-content\/uploads\/2023\/01\/Haavisto-seminaari-Pete-2023.jpg","width":2016,"height":1512,"caption":"Petri Pitk\u00e4nen puhuu haaviston muistoseminaarissa Pikkuparlamentissa"},{"@type":"BreadcrumbList","@id":"https:\/\/pellervo.fi\/jarjesto\/2023\/01\/17\/heikki-haavisto-kannusti-osuuskuntia-uudistumiseen-ja-liiketoiminnan-jarkeistamiseen\/#breadcrumb","itemListElement":[{"@type":"ListItem","position":1,"name":"Koti","item":"https:\/\/pellervo.fi\/sv\/"},{"@type":"ListItem","position":2,"name":"Heikki Haavisto kannusti osuuskuntia uudistumiseen ja liiketoiminnan j\u00e4rkeist\u00e4miseen"}]},{"@type":"WebSite","@id":"https:\/\/pellervo.fi\/#website","url":"https:\/\/pellervo.fi\/","name":"Pellervo","description":"Osuuskuntien keskusj\u00e4rjest\u00f6","publisher":{"@id":"https:\/\/pellervo.fi\/#organization"},"potentialAction":[{"@type":"SearchAction","target":{"@type":"EntryPoint","urlTemplate":"https:\/\/pellervo.fi\/?s={search_term_string}"},"query-input":{"@type":"PropertyValueSpecification","valueRequired":true,"valueName":"search_term_string"}}],"inLanguage":"sv-SE"},{"@type":"Organization","@id":"https:\/\/pellervo.fi\/#organization","name":"Osuustoimintakeskus Pellervo ry","url":"https:\/\/pellervo.fi\/","logo":{"@type":"ImageObject","inLanguage":"sv-SE","@id":"https:\/\/pellervo.fi\/#\/schema\/logo\/image\/","url":"https:\/\/pellervo.fi\/wp-content\/uploads\/2020\/05\/Pellervo_logo.png","contentUrl":"https:\/\/pellervo.fi\/wp-content\/uploads\/2020\/05\/Pellervo_logo.png","width":1335,"height":376,"caption":"Osuustoimintakeskus Pellervo ry"},"image":{"@id":"https:\/\/pellervo.fi\/#\/schema\/logo\/image\/"},"sameAs":["https:\/\/x.com\/PellervoFi"]},{"@type":"Person","@id":"https:\/\/pellervo.fi\/#\/schema\/person\/4b74d40956937d1367ade81899997e71","name":"pellervo","image":{"@type":"ImageObject","inLanguage":"sv-SE","@id":"https:\/\/pellervo.fi\/wp-content\/uploads\/2013\/11\/pellervo_avatar_1384522134-96x96.jpg","url":"https:\/\/pellervo.fi\/wp-content\/uploads\/2013\/11\/pellervo_avatar_1384522134-96x96.jpg","contentUrl":"https:\/\/pellervo.fi\/wp-content\/uploads\/2013\/11\/pellervo_avatar_1384522134-96x96.jpg","caption":"pellervo"},"description":"Kuvaus","url":"https:\/\/pellervo.fi\/sv\/author\/pellervo\/"}]}},"_links":{"self":[{"href":"https:\/\/pellervo.fi\/sv\/wp-json\/wp\/v2\/posts\/894697","targetHints":{"allow":["GET"]}}],"collection":[{"href":"https:\/\/pellervo.fi\/sv\/wp-json\/wp\/v2\/posts"}],"about":[{"href":"https:\/\/pellervo.fi\/sv\/wp-json\/wp\/v2\/types\/post"}],"author":[{"embeddable":true,"href":"https:\/\/pellervo.fi\/sv\/wp-json\/wp\/v2\/users\/5"}],"replies":[{"embeddable":true,"href":"https:\/\/pellervo.fi\/sv\/wp-json\/wp\/v2\/comments?post=894697"}],"version-history":[{"count":6,"href":"https:\/\/pellervo.fi\/sv\/wp-json\/wp\/v2\/posts\/894697\/revisions"}],"predecessor-version":[{"id":894708,"href":"https:\/\/pellervo.fi\/sv\/wp-json\/wp\/v2\/posts\/894697\/revisions\/894708"}],"wp:featuredmedia":[{"embeddable":true,"href":"https:\/\/pellervo.fi\/sv\/wp-json\/wp\/v2\/media\/894698"}],"wp:attachment":[{"href":"https:\/\/pellervo.fi\/sv\/wp-json\/wp\/v2\/media?parent=894697"}],"wp:term":[{"taxonomy":"category","embeddable":true,"href":"https:\/\/pellervo.fi\/sv\/wp-json\/wp\/v2\/categories?post=894697"},{"taxonomy":"post_tag","embeddable":true,"href":"https:\/\/pellervo.fi\/sv\/wp-json\/wp\/v2\/tags?post=894697"}],"curies":[{"name":"wp","href":"https:\/\/api.w.org\/{rel}","templated":true}]}}