{"id":896071,"date":"2023-07-27T08:47:48","date_gmt":"2023-07-27T05:47:48","guid":{"rendered":"https:\/\/pellervo.fi\/?p=896071"},"modified":"2023-08-08T08:49:49","modified_gmt":"2023-08-08T05:49:49","slug":"metsa-fibre-jalleen-parhaiden-joukossa-ecovadis-2023-vastuullisuusarvioinnissa","status":"publish","type":"post","link":"https:\/\/pellervo.fi\/sv\/vastuullisuus\/2023\/07\/27\/metsa-fibre-jalleen-parhaiden-joukossa-ecovadis-2023-vastuullisuusarvioinnissa\/","title":{"rendered":"Mets\u00e4 Fibre j\u00e4lleen parhaiden joukossa EcoVadis 2023 -vastuullisuusarvioinnissa"},"content":{"rendered":"\n<p>Mets\u00e4 Groupiin kuuluva Mets\u00e4 Fibre on saavuttanut j\u00e4lleen EcoVadiksen korkeimman platinatason tunnustuksen tekem\u00e4st\u00e4\u00e4n vastuullisuusty\u00f6st\u00e4. Saamillaan pisteill\u00e4 85\/100 Mets\u00e4 Fibre kuuluu parhaimman yhden prosentin joukkoon EcoVadiksen arvioimien sellu- paperi- ja kartonkivalmistajien luokassa.<\/p>\n<p>EcoVadiksen arviointi keskittyy 21 tunnistettuun vastuullisuuden kriteeriin ymp\u00e4rist\u00f6asioiden, ty\u00f6el\u00e4m\u00e4n k\u00e4yt\u00e4nt\u00f6jen, eettisten toimintatapojen ja kest\u00e4v\u00e4n hankinnan n\u00e4k\u00f6kulmista. Mets\u00e4 Fibre arvioitiin erityisen korkealle (90\/100 pistett\u00e4) ymp\u00e4rist\u00f6asioihin liittyen.<\/p>\n<p>\u201cMets\u00e4 Fibrell\u00e4 vastuullisuus ja kest\u00e4v\u00e4 kehitys ovat keskeinen osa strategiaamme ja kaikkea toimintaamme. Olemme kaikki ylpeit\u00e4 saamastamme EcoVadiksen korkeimman tason tunnustuksesta, joka tuli meille nyt jo viitett\u00e4 kertaa per\u00e4kk\u00e4in. Erityisen iloisia olemme siit\u00e4, ett\u00e4 saamamme arvio parani edellisvuoden 82 pisteest\u00e4 85:een. Arvioinnissa saamamme palaute on eritt\u00e4in arvokasta, ja hy\u00f6dynn\u00e4mme sit\u00e4 yhten\u00e4 ty\u00f6kaluna toimintamme jatkuvassa parantamisessa\u201d, sanoo Mets\u00e4 Fibren toimitusjohtaja <strong>Ismo Nousiainen<\/strong>.<\/p>\n<p>\u201dMets\u00e4 Groupin strategiset kest\u00e4v\u00e4n kehityksen 2030 tavoitteet rakentavat tiet\u00e4 kohti ilmastoneutraalia yhteiskuntaa. Mets\u00e4 Fibrell\u00e4 on t\u00e4rke\u00e4 rooli n\u00e4iden tavoitteiden toteuttamisessa. Tavoitteenamme ovat muun muassa fossiilittomat tehtaat, sivuvirtojen 100-prosenttinen hy\u00f6dynt\u00e4minen sek\u00e4 t\u00e4ysin fossiilittomat raaka-aineet vuoteen 2030 menness\u00e4. Kemiin valmistuva uusi biotuotetehdas ja Rauman maailman modernein saha tukevat osaltaan n\u00e4iden tavoitteiden saavuttamista\u201d, Nousiainen toteaa.<\/p>\n<p>EcoVadiksen k\u00e4ytt\u00e4m\u00e4t menetelm\u00e4t ja arviointikriteerit ovat kansainv\u00e4listen Corporate Social Responsibility (CSR) -standardien mukaisia. Niihin kuuluvat esimerkiksi Global Reporting Initiative (GRI), YK:n Global Compact -aloite ja ISO 26000.<\/p>\n","protected":false},"excerpt":{"rendered":"<p>Mets\u00e4 Groupiin kuuluva Mets\u00e4 Fibre on saavuttanut j\u00e4lleen EcoVadiksen korkeimman platinatason tunnustuksen tekem\u00e4st\u00e4\u00e4n vastuullisuusty\u00f6st\u00e4. Saamillaan pisteill\u00e4 85\/100 Mets\u00e4 Fibre kuuluu parhaimman yhden prosentin joukkoon EcoVadiksen arvioimien sellu- paperi- ja kartonkivalmistajien luokassa.<\/p>\n","protected":false},"author":6,"featured_media":896072,"comment_status":"closed","ping_status":"closed","sticky":false,"template":"","format":"standard","meta":{"inline_featured_image":false,"_monsterinsights_skip_tracking":false,"_monsterinsights_sitenote_active":false,"_monsterinsights_sitenote_note":"","_monsterinsights_sitenote_category":0,"site-sidebar-layout":"default","site-content-layout":"","ast-site-content-layout":"default","site-content-style":"default","site-sidebar-style":"default","ast-global-header-display":"","ast-banner-title-visibility":"","ast-main-header-display":"","ast-hfb-above-header-display":"","ast-hfb-below-header-display":"","ast-hfb-mobile-header-display":"","site-post-title":"","ast-breadcrumbs-content":"","ast-featured-img":"","footer-sml-layout":"","ast-disable-related-posts":"","theme-transparent-header-meta":"","adv-header-id-meta":"","stick-header-meta":"","header-above-stick-meta":"","header-main-stick-meta":"","header-below-stick-meta":"","astra-migrate-meta-layouts":"default","ast-page-background-enabled":"default","ast-page-background-meta":{"desktop":{"background-color":"","background-image":"","background-repeat":"repeat","background-position":"center center","background-size":"auto","background-attachment":"scroll","background-type":"","background-media":"","overlay-type":"","overlay-color":"","overlay-opacity":"","overlay-gradient":""},"tablet":{"background-color":"","background-image":"","background-repeat":"repeat","background-position":"center center","background-size":"auto","background-attachment":"scroll","background-type":"","background-media":"","overlay-type":"","overlay-color":"","overlay-opacity":"","overlay-gradient":""},"mobile":{"background-color":"","background-image":"","background-repeat":"repeat","background-position":"center center","background-size":"auto","background-attachment":"scroll","background-type":"","background-media":"","overlay-type":"","overlay-color":"","overlay-opacity":"","overlay-gradient":""}},"ast-content-background-meta":{"desktop":{"background-color":"var(--ast-global-color-5)","background-image":"","background-repeat":"repeat","background-position":"center center","background-size":"auto","background-attachment":"scroll","background-type":"","background-media":"","overlay-type":"","overlay-color":"","overlay-opacity":"","overlay-gradient":""},"tablet":{"background-color":"var(--ast-global-color-5)","background-image":"","background-repeat":"repeat","background-position":"center center","background-size":"auto","background-attachment":"scroll","background-type":"","background-media":"","overlay-type":"","overlay-color":"","overlay-opacity":"","overlay-gradient":""},"mobile":{"background-color":"var(--ast-global-color-5)","background-image":"","background-repeat":"repeat","background-position":"center center","background-size":"auto","background-attachment":"scroll","background-type":"","background-media":"","overlay-type":"","overlay-color":"","overlay-opacity":"","overlay-gradient":""}},"_FSMCFIC_featured_image_caption":"","_FSMCFIC_featured_image_nocaption":"","_FSMCFIC_featured_image_hide":"","footnotes":""},"categories":[224],"tags":[],"class_list":["post-896071","post","type-post","status-publish","format-standard","has-post-thumbnail","hentry","category-vastuullisuus"],"yoast_head":"<!-- This site is optimized with the Yoast SEO plugin v27.4 - https:\/\/yoast.com\/product\/yoast-seo-wordpress\/ -->\n<title>Mets\u00e4 Fibre j\u00e4lleen parhaiden joukossa EcoVadis 2023 -vastuullisuusarvioinnissa - Pellervo<\/title>\n<meta name=\"robots\" content=\"index, follow, max-snippet:-1, max-image-preview:large, max-video-preview:-1\" \/>\n<link rel=\"canonical\" href=\"https:\/\/pellervo.fi\/vastuullisuus\/2023\/07\/27\/metsa-fibre-jalleen-parhaiden-joukossa-ecovadis-2023-vastuullisuusarvioinnissa\/\" \/>\n<meta property=\"og:locale\" content=\"sv_SE\" \/>\n<meta property=\"og:type\" content=\"article\" \/>\n<meta property=\"og:title\" content=\"Mets\u00e4 Fibre j\u00e4lleen parhaiden joukossa EcoVadis 2023 -vastuullisuusarvioinnissa - Pellervo\" \/>\n<meta property=\"og:description\" content=\"Mets\u00e4 Groupiin kuuluva Mets\u00e4 Fibre on saavuttanut j\u00e4lleen EcoVadiksen korkeimman platinatason tunnustuksen tekem\u00e4st\u00e4\u00e4n vastuullisuusty\u00f6st\u00e4. Saamillaan pisteill\u00e4 85\/100 Mets\u00e4 Fibre kuuluu parhaimman yhden prosentin joukkoon EcoVadiksen arvioimien sellu- paperi- ja kartonkivalmistajien luokassa.\" \/>\n<meta property=\"og:url\" content=\"https:\/\/pellervo.fi\/vastuullisuus\/2023\/07\/27\/metsa-fibre-jalleen-parhaiden-joukossa-ecovadis-2023-vastuullisuusarvioinnissa\/\" \/>\n<meta property=\"og:site_name\" content=\"Pellervo\" \/>\n<meta property=\"article:published_time\" content=\"2023-07-27T05:47:48+00:00\" \/>\n<meta property=\"article:modified_time\" content=\"2023-08-08T05:49:49+00:00\" \/>\n<meta property=\"og:image\" content=\"https:\/\/pellervo.fi\/wp-content\/uploads\/2023\/08\/MetsaEcovadis.jpg\" \/>\n\t<meta property=\"og:image:width\" content=\"700\" \/>\n\t<meta property=\"og:image:height\" content=\"570\" \/>\n\t<meta property=\"og:image:type\" content=\"image\/jpeg\" \/>\n<meta name=\"author\" content=\"Hanna Muukka\" \/>\n<meta name=\"twitter:card\" content=\"summary_large_image\" \/>\n<meta name=\"twitter:creator\" content=\"@PellervoFi\" \/>\n<meta name=\"twitter:site\" content=\"@PellervoFi\" \/>\n<meta name=\"twitter:label1\" content=\"Skriven av\" \/>\n\t<meta name=\"twitter:data1\" content=\"Hanna Muukka\" \/>\n\t<meta name=\"twitter:label2\" content=\"Ber\u00e4knad l\u00e4stid\" \/>\n\t<meta name=\"twitter:data2\" content=\"2 minuter\" \/>\n<script type=\"application\/ld+json\" class=\"yoast-schema-graph\">{\"@context\":\"https:\\\/\\\/schema.org\",\"@graph\":[{\"@type\":\"Article\",\"@id\":\"https:\\\/\\\/pellervo.fi\\\/vastuullisuus\\\/2023\\\/07\\\/27\\\/metsa-fibre-jalleen-parhaiden-joukossa-ecovadis-2023-vastuullisuusarvioinnissa\\\/#article\",\"isPartOf\":{\"@id\":\"https:\\\/\\\/pellervo.fi\\\/vastuullisuus\\\/2023\\\/07\\\/27\\\/metsa-fibre-jalleen-parhaiden-joukossa-ecovadis-2023-vastuullisuusarvioinnissa\\\/\"},\"author\":{\"name\":\"Hanna Muukka\",\"@id\":\"https:\\\/\\\/pellervo.fi\\\/#\\\/schema\\\/person\\\/f001b7c670bab10e5236b09672d9e6a3\"},\"headline\":\"Mets\u00e4 Fibre j\u00e4lleen parhaiden joukossa EcoVadis 2023 -vastuullisuusarvioinnissa\",\"datePublished\":\"2023-07-27T05:47:48+00:00\",\"dateModified\":\"2023-08-08T05:49:49+00:00\",\"mainEntityOfPage\":{\"@id\":\"https:\\\/\\\/pellervo.fi\\\/vastuullisuus\\\/2023\\\/07\\\/27\\\/metsa-fibre-jalleen-parhaiden-joukossa-ecovadis-2023-vastuullisuusarvioinnissa\\\/\"},\"wordCount\":236,\"publisher\":{\"@id\":\"https:\\\/\\\/pellervo.fi\\\/#organization\"},\"image\":{\"@id\":\"https:\\\/\\\/pellervo.fi\\\/vastuullisuus\\\/2023\\\/07\\\/27\\\/metsa-fibre-jalleen-parhaiden-joukossa-ecovadis-2023-vastuullisuusarvioinnissa\\\/#primaryimage\"},\"thumbnailUrl\":\"https:\\\/\\\/pellervo.fi\\\/wp-content\\\/uploads\\\/2023\\\/08\\\/MetsaEcovadis.jpg\",\"articleSection\":[\"Vastuullisuus\"],\"inLanguage\":\"sv-SE\"},{\"@type\":\"WebPage\",\"@id\":\"https:\\\/\\\/pellervo.fi\\\/vastuullisuus\\\/2023\\\/07\\\/27\\\/metsa-fibre-jalleen-parhaiden-joukossa-ecovadis-2023-vastuullisuusarvioinnissa\\\/\",\"url\":\"https:\\\/\\\/pellervo.fi\\\/vastuullisuus\\\/2023\\\/07\\\/27\\\/metsa-fibre-jalleen-parhaiden-joukossa-ecovadis-2023-vastuullisuusarvioinnissa\\\/\",\"name\":\"Mets\u00e4 Fibre j\u00e4lleen parhaiden joukossa EcoVadis 2023 -vastuullisuusarvioinnissa - Pellervo\",\"isPartOf\":{\"@id\":\"https:\\\/\\\/pellervo.fi\\\/#website\"},\"primaryImageOfPage\":{\"@id\":\"https:\\\/\\\/pellervo.fi\\\/vastuullisuus\\\/2023\\\/07\\\/27\\\/metsa-fibre-jalleen-parhaiden-joukossa-ecovadis-2023-vastuullisuusarvioinnissa\\\/#primaryimage\"},\"image\":{\"@id\":\"https:\\\/\\\/pellervo.fi\\\/vastuullisuus\\\/2023\\\/07\\\/27\\\/metsa-fibre-jalleen-parhaiden-joukossa-ecovadis-2023-vastuullisuusarvioinnissa\\\/#primaryimage\"},\"thumbnailUrl\":\"https:\\\/\\\/pellervo.fi\\\/wp-content\\\/uploads\\\/2023\\\/08\\\/MetsaEcovadis.jpg\",\"datePublished\":\"2023-07-27T05:47:48+00:00\",\"dateModified\":\"2023-08-08T05:49:49+00:00\",\"breadcrumb\":{\"@id\":\"https:\\\/\\\/pellervo.fi\\\/vastuullisuus\\\/2023\\\/07\\\/27\\\/metsa-fibre-jalleen-parhaiden-joukossa-ecovadis-2023-vastuullisuusarvioinnissa\\\/#breadcrumb\"},\"inLanguage\":\"sv-SE\",\"potentialAction\":[{\"@type\":\"ReadAction\",\"target\":[\"https:\\\/\\\/pellervo.fi\\\/vastuullisuus\\\/2023\\\/07\\\/27\\\/metsa-fibre-jalleen-parhaiden-joukossa-ecovadis-2023-vastuullisuusarvioinnissa\\\/\"]}]},{\"@type\":\"ImageObject\",\"inLanguage\":\"sv-SE\",\"@id\":\"https:\\\/\\\/pellervo.fi\\\/vastuullisuus\\\/2023\\\/07\\\/27\\\/metsa-fibre-jalleen-parhaiden-joukossa-ecovadis-2023-vastuullisuusarvioinnissa\\\/#primaryimage\",\"url\":\"https:\\\/\\\/pellervo.fi\\\/wp-content\\\/uploads\\\/2023\\\/08\\\/MetsaEcovadis.jpg\",\"contentUrl\":\"https:\\\/\\\/pellervo.fi\\\/wp-content\\\/uploads\\\/2023\\\/08\\\/MetsaEcovadis.jpg\",\"width\":700,\"height\":570,\"caption\":\"Vehre\u00e4n aurinkoinen ilmakuva suomalaisesta mets\u00e4st\u00e4.\"},{\"@type\":\"BreadcrumbList\",\"@id\":\"https:\\\/\\\/pellervo.fi\\\/vastuullisuus\\\/2023\\\/07\\\/27\\\/metsa-fibre-jalleen-parhaiden-joukossa-ecovadis-2023-vastuullisuusarvioinnissa\\\/#breadcrumb\",\"itemListElement\":[{\"@type\":\"ListItem\",\"position\":1,\"name\":\"Koti\",\"item\":\"https:\\\/\\\/pellervo.fi\\\/sv\\\/\"},{\"@type\":\"ListItem\",\"position\":2,\"name\":\"Mets\u00e4 Fibre j\u00e4lleen parhaiden joukossa EcoVadis 2023 -vastuullisuusarvioinnissa\"}]},{\"@type\":\"WebSite\",\"@id\":\"https:\\\/\\\/pellervo.fi\\\/#website\",\"url\":\"https:\\\/\\\/pellervo.fi\\\/\",\"name\":\"Pellervo\",\"description\":\"Osuuskuntien keskusj\u00e4rjest\u00f6\",\"publisher\":{\"@id\":\"https:\\\/\\\/pellervo.fi\\\/#organization\"},\"potentialAction\":[{\"@type\":\"SearchAction\",\"target\":{\"@type\":\"EntryPoint\",\"urlTemplate\":\"https:\\\/\\\/pellervo.fi\\\/?s={search_term_string}\"},\"query-input\":{\"@type\":\"PropertyValueSpecification\",\"valueRequired\":true,\"valueName\":\"search_term_string\"}}],\"inLanguage\":\"sv-SE\"},{\"@type\":\"Organization\",\"@id\":\"https:\\\/\\\/pellervo.fi\\\/#organization\",\"name\":\"Osuustoimintakeskus Pellervo ry\",\"url\":\"https:\\\/\\\/pellervo.fi\\\/\",\"logo\":{\"@type\":\"ImageObject\",\"inLanguage\":\"sv-SE\",\"@id\":\"https:\\\/\\\/pellervo.fi\\\/#\\\/schema\\\/logo\\\/image\\\/\",\"url\":\"https:\\\/\\\/pellervo.fi\\\/wp-content\\\/uploads\\\/2020\\\/05\\\/Pellervo_logo.png\",\"contentUrl\":\"https:\\\/\\\/pellervo.fi\\\/wp-content\\\/uploads\\\/2020\\\/05\\\/Pellervo_logo.png\",\"width\":1335,\"height\":376,\"caption\":\"Osuustoimintakeskus Pellervo ry\"},\"image\":{\"@id\":\"https:\\\/\\\/pellervo.fi\\\/#\\\/schema\\\/logo\\\/image\\\/\"},\"sameAs\":[\"https:\\\/\\\/x.com\\\/PellervoFi\"]},{\"@type\":\"Person\",\"@id\":\"https:\\\/\\\/pellervo.fi\\\/#\\\/schema\\\/person\\\/f001b7c670bab10e5236b09672d9e6a3\",\"name\":\"Hanna Muukka\",\"image\":{\"@type\":\"ImageObject\",\"inLanguage\":\"sv-SE\",\"@id\":\"https:\\\/\\\/pellervo.fi\\\/wp-content\\\/uploads\\\/2014\\\/02\\\/Hanna-Muukka_avatar_1393417732-96x96.jpg\",\"url\":\"https:\\\/\\\/pellervo.fi\\\/wp-content\\\/uploads\\\/2014\\\/02\\\/Hanna-Muukka_avatar_1393417732-96x96.jpg\",\"contentUrl\":\"https:\\\/\\\/pellervo.fi\\\/wp-content\\\/uploads\\\/2014\\\/02\\\/Hanna-Muukka_avatar_1393417732-96x96.jpg\",\"caption\":\"Hanna Muukka\"},\"description\":\"Kirjoittaja ty\u00f6skentelee Osuustoimintakeskus Pellervossa vastuullisuusasiantuntijana.\",\"url\":\"https:\\\/\\\/pellervo.fi\\\/sv\\\/author\\\/hannamuu\\\/\"}]}<\/script>\n<!-- \/ Yoast SEO plugin. -->","yoast_head_json":{"title":"Mets\u00e4 Fibre j\u00e4lleen parhaiden joukossa EcoVadis 2023 -vastuullisuusarvioinnissa - Pellervo","robots":{"index":"index","follow":"follow","max-snippet":"max-snippet:-1","max-image-preview":"max-image-preview:large","max-video-preview":"max-video-preview:-1"},"canonical":"https:\/\/pellervo.fi\/vastuullisuus\/2023\/07\/27\/metsa-fibre-jalleen-parhaiden-joukossa-ecovadis-2023-vastuullisuusarvioinnissa\/","og_locale":"sv_SE","og_type":"article","og_title":"Mets\u00e4 Fibre j\u00e4lleen parhaiden joukossa EcoVadis 2023 -vastuullisuusarvioinnissa - Pellervo","og_description":"Mets\u00e4 Groupiin kuuluva Mets\u00e4 Fibre on saavuttanut j\u00e4lleen EcoVadiksen korkeimman platinatason tunnustuksen tekem\u00e4st\u00e4\u00e4n vastuullisuusty\u00f6st\u00e4. Saamillaan pisteill\u00e4 85\/100 Mets\u00e4 Fibre kuuluu parhaimman yhden prosentin joukkoon EcoVadiksen arvioimien sellu- paperi- ja kartonkivalmistajien luokassa.","og_url":"https:\/\/pellervo.fi\/vastuullisuus\/2023\/07\/27\/metsa-fibre-jalleen-parhaiden-joukossa-ecovadis-2023-vastuullisuusarvioinnissa\/","og_site_name":"Pellervo","article_published_time":"2023-07-27T05:47:48+00:00","article_modified_time":"2023-08-08T05:49:49+00:00","og_image":[{"width":700,"height":570,"url":"https:\/\/pellervo.fi\/wp-content\/uploads\/2023\/08\/MetsaEcovadis.jpg","type":"image\/jpeg"}],"author":"Hanna Muukka","twitter_card":"summary_large_image","twitter_creator":"@PellervoFi","twitter_site":"@PellervoFi","twitter_misc":{"Skriven av":"Hanna Muukka","Ber\u00e4knad l\u00e4stid":"2 minuter"},"schema":{"@context":"https:\/\/schema.org","@graph":[{"@type":"Article","@id":"https:\/\/pellervo.fi\/vastuullisuus\/2023\/07\/27\/metsa-fibre-jalleen-parhaiden-joukossa-ecovadis-2023-vastuullisuusarvioinnissa\/#article","isPartOf":{"@id":"https:\/\/pellervo.fi\/vastuullisuus\/2023\/07\/27\/metsa-fibre-jalleen-parhaiden-joukossa-ecovadis-2023-vastuullisuusarvioinnissa\/"},"author":{"name":"Hanna Muukka","@id":"https:\/\/pellervo.fi\/#\/schema\/person\/f001b7c670bab10e5236b09672d9e6a3"},"headline":"Mets\u00e4 Fibre j\u00e4lleen parhaiden joukossa EcoVadis 2023 -vastuullisuusarvioinnissa","datePublished":"2023-07-27T05:47:48+00:00","dateModified":"2023-08-08T05:49:49+00:00","mainEntityOfPage":{"@id":"https:\/\/pellervo.fi\/vastuullisuus\/2023\/07\/27\/metsa-fibre-jalleen-parhaiden-joukossa-ecovadis-2023-vastuullisuusarvioinnissa\/"},"wordCount":236,"publisher":{"@id":"https:\/\/pellervo.fi\/#organization"},"image":{"@id":"https:\/\/pellervo.fi\/vastuullisuus\/2023\/07\/27\/metsa-fibre-jalleen-parhaiden-joukossa-ecovadis-2023-vastuullisuusarvioinnissa\/#primaryimage"},"thumbnailUrl":"https:\/\/pellervo.fi\/wp-content\/uploads\/2023\/08\/MetsaEcovadis.jpg","articleSection":["Vastuullisuus"],"inLanguage":"sv-SE"},{"@type":"WebPage","@id":"https:\/\/pellervo.fi\/vastuullisuus\/2023\/07\/27\/metsa-fibre-jalleen-parhaiden-joukossa-ecovadis-2023-vastuullisuusarvioinnissa\/","url":"https:\/\/pellervo.fi\/vastuullisuus\/2023\/07\/27\/metsa-fibre-jalleen-parhaiden-joukossa-ecovadis-2023-vastuullisuusarvioinnissa\/","name":"Mets\u00e4 Fibre j\u00e4lleen parhaiden joukossa EcoVadis 2023 -vastuullisuusarvioinnissa - Pellervo","isPartOf":{"@id":"https:\/\/pellervo.fi\/#website"},"primaryImageOfPage":{"@id":"https:\/\/pellervo.fi\/vastuullisuus\/2023\/07\/27\/metsa-fibre-jalleen-parhaiden-joukossa-ecovadis-2023-vastuullisuusarvioinnissa\/#primaryimage"},"image":{"@id":"https:\/\/pellervo.fi\/vastuullisuus\/2023\/07\/27\/metsa-fibre-jalleen-parhaiden-joukossa-ecovadis-2023-vastuullisuusarvioinnissa\/#primaryimage"},"thumbnailUrl":"https:\/\/pellervo.fi\/wp-content\/uploads\/2023\/08\/MetsaEcovadis.jpg","datePublished":"2023-07-27T05:47:48+00:00","dateModified":"2023-08-08T05:49:49+00:00","breadcrumb":{"@id":"https:\/\/pellervo.fi\/vastuullisuus\/2023\/07\/27\/metsa-fibre-jalleen-parhaiden-joukossa-ecovadis-2023-vastuullisuusarvioinnissa\/#breadcrumb"},"inLanguage":"sv-SE","potentialAction":[{"@type":"ReadAction","target":["https:\/\/pellervo.fi\/vastuullisuus\/2023\/07\/27\/metsa-fibre-jalleen-parhaiden-joukossa-ecovadis-2023-vastuullisuusarvioinnissa\/"]}]},{"@type":"ImageObject","inLanguage":"sv-SE","@id":"https:\/\/pellervo.fi\/vastuullisuus\/2023\/07\/27\/metsa-fibre-jalleen-parhaiden-joukossa-ecovadis-2023-vastuullisuusarvioinnissa\/#primaryimage","url":"https:\/\/pellervo.fi\/wp-content\/uploads\/2023\/08\/MetsaEcovadis.jpg","contentUrl":"https:\/\/pellervo.fi\/wp-content\/uploads\/2023\/08\/MetsaEcovadis.jpg","width":700,"height":570,"caption":"Vehre\u00e4n aurinkoinen ilmakuva suomalaisesta mets\u00e4st\u00e4."},{"@type":"BreadcrumbList","@id":"https:\/\/pellervo.fi\/vastuullisuus\/2023\/07\/27\/metsa-fibre-jalleen-parhaiden-joukossa-ecovadis-2023-vastuullisuusarvioinnissa\/#breadcrumb","itemListElement":[{"@type":"ListItem","position":1,"name":"Koti","item":"https:\/\/pellervo.fi\/sv\/"},{"@type":"ListItem","position":2,"name":"Mets\u00e4 Fibre j\u00e4lleen parhaiden joukossa EcoVadis 2023 -vastuullisuusarvioinnissa"}]},{"@type":"WebSite","@id":"https:\/\/pellervo.fi\/#website","url":"https:\/\/pellervo.fi\/","name":"Pellervo","description":"Osuuskuntien keskusj\u00e4rjest\u00f6","publisher":{"@id":"https:\/\/pellervo.fi\/#organization"},"potentialAction":[{"@type":"SearchAction","target":{"@type":"EntryPoint","urlTemplate":"https:\/\/pellervo.fi\/?s={search_term_string}"},"query-input":{"@type":"PropertyValueSpecification","valueRequired":true,"valueName":"search_term_string"}}],"inLanguage":"sv-SE"},{"@type":"Organization","@id":"https:\/\/pellervo.fi\/#organization","name":"Osuustoimintakeskus Pellervo ry","url":"https:\/\/pellervo.fi\/","logo":{"@type":"ImageObject","inLanguage":"sv-SE","@id":"https:\/\/pellervo.fi\/#\/schema\/logo\/image\/","url":"https:\/\/pellervo.fi\/wp-content\/uploads\/2020\/05\/Pellervo_logo.png","contentUrl":"https:\/\/pellervo.fi\/wp-content\/uploads\/2020\/05\/Pellervo_logo.png","width":1335,"height":376,"caption":"Osuustoimintakeskus Pellervo ry"},"image":{"@id":"https:\/\/pellervo.fi\/#\/schema\/logo\/image\/"},"sameAs":["https:\/\/x.com\/PellervoFi"]},{"@type":"Person","@id":"https:\/\/pellervo.fi\/#\/schema\/person\/f001b7c670bab10e5236b09672d9e6a3","name":"Hanna Muukka","image":{"@type":"ImageObject","inLanguage":"sv-SE","@id":"https:\/\/pellervo.fi\/wp-content\/uploads\/2014\/02\/Hanna-Muukka_avatar_1393417732-96x96.jpg","url":"https:\/\/pellervo.fi\/wp-content\/uploads\/2014\/02\/Hanna-Muukka_avatar_1393417732-96x96.jpg","contentUrl":"https:\/\/pellervo.fi\/wp-content\/uploads\/2014\/02\/Hanna-Muukka_avatar_1393417732-96x96.jpg","caption":"Hanna Muukka"},"description":"Kirjoittaja ty\u00f6skentelee Osuustoimintakeskus Pellervossa vastuullisuusasiantuntijana.","url":"https:\/\/pellervo.fi\/sv\/author\/hannamuu\/"}]}},"_links":{"self":[{"href":"https:\/\/pellervo.fi\/sv\/wp-json\/wp\/v2\/posts\/896071","targetHints":{"allow":["GET"]}}],"collection":[{"href":"https:\/\/pellervo.fi\/sv\/wp-json\/wp\/v2\/posts"}],"about":[{"href":"https:\/\/pellervo.fi\/sv\/wp-json\/wp\/v2\/types\/post"}],"author":[{"embeddable":true,"href":"https:\/\/pellervo.fi\/sv\/wp-json\/wp\/v2\/users\/6"}],"replies":[{"embeddable":true,"href":"https:\/\/pellervo.fi\/sv\/wp-json\/wp\/v2\/comments?post=896071"}],"version-history":[{"count":1,"href":"https:\/\/pellervo.fi\/sv\/wp-json\/wp\/v2\/posts\/896071\/revisions"}],"predecessor-version":[{"id":896075,"href":"https:\/\/pellervo.fi\/sv\/wp-json\/wp\/v2\/posts\/896071\/revisions\/896075"}],"wp:featuredmedia":[{"embeddable":true,"href":"https:\/\/pellervo.fi\/sv\/wp-json\/wp\/v2\/media\/896072"}],"wp:attachment":[{"href":"https:\/\/pellervo.fi\/sv\/wp-json\/wp\/v2\/media?parent=896071"}],"wp:term":[{"taxonomy":"category","embeddable":true,"href":"https:\/\/pellervo.fi\/sv\/wp-json\/wp\/v2\/categories?post=896071"},{"taxonomy":"post_tag","embeddable":true,"href":"https:\/\/pellervo.fi\/sv\/wp-json\/wp\/v2\/tags?post=896071"}],"curies":[{"name":"wp","href":"https:\/\/api.w.org\/{rel}","templated":true}]}}