{"id":896318,"date":"2023-09-29T10:44:46","date_gmt":"2023-09-29T07:44:46","guid":{"rendered":"https:\/\/pellervo.fi\/?p=896318"},"modified":"2023-10-04T08:04:40","modified_gmt":"2023-10-04T05:04:40","slug":"kestavyysraportointi-pakolliseksi-myos-osuuskunnille-paitsi-alkutuotantoon-liittyville","status":"publish","type":"post","link":"https:\/\/pellervo.fi\/sv\/uutiset\/2023\/09\/29\/kestavyysraportointi-pakolliseksi-myos-osuuskunnille-paitsi-alkutuotantoon-liittyville\/","title":{"rendered":"Kest\u00e4vyysraportointi pakolliseksi my\u00f6s osuuskunnille &#8211; paitsi alkutuotantoon liittyville"},"content":{"rendered":"\n<p><strong>Hallitus on eilen antanut esityksen eduskunnalle kest\u00e4vyysraportointia koskeviksi muun muassa kirjanpito- ja tilintarkastuslain s\u00e4\u00e4nn\u00f6sten muuttamiseksi, joilla kest\u00e4vyysraportointia koskevat EU:n tilinp\u00e4\u00e4t\u00f6sdirektiivin s\u00e4\u00e4nn\u00f6kset saatetaan kansallisesti voimaan.<\/strong><\/p>\n<p>T\u00e4h\u00e4n asti raportointi on ollut pakollista vain isoille p\u00f6rssiyhti\u00f6ille, vaikka monet suuret yhti\u00f6t, my\u00f6s osuuskunnat, ovat jo vuosikausia raportoineet vapaaehtoisesti vastuullisuudestaan.<\/p>\n<p>Mik\u00e4li hallituksen esitys hyv\u00e4ksyt\u00e4\u00e4n eduskunnassa ehdotetun mukaisena, tulee direktiivin kansallinen t\u00e4yt\u00e4nt\u00f6\u00f6npano tarkoittamaan osuuskuntien kannalta sit\u00e4, ett\u00e4 kest\u00e4vyysraportointi tulee pakolliseksi my\u00f6s osuuskunnille, jos v\u00e4hint\u00e4\u00e4n kaksi seuraavista ehdoista t\u00e4yttyy: osuuskunnan tase v\u00e4hint\u00e4\u00e4n 20 miljoonaa euroa, liikevaihto v\u00e4hint\u00e4\u00e4n 40 miljoonaa tai sill\u00e4 on keskim\u00e4\u00e4rin 250 ty\u00f6ntekij\u00e4\u00e4.<\/p>\n<p>Merkitt\u00e4v\u00e4n poikkeuksen t\u00e4h\u00e4n tekee alkutuotantoa koskeva ehdotus, jonka mukaan alkutuotantoa harjoittavalla osuuskunnalla ja alkutuotantoa sen harjoittajilta hankkivalla osuuskunnalla eli hankintaosuuskunnalla on mahdollisuus j\u00e4tt\u00e4yty\u00e4 kest\u00e4vyysraportointis\u00e4\u00e4nn\u00f6sten ulkopuolelle. T\u00e4t\u00e4 perustellaan huoltovarmuuden yll\u00e4pit\u00e4misell\u00e4 sek\u00e4 maatalouden ja elintarvikehuollon muihin EU-maihin verrattuna raskaalla kustannusrakenteella.<\/p>\n<p>T\u00e4m\u00e4 edellytt\u00e4\u00e4 osuuskunnan hallituksen p\u00e4\u00e4t\u00f6st\u00e4 ja siit\u00e4 on j\u00e4senist\u00f6n ja muiden sidosryhmien informoimiseksi annettava tieto toimintakertomuksessa.<\/p>\n<p>\u201dTuottajaosuuskunnat toimivat ohuella organisaatiolla. Uusi raportointivelvoite olisi aiheuttanut niille kohtuuttomia kustannuksia\u201d, toteaa osuuskuntien keskusj\u00e4rjest\u00f6 Pellervon lakiasiainjohtaja <strong>Anne Kontkanen<\/strong>.<\/p>\n<h3>Osuuskuntien toive raportoinnin keskitt\u00e4misest\u00e4 huomioitu<\/h3>\n<p>Osuuskuntien osalta lakiehdotuksessa on otettu huomioon my\u00f6s osuuskuntien osakeyhti\u00f6iden konsernirakenteesta poikkeava toimintamalli, jossa osuuskunnat toimivat ryhm\u00e4n\u00e4 ja jonka hallinnollisia tai muita liiketoiminnallisia palveluja ryhm\u00e4\u00e4n kuuluville osuuskunnille tuottaa niiden omistuksessa oleva keskusyhteis\u00f6. N\u00e4ist\u00e4 merkitt\u00e4vin on S-ryhm\u00e4.<\/p>\n<p>Lakiehdotuksessa ehdotetaan sallittavaksi menettely, jossa keskusyhteis\u00f6 laatii ryhm\u00e4\u00e4n kuuluvien osuuskuntien puolesta yhteisen kest\u00e4vyysraportin. Se k\u00e4sitt\u00e4\u00e4 ryhm\u00e4\u00e4n kuuluvien osuuskuntien tiedot osakeyhti\u00f6iden konsernikest\u00e4vyysraporttia vastaavalla tavalla. Menettely vastaa sit\u00e4, ett\u00e4 osakeyhti\u00f6iden muodostamassa konsernirakenteessa m\u00e4\u00e4r\u00e4ysvaltaa k\u00e4ytt\u00e4v\u00e4 emoyhti\u00f6 laatii kest\u00e4vyysraportin koko konsernista.<\/p>\n<p>Ne osuuskunnat, joita kest\u00e4vyysraportointivelvollisuus tulee koskemaan, joutuvat tekem\u00e4\u00e4n uuden muotoisen kest\u00e4vyysraportin ensimm\u00e4isen kerran vuoden 2026 alusta 2025 alkaneelta tilikaudelta.<\/p>\n<p>&#8221;M\u00e4\u00e4r\u00e4muotoisen ja tarkkaan s\u00e4\u00e4nnellyt raportointivelvoitteen voimaanastuminen on iso muutos monille yrityksille, kiteytt\u00e4\u00e4 Anne Kontkanen.<\/p>\n","protected":false},"excerpt":{"rendered":"","protected":false},"author":5,"featured_media":895956,"comment_status":"closed","ping_status":"closed","sticky":false,"template":"","format":"standard","meta":{"inline_featured_image":false,"_monsterinsights_skip_tracking":false,"_monsterinsights_sitenote_active":false,"_monsterinsights_sitenote_note":"","_monsterinsights_sitenote_category":0,"site-sidebar-layout":"default","site-content-layout":"","ast-site-content-layout":"default","site-content-style":"default","site-sidebar-style":"default","ast-global-header-display":"","ast-banner-title-visibility":"","ast-main-header-display":"","ast-hfb-above-header-display":"","ast-hfb-below-header-display":"","ast-hfb-mobile-header-display":"","site-post-title":"","ast-breadcrumbs-content":"","ast-featured-img":"","footer-sml-layout":"","ast-disable-related-posts":"","theme-transparent-header-meta":"","adv-header-id-meta":"","stick-header-meta":"","header-above-stick-meta":"","header-main-stick-meta":"","header-below-stick-meta":"","astra-migrate-meta-layouts":"default","ast-page-background-enabled":"default","ast-page-background-meta":{"desktop":{"background-color":"","background-image":"","background-repeat":"repeat","background-position":"center center","background-size":"auto","background-attachment":"scroll","background-type":"","background-media":"","overlay-type":"","overlay-color":"","overlay-opacity":"","overlay-gradient":""},"tablet":{"background-color":"","background-image":"","background-repeat":"repeat","background-position":"center center","background-size":"auto","background-attachment":"scroll","background-type":"","background-media":"","overlay-type":"","overlay-color":"","overlay-opacity":"","overlay-gradient":""},"mobile":{"background-color":"","background-image":"","background-repeat":"repeat","background-position":"center center","background-size":"auto","background-attachment":"scroll","background-type":"","background-media":"","overlay-type":"","overlay-color":"","overlay-opacity":"","overlay-gradient":""}},"ast-content-background-meta":{"desktop":{"background-color":"var(--ast-global-color-5)","background-image":"","background-repeat":"repeat","background-position":"center center","background-size":"auto","background-attachment":"scroll","background-type":"","background-media":"","overlay-type":"","overlay-color":"","overlay-opacity":"","overlay-gradient":""},"tablet":{"background-color":"var(--ast-global-color-5)","background-image":"","background-repeat":"repeat","background-position":"center center","background-size":"auto","background-attachment":"scroll","background-type":"","background-media":"","overlay-type":"","overlay-color":"","overlay-opacity":"","overlay-gradient":""},"mobile":{"background-color":"var(--ast-global-color-5)","background-image":"","background-repeat":"repeat","background-position":"center center","background-size":"auto","background-attachment":"scroll","background-type":"","background-media":"","overlay-type":"","overlay-color":"","overlay-opacity":"","overlay-gradient":""}},"_FSMCFIC_featured_image_caption":"","_FSMCFIC_featured_image_nocaption":"","_FSMCFIC_featured_image_hide":"","footnotes":""},"categories":[22,343],"tags":[292],"class_list":["post-896318","post","type-post","status-publish","format-standard","has-post-thumbnail","hentry","category-uutiset","category-vastuullinen-talous","tag-eu"],"yoast_head":"<!-- This site is optimized with the Yoast SEO plugin v27.5 - https:\/\/yoast.com\/product\/yoast-seo-wordpress\/ -->\n<title>Kest\u00e4vyysraportointi pakolliseksi my\u00f6s osuuskunnille - paitsi alkutuotantoon liittyville - Pellervo<\/title>\n<meta name=\"robots\" content=\"index, follow, max-snippet:-1, max-image-preview:large, max-video-preview:-1\" \/>\n<link rel=\"canonical\" href=\"https:\/\/pellervo.fi\/uutiset\/2023\/09\/29\/kestavyysraportointi-pakolliseksi-myos-osuuskunnille-paitsi-alkutuotantoon-liittyville\/\" \/>\n<meta property=\"og:locale\" content=\"sv_SE\" \/>\n<meta property=\"og:type\" content=\"article\" \/>\n<meta property=\"og:title\" content=\"Kest\u00e4vyysraportointi pakolliseksi my\u00f6s osuuskunnille - paitsi alkutuotantoon liittyville - Pellervo\" \/>\n<meta property=\"og:url\" content=\"https:\/\/pellervo.fi\/uutiset\/2023\/09\/29\/kestavyysraportointi-pakolliseksi-myos-osuuskunnille-paitsi-alkutuotantoon-liittyville\/\" \/>\n<meta property=\"og:site_name\" content=\"Pellervo\" \/>\n<meta property=\"article:published_time\" content=\"2023-09-29T07:44:46+00:00\" \/>\n<meta property=\"article:modified_time\" content=\"2023-10-04T05:04:40+00:00\" \/>\n<meta property=\"og:image\" content=\"https:\/\/pellervo.fi\/wp-content\/uploads\/2023\/06\/milk-1377569_640-iso.jpg\" \/>\n\t<meta property=\"og:image:width\" content=\"640\" \/>\n\t<meta property=\"og:image:height\" content=\"418\" \/>\n\t<meta property=\"og:image:type\" content=\"image\/jpeg\" \/>\n<meta name=\"author\" content=\"pellervo\" \/>\n<meta name=\"twitter:card\" content=\"summary_large_image\" \/>\n<meta name=\"twitter:creator\" content=\"@PellervoFi\" \/>\n<meta name=\"twitter:site\" content=\"@PellervoFi\" \/>\n<meta name=\"twitter:label1\" content=\"Skriven av\" \/>\n\t<meta name=\"twitter:data1\" content=\"pellervo\" \/>\n\t<meta name=\"twitter:label2\" content=\"Ber\u00e4knad l\u00e4stid\" \/>\n\t<meta name=\"twitter:data2\" content=\"2 minuter\" \/>\n<script type=\"application\/ld+json\" class=\"yoast-schema-graph\">{\"@context\":\"https:\\\/\\\/schema.org\",\"@graph\":[{\"@type\":\"Article\",\"@id\":\"https:\\\/\\\/pellervo.fi\\\/uutiset\\\/2023\\\/09\\\/29\\\/kestavyysraportointi-pakolliseksi-myos-osuuskunnille-paitsi-alkutuotantoon-liittyville\\\/#article\",\"isPartOf\":{\"@id\":\"https:\\\/\\\/pellervo.fi\\\/uutiset\\\/2023\\\/09\\\/29\\\/kestavyysraportointi-pakolliseksi-myos-osuuskunnille-paitsi-alkutuotantoon-liittyville\\\/\"},\"author\":{\"name\":\"pellervo\",\"@id\":\"https:\\\/\\\/pellervo.fi\\\/#\\\/schema\\\/person\\\/4b74d40956937d1367ade81899997e71\"},\"headline\":\"Kest\u00e4vyysraportointi pakolliseksi my\u00f6s osuuskunnille &#8211; paitsi alkutuotantoon liittyville\",\"datePublished\":\"2023-09-29T07:44:46+00:00\",\"dateModified\":\"2023-10-04T05:04:40+00:00\",\"mainEntityOfPage\":{\"@id\":\"https:\\\/\\\/pellervo.fi\\\/uutiset\\\/2023\\\/09\\\/29\\\/kestavyysraportointi-pakolliseksi-myos-osuuskunnille-paitsi-alkutuotantoon-liittyville\\\/\"},\"wordCount\":351,\"publisher\":{\"@id\":\"https:\\\/\\\/pellervo.fi\\\/#organization\"},\"image\":{\"@id\":\"https:\\\/\\\/pellervo.fi\\\/uutiset\\\/2023\\\/09\\\/29\\\/kestavyysraportointi-pakolliseksi-myos-osuuskunnille-paitsi-alkutuotantoon-liittyville\\\/#primaryimage\"},\"thumbnailUrl\":\"https:\\\/\\\/pellervo.fi\\\/wp-content\\\/uploads\\\/2023\\\/06\\\/milk-1377569_640-iso.jpg\",\"keywords\":[\"EU\"],\"articleSection\":[\"Uutiset\",\"Vastuullinen talous\"],\"inLanguage\":\"sv-SE\"},{\"@type\":\"WebPage\",\"@id\":\"https:\\\/\\\/pellervo.fi\\\/uutiset\\\/2023\\\/09\\\/29\\\/kestavyysraportointi-pakolliseksi-myos-osuuskunnille-paitsi-alkutuotantoon-liittyville\\\/\",\"url\":\"https:\\\/\\\/pellervo.fi\\\/uutiset\\\/2023\\\/09\\\/29\\\/kestavyysraportointi-pakolliseksi-myos-osuuskunnille-paitsi-alkutuotantoon-liittyville\\\/\",\"name\":\"Kest\u00e4vyysraportointi pakolliseksi my\u00f6s osuuskunnille - paitsi alkutuotantoon liittyville - Pellervo\",\"isPartOf\":{\"@id\":\"https:\\\/\\\/pellervo.fi\\\/#website\"},\"primaryImageOfPage\":{\"@id\":\"https:\\\/\\\/pellervo.fi\\\/uutiset\\\/2023\\\/09\\\/29\\\/kestavyysraportointi-pakolliseksi-myos-osuuskunnille-paitsi-alkutuotantoon-liittyville\\\/#primaryimage\"},\"image\":{\"@id\":\"https:\\\/\\\/pellervo.fi\\\/uutiset\\\/2023\\\/09\\\/29\\\/kestavyysraportointi-pakolliseksi-myos-osuuskunnille-paitsi-alkutuotantoon-liittyville\\\/#primaryimage\"},\"thumbnailUrl\":\"https:\\\/\\\/pellervo.fi\\\/wp-content\\\/uploads\\\/2023\\\/06\\\/milk-1377569_640-iso.jpg\",\"datePublished\":\"2023-09-29T07:44:46+00:00\",\"dateModified\":\"2023-10-04T05:04:40+00:00\",\"breadcrumb\":{\"@id\":\"https:\\\/\\\/pellervo.fi\\\/uutiset\\\/2023\\\/09\\\/29\\\/kestavyysraportointi-pakolliseksi-myos-osuuskunnille-paitsi-alkutuotantoon-liittyville\\\/#breadcrumb\"},\"inLanguage\":\"sv-SE\",\"potentialAction\":[{\"@type\":\"ReadAction\",\"target\":[\"https:\\\/\\\/pellervo.fi\\\/uutiset\\\/2023\\\/09\\\/29\\\/kestavyysraportointi-pakolliseksi-myos-osuuskunnille-paitsi-alkutuotantoon-liittyville\\\/\"]}]},{\"@type\":\"ImageObject\",\"inLanguage\":\"sv-SE\",\"@id\":\"https:\\\/\\\/pellervo.fi\\\/uutiset\\\/2023\\\/09\\\/29\\\/kestavyysraportointi-pakolliseksi-myos-osuuskunnille-paitsi-alkutuotantoon-liittyville\\\/#primaryimage\",\"url\":\"https:\\\/\\\/pellervo.fi\\\/wp-content\\\/uploads\\\/2023\\\/06\\\/milk-1377569_640-iso.jpg\",\"contentUrl\":\"https:\\\/\\\/pellervo.fi\\\/wp-content\\\/uploads\\\/2023\\\/06\\\/milk-1377569_640-iso.jpg\",\"width\":640,\"height\":418},{\"@type\":\"BreadcrumbList\",\"@id\":\"https:\\\/\\\/pellervo.fi\\\/uutiset\\\/2023\\\/09\\\/29\\\/kestavyysraportointi-pakolliseksi-myos-osuuskunnille-paitsi-alkutuotantoon-liittyville\\\/#breadcrumb\",\"itemListElement\":[{\"@type\":\"ListItem\",\"position\":1,\"name\":\"Koti\",\"item\":\"https:\\\/\\\/pellervo.fi\\\/sv\\\/\"},{\"@type\":\"ListItem\",\"position\":2,\"name\":\"Kest\u00e4vyysraportointi pakolliseksi my\u00f6s osuuskunnille &#8211; paitsi alkutuotantoon liittyville\"}]},{\"@type\":\"WebSite\",\"@id\":\"https:\\\/\\\/pellervo.fi\\\/#website\",\"url\":\"https:\\\/\\\/pellervo.fi\\\/\",\"name\":\"Pellervo\",\"description\":\"Osuuskuntien keskusj\u00e4rjest\u00f6\",\"publisher\":{\"@id\":\"https:\\\/\\\/pellervo.fi\\\/#organization\"},\"potentialAction\":[{\"@type\":\"SearchAction\",\"target\":{\"@type\":\"EntryPoint\",\"urlTemplate\":\"https:\\\/\\\/pellervo.fi\\\/?s={search_term_string}\"},\"query-input\":{\"@type\":\"PropertyValueSpecification\",\"valueRequired\":true,\"valueName\":\"search_term_string\"}}],\"inLanguage\":\"sv-SE\"},{\"@type\":\"Organization\",\"@id\":\"https:\\\/\\\/pellervo.fi\\\/#organization\",\"name\":\"Osuustoimintakeskus Pellervo ry\",\"url\":\"https:\\\/\\\/pellervo.fi\\\/\",\"logo\":{\"@type\":\"ImageObject\",\"inLanguage\":\"sv-SE\",\"@id\":\"https:\\\/\\\/pellervo.fi\\\/#\\\/schema\\\/logo\\\/image\\\/\",\"url\":\"https:\\\/\\\/pellervo.fi\\\/wp-content\\\/uploads\\\/2020\\\/05\\\/Pellervo_logo.png\",\"contentUrl\":\"https:\\\/\\\/pellervo.fi\\\/wp-content\\\/uploads\\\/2020\\\/05\\\/Pellervo_logo.png\",\"width\":1335,\"height\":376,\"caption\":\"Osuustoimintakeskus Pellervo ry\"},\"image\":{\"@id\":\"https:\\\/\\\/pellervo.fi\\\/#\\\/schema\\\/logo\\\/image\\\/\"},\"sameAs\":[\"https:\\\/\\\/x.com\\\/PellervoFi\"]},{\"@type\":\"Person\",\"@id\":\"https:\\\/\\\/pellervo.fi\\\/#\\\/schema\\\/person\\\/4b74d40956937d1367ade81899997e71\",\"name\":\"pellervo\",\"image\":{\"@type\":\"ImageObject\",\"inLanguage\":\"sv-SE\",\"@id\":\"https:\\\/\\\/pellervo.fi\\\/wp-content\\\/uploads\\\/2013\\\/11\\\/pellervo_avatar_1384522134-96x96.jpg\",\"url\":\"https:\\\/\\\/pellervo.fi\\\/wp-content\\\/uploads\\\/2013\\\/11\\\/pellervo_avatar_1384522134-96x96.jpg\",\"contentUrl\":\"https:\\\/\\\/pellervo.fi\\\/wp-content\\\/uploads\\\/2013\\\/11\\\/pellervo_avatar_1384522134-96x96.jpg\",\"caption\":\"pellervo\"},\"description\":\"Kuvaus\",\"url\":\"https:\\\/\\\/pellervo.fi\\\/sv\\\/author\\\/pellervo\\\/\"}]}<\/script>\n<!-- \/ Yoast SEO plugin. -->","yoast_head_json":{"title":"Kest\u00e4vyysraportointi pakolliseksi my\u00f6s osuuskunnille - paitsi alkutuotantoon liittyville - Pellervo","robots":{"index":"index","follow":"follow","max-snippet":"max-snippet:-1","max-image-preview":"max-image-preview:large","max-video-preview":"max-video-preview:-1"},"canonical":"https:\/\/pellervo.fi\/uutiset\/2023\/09\/29\/kestavyysraportointi-pakolliseksi-myos-osuuskunnille-paitsi-alkutuotantoon-liittyville\/","og_locale":"sv_SE","og_type":"article","og_title":"Kest\u00e4vyysraportointi pakolliseksi my\u00f6s osuuskunnille - paitsi alkutuotantoon liittyville - Pellervo","og_url":"https:\/\/pellervo.fi\/uutiset\/2023\/09\/29\/kestavyysraportointi-pakolliseksi-myos-osuuskunnille-paitsi-alkutuotantoon-liittyville\/","og_site_name":"Pellervo","article_published_time":"2023-09-29T07:44:46+00:00","article_modified_time":"2023-10-04T05:04:40+00:00","og_image":[{"width":640,"height":418,"url":"https:\/\/pellervo.fi\/wp-content\/uploads\/2023\/06\/milk-1377569_640-iso.jpg","type":"image\/jpeg"}],"author":"pellervo","twitter_card":"summary_large_image","twitter_creator":"@PellervoFi","twitter_site":"@PellervoFi","twitter_misc":{"Skriven av":"pellervo","Ber\u00e4knad l\u00e4stid":"2 minuter"},"schema":{"@context":"https:\/\/schema.org","@graph":[{"@type":"Article","@id":"https:\/\/pellervo.fi\/uutiset\/2023\/09\/29\/kestavyysraportointi-pakolliseksi-myos-osuuskunnille-paitsi-alkutuotantoon-liittyville\/#article","isPartOf":{"@id":"https:\/\/pellervo.fi\/uutiset\/2023\/09\/29\/kestavyysraportointi-pakolliseksi-myos-osuuskunnille-paitsi-alkutuotantoon-liittyville\/"},"author":{"name":"pellervo","@id":"https:\/\/pellervo.fi\/#\/schema\/person\/4b74d40956937d1367ade81899997e71"},"headline":"Kest\u00e4vyysraportointi pakolliseksi my\u00f6s osuuskunnille &#8211; paitsi alkutuotantoon liittyville","datePublished":"2023-09-29T07:44:46+00:00","dateModified":"2023-10-04T05:04:40+00:00","mainEntityOfPage":{"@id":"https:\/\/pellervo.fi\/uutiset\/2023\/09\/29\/kestavyysraportointi-pakolliseksi-myos-osuuskunnille-paitsi-alkutuotantoon-liittyville\/"},"wordCount":351,"publisher":{"@id":"https:\/\/pellervo.fi\/#organization"},"image":{"@id":"https:\/\/pellervo.fi\/uutiset\/2023\/09\/29\/kestavyysraportointi-pakolliseksi-myos-osuuskunnille-paitsi-alkutuotantoon-liittyville\/#primaryimage"},"thumbnailUrl":"https:\/\/pellervo.fi\/wp-content\/uploads\/2023\/06\/milk-1377569_640-iso.jpg","keywords":["EU"],"articleSection":["Uutiset","Vastuullinen talous"],"inLanguage":"sv-SE"},{"@type":"WebPage","@id":"https:\/\/pellervo.fi\/uutiset\/2023\/09\/29\/kestavyysraportointi-pakolliseksi-myos-osuuskunnille-paitsi-alkutuotantoon-liittyville\/","url":"https:\/\/pellervo.fi\/uutiset\/2023\/09\/29\/kestavyysraportointi-pakolliseksi-myos-osuuskunnille-paitsi-alkutuotantoon-liittyville\/","name":"Kest\u00e4vyysraportointi pakolliseksi my\u00f6s osuuskunnille - paitsi alkutuotantoon liittyville - Pellervo","isPartOf":{"@id":"https:\/\/pellervo.fi\/#website"},"primaryImageOfPage":{"@id":"https:\/\/pellervo.fi\/uutiset\/2023\/09\/29\/kestavyysraportointi-pakolliseksi-myos-osuuskunnille-paitsi-alkutuotantoon-liittyville\/#primaryimage"},"image":{"@id":"https:\/\/pellervo.fi\/uutiset\/2023\/09\/29\/kestavyysraportointi-pakolliseksi-myos-osuuskunnille-paitsi-alkutuotantoon-liittyville\/#primaryimage"},"thumbnailUrl":"https:\/\/pellervo.fi\/wp-content\/uploads\/2023\/06\/milk-1377569_640-iso.jpg","datePublished":"2023-09-29T07:44:46+00:00","dateModified":"2023-10-04T05:04:40+00:00","breadcrumb":{"@id":"https:\/\/pellervo.fi\/uutiset\/2023\/09\/29\/kestavyysraportointi-pakolliseksi-myos-osuuskunnille-paitsi-alkutuotantoon-liittyville\/#breadcrumb"},"inLanguage":"sv-SE","potentialAction":[{"@type":"ReadAction","target":["https:\/\/pellervo.fi\/uutiset\/2023\/09\/29\/kestavyysraportointi-pakolliseksi-myos-osuuskunnille-paitsi-alkutuotantoon-liittyville\/"]}]},{"@type":"ImageObject","inLanguage":"sv-SE","@id":"https:\/\/pellervo.fi\/uutiset\/2023\/09\/29\/kestavyysraportointi-pakolliseksi-myos-osuuskunnille-paitsi-alkutuotantoon-liittyville\/#primaryimage","url":"https:\/\/pellervo.fi\/wp-content\/uploads\/2023\/06\/milk-1377569_640-iso.jpg","contentUrl":"https:\/\/pellervo.fi\/wp-content\/uploads\/2023\/06\/milk-1377569_640-iso.jpg","width":640,"height":418},{"@type":"BreadcrumbList","@id":"https:\/\/pellervo.fi\/uutiset\/2023\/09\/29\/kestavyysraportointi-pakolliseksi-myos-osuuskunnille-paitsi-alkutuotantoon-liittyville\/#breadcrumb","itemListElement":[{"@type":"ListItem","position":1,"name":"Koti","item":"https:\/\/pellervo.fi\/sv\/"},{"@type":"ListItem","position":2,"name":"Kest\u00e4vyysraportointi pakolliseksi my\u00f6s osuuskunnille &#8211; paitsi alkutuotantoon liittyville"}]},{"@type":"WebSite","@id":"https:\/\/pellervo.fi\/#website","url":"https:\/\/pellervo.fi\/","name":"Pellervo","description":"Osuuskuntien keskusj\u00e4rjest\u00f6","publisher":{"@id":"https:\/\/pellervo.fi\/#organization"},"potentialAction":[{"@type":"SearchAction","target":{"@type":"EntryPoint","urlTemplate":"https:\/\/pellervo.fi\/?s={search_term_string}"},"query-input":{"@type":"PropertyValueSpecification","valueRequired":true,"valueName":"search_term_string"}}],"inLanguage":"sv-SE"},{"@type":"Organization","@id":"https:\/\/pellervo.fi\/#organization","name":"Osuustoimintakeskus Pellervo ry","url":"https:\/\/pellervo.fi\/","logo":{"@type":"ImageObject","inLanguage":"sv-SE","@id":"https:\/\/pellervo.fi\/#\/schema\/logo\/image\/","url":"https:\/\/pellervo.fi\/wp-content\/uploads\/2020\/05\/Pellervo_logo.png","contentUrl":"https:\/\/pellervo.fi\/wp-content\/uploads\/2020\/05\/Pellervo_logo.png","width":1335,"height":376,"caption":"Osuustoimintakeskus Pellervo ry"},"image":{"@id":"https:\/\/pellervo.fi\/#\/schema\/logo\/image\/"},"sameAs":["https:\/\/x.com\/PellervoFi"]},{"@type":"Person","@id":"https:\/\/pellervo.fi\/#\/schema\/person\/4b74d40956937d1367ade81899997e71","name":"pellervo","image":{"@type":"ImageObject","inLanguage":"sv-SE","@id":"https:\/\/pellervo.fi\/wp-content\/uploads\/2013\/11\/pellervo_avatar_1384522134-96x96.jpg","url":"https:\/\/pellervo.fi\/wp-content\/uploads\/2013\/11\/pellervo_avatar_1384522134-96x96.jpg","contentUrl":"https:\/\/pellervo.fi\/wp-content\/uploads\/2013\/11\/pellervo_avatar_1384522134-96x96.jpg","caption":"pellervo"},"description":"Kuvaus","url":"https:\/\/pellervo.fi\/sv\/author\/pellervo\/"}]}},"_links":{"self":[{"href":"https:\/\/pellervo.fi\/sv\/wp-json\/wp\/v2\/posts\/896318","targetHints":{"allow":["GET"]}}],"collection":[{"href":"https:\/\/pellervo.fi\/sv\/wp-json\/wp\/v2\/posts"}],"about":[{"href":"https:\/\/pellervo.fi\/sv\/wp-json\/wp\/v2\/types\/post"}],"author":[{"embeddable":true,"href":"https:\/\/pellervo.fi\/sv\/wp-json\/wp\/v2\/users\/5"}],"replies":[{"embeddable":true,"href":"https:\/\/pellervo.fi\/sv\/wp-json\/wp\/v2\/comments?post=896318"}],"version-history":[{"count":6,"href":"https:\/\/pellervo.fi\/sv\/wp-json\/wp\/v2\/posts\/896318\/revisions"}],"predecessor-version":[{"id":896331,"href":"https:\/\/pellervo.fi\/sv\/wp-json\/wp\/v2\/posts\/896318\/revisions\/896331"}],"wp:featuredmedia":[{"embeddable":true,"href":"https:\/\/pellervo.fi\/sv\/wp-json\/wp\/v2\/media\/895956"}],"wp:attachment":[{"href":"https:\/\/pellervo.fi\/sv\/wp-json\/wp\/v2\/media?parent=896318"}],"wp:term":[{"taxonomy":"category","embeddable":true,"href":"https:\/\/pellervo.fi\/sv\/wp-json\/wp\/v2\/categories?post=896318"},{"taxonomy":"post_tag","embeddable":true,"href":"https:\/\/pellervo.fi\/sv\/wp-json\/wp\/v2\/tags?post=896318"}],"curies":[{"name":"wp","href":"https:\/\/api.w.org\/{rel}","templated":true}]}}