{"id":896760,"date":"2023-12-15T09:46:44","date_gmt":"2023-12-15T07:46:44","guid":{"rendered":"https:\/\/pellervo.fi\/?p=896760"},"modified":"2023-12-15T09:55:32","modified_gmt":"2023-12-15T07:55:32","slug":"ilkka-uusitalon-avaussanat-valtuuskunnan-kokouksessa","status":"publish","type":"post","link":"https:\/\/pellervo.fi\/sv\/jarjesto\/2023\/12\/15\/ilkka-uusitalon-avaussanat-valtuuskunnan-kokouksessa\/","title":{"rendered":"Osuuskuntalain uudistaminen j\u00e4rjest\u00f6n t\u00e4rkein vaikuttamistavoite &#8211; Ilkka Uusitalon puhe valtuuskunnalle"},"content":{"rendered":"\n<p>Viimeksi kokoontuessamme eduskuntavaaleihin oli j\u00e4ljell\u00e4 en\u00e4\u00e4 muutama viikko. Vaalitulos toi meille hallituksen, joka rakensi ohjelmaansa historiallisen pitk\u00e4\u00e4n. Elinkeinoel\u00e4m\u00e4lle muutos on ollut my\u00f6nteinen. On valitettavaa, ett\u00e4 tiettyjen ryhmien tyytym\u00e4tt\u00f6myys vaalitulokseen el\u00e4\u00e4 kuitenkin niin vahvana, ett\u00e4 eilen meist\u00e4 moni joutui turvautumaan poikkeusj\u00e4rjestelyihin t\u00e4nne Helsinkiin p\u00e4\u00e4st\u00e4kseen. Vaalit ovat vaalit, ja niit\u00e4 on meill\u00e4 Suomessa perinteisesti kunnioitettu.<\/p>\n<p>Pellervon edunvalvonnan kannalta keskeist\u00e4 on, ett\u00e4 Orpon hallitus p\u00e4\u00e4see k\u00e4siksi osakeyhti\u00f6lain uudistamiseen. Teemme parhaamme, ett\u00e4 my\u00f6s osuuskuntalaki tulee vastaavalla tavalla uudistettua samassa yhteydess\u00e4. Toisena merkitt\u00e4v\u00e4n\u00e4 edunvalvonta-asiana on pankkibonusten verotus, jonka tilannetta seuraamme yhteisty\u00f6ss\u00e4 OP-Ryhm\u00e4n kanssa.<\/p>\n<p>Edunvalvonnan edellytykset ovat meill\u00e4 hyv\u00e4t. Kev\u00e4\u00e4ll\u00e4 valituista kansanedustajista 63 on tietojemme mukaan ollut joskus valittuna jonkun osuuskunnan hallintoon. Heid\u00e4n lis\u00e4kseen viidell\u00e4 on muu vahva henkil\u00f6kohtainen kytk\u00f6s johonkin osuustoimintayritykseen, sellainen on esimerkiksi ollut heid\u00e4n aiempi ty\u00f6nantajansa. Viime vaalikaudella perustettu eduskunnan osuustoimintaryhm\u00e4 j\u00e4rjest\u00e4ytyi uudelleen, ja mukaan ilmoittautui 39 kansanedustajaa. He edustavat liki kaikkia eduskuntapuolueita \u2013 hallituspuolueiden j\u00e4seni\u00e4 heist\u00e4 on 11. Puheenjohtajakaksikkona toimivat keskustan Petri Honkonen ja demareita edustava Johannes Koskinen. Ryhm\u00e4 on kokoontunut nyt kolmesti, joista yksi tapaaminen oli Mets\u00e4liitto Osuuskunnan vieraana kuukausi sitten. Kansanedustajien nimilista l\u00f6ytyy uusimmasta OT-lehdest\u00e4 ja Pellervon verkkosivuilta. \u00a0\u00a0<\/p>\n<p>T\u00e4ll\u00e4 hetkell\u00e4 maassa elet\u00e4\u00e4n uusien vaalien odotuksen aikaa, niin tammikuisten presidentinvaalien kuin alkukes\u00e4n EU-vaalien. N\u00e4it\u00e4 akuutimpi asia Pellervon kannalta on kuitenkin maan taloustilanne. Ei hyv\u00e4lt\u00e4 n\u00e4yt\u00e4 &#8211; ei inflaation eik\u00e4 korkojenkaan osalta. Lis\u00e4ksi globaali muutos haastaa meit\u00e4. PTT:n Olli-Pekka Ruuskanen nimitettiin t\u00e4n\u00e4 vuonna vet\u00e4j\u00e4ksi Suomen Akatemian laajalle viisivuotishankkeelle, jossa tutkitaan vihre\u00e4n siirtym\u00e4n vaatimia yhteiskunnallisia ratkaisuja oikeudenmukaisuuden n\u00e4k\u00f6kulmasta. T\u00e4ll\u00e4 viitataan ekologisten kest\u00e4vyyskriisien kokonaisvaltaisiin, pitk\u00e4j\u00e4nteisiin ratkaisuihin, jotka tukevat yhteiskunnan vakautta ja eri ryhmien mukana pysymist\u00e4. Ratkaisut voivat kuitenkin lis\u00e4t\u00e4 eriarvoisuutta ja ristiriitoja.<\/p>\n<p>Meneill\u00e4\u00e4n oleva yhteiskunnallinen murros vaatii kipeit\u00e4kin muutostoimia sek\u00e4 yksil\u00f6n ett\u00e4 yritysten n\u00e4k\u00f6kulmasta. Ajat ovat harvalle meist\u00e4 helpot. Osuuskunnilla on kuitenkin laajat n\u00e4yt\u00f6t siit\u00e4, ett\u00e4 juuri murrosvaiheissa ne toimivat erityisen vahvasti yhteiskunnan tukipylv\u00e4in\u00e4. Ne tuovat yhteis\u00f6lleen vakautta ja luovat ymp\u00e4rist\u00f6\u00f6ns\u00e4 elinvoimaa. Mik\u00e4 on niiden alueellinen vaikutus, siit\u00e4 Pellervossa on k\u00e4ynnistym\u00e4ss\u00e4 oma dataprojektinsa nyt vuodenvaihteessa. N\u00e4m\u00e4 luvut ovat kiinnostavia my\u00f6s siin\u00e4 mieless\u00e4, ett\u00e4 voimme k\u00e4yd\u00e4 julkista keskustelua aiempaa vahvemmin perusteltuna.<\/p>\n<p>Edustamamme joukko on vahva. Toimimme monessa eri osuustoimintayrityksess\u00e4. \u00a0Voimavaroja meill\u00e4 kuitenkin on runsaasti. \u00a0\u00a0Ollaan siis osuuskunnistamme ylpeit\u00e4, ja keskityt\u00e4\u00e4n kukin tahoillamme l\u00f6yt\u00e4m\u00e4\u00e4n haasteiden sijaan ratkaisuja.<\/p>\n<p>Osuuskunnat ovat kest\u00e4v\u00e4n tulevaisuuden rakentajia \u2013 se on my\u00f6s meid\u00e4n ensi kev\u00e4\u00e4n eurovaaliohjelmamme otsikko. Niiss\u00e4 vaaleissa meid\u00e4n iso linjamme on t\u00e4sm\u00e4lleen sama kuin kotimaisessakin edunvalvonnassa: Osuuskunnat ja niiden erityispiirteet tulee huomioida, kun laaditaan yrityksi\u00e4 koskevaa s\u00e4\u00e4ntely\u00e4. P\u00e4\u00e4t\u00f6ksenteon punaisena lankana tulee olla j\u00e4rkis\u00e4\u00e4ntely.<\/p>\n<p>T\u00e4n\u00e4\u00e4n keskustelemme yhteisen j\u00e4rjest\u00f6mme taloudesta ja toimintasuunnitelmasta. Meille tehdyt pohjaesitykset noudattavat viime kev\u00e4\u00e4n\u00e4 hyv\u00e4ksytyn strategian linjoja. Osuuskunnan tulee olla n\u00e4kyv\u00e4, hy\u00f6dynnetty ja tunnettu yritysmuoto, ja Pellervon toimia osuuskuntien luotettuna kumppanina ja verkostoijana. Tekemisen perustojen tulee olla kaikilta osin vahvoja. Miten n\u00e4it\u00e4 p\u00e4\u00e4m\u00e4\u00e4ri\u00e4 ensi vuonna edistet\u00e4\u00e4n, siihen meill\u00e4 on nyt viimeinen sanamme sanottavana.<\/p>\n<p>Toivotan sek\u00e4 Pellervon valtuuskunnalle ett\u00e4 hallitukselle ja toimiston v\u00e4elle antoisaa kokousp\u00e4iv\u00e4\u00e4!\u00a0<\/p>\n","protected":false},"excerpt":{"rendered":"","protected":false},"author":5,"featured_media":896761,"comment_status":"closed","ping_status":"closed","sticky":false,"template":"","format":"standard","meta":{"inline_featured_image":false,"_monsterinsights_skip_tracking":false,"_monsterinsights_sitenote_active":false,"_monsterinsights_sitenote_note":"","_monsterinsights_sitenote_category":0,"site-sidebar-layout":"default","site-content-layout":"","ast-site-content-layout":"default","site-content-style":"default","site-sidebar-style":"default","ast-global-header-display":"","ast-banner-title-visibility":"","ast-main-header-display":"","ast-hfb-above-header-display":"","ast-hfb-below-header-display":"","ast-hfb-mobile-header-display":"","site-post-title":"","ast-breadcrumbs-content":"","ast-featured-img":"","footer-sml-layout":"","ast-disable-related-posts":"","theme-transparent-header-meta":"","adv-header-id-meta":"","stick-header-meta":"","header-above-stick-meta":"","header-main-stick-meta":"","header-below-stick-meta":"","astra-migrate-meta-layouts":"default","ast-page-background-enabled":"default","ast-page-background-meta":{"desktop":{"background-color":"","background-image":"","background-repeat":"repeat","background-position":"center center","background-size":"auto","background-attachment":"scroll","background-type":"","background-media":"","overlay-type":"","overlay-color":"","overlay-opacity":"","overlay-gradient":""},"tablet":{"background-color":"","background-image":"","background-repeat":"repeat","background-position":"center center","background-size":"auto","background-attachment":"scroll","background-type":"","background-media":"","overlay-type":"","overlay-color":"","overlay-opacity":"","overlay-gradient":""},"mobile":{"background-color":"","background-image":"","background-repeat":"repeat","background-position":"center center","background-size":"auto","background-attachment":"scroll","background-type":"","background-media":"","overlay-type":"","overlay-color":"","overlay-opacity":"","overlay-gradient":""}},"ast-content-background-meta":{"desktop":{"background-color":"var(--ast-global-color-5)","background-image":"","background-repeat":"repeat","background-position":"center center","background-size":"auto","background-attachment":"scroll","background-type":"","background-media":"","overlay-type":"","overlay-color":"","overlay-opacity":"","overlay-gradient":""},"tablet":{"background-color":"var(--ast-global-color-5)","background-image":"","background-repeat":"repeat","background-position":"center center","background-size":"auto","background-attachment":"scroll","background-type":"","background-media":"","overlay-type":"","overlay-color":"","overlay-opacity":"","overlay-gradient":""},"mobile":{"background-color":"var(--ast-global-color-5)","background-image":"","background-repeat":"repeat","background-position":"center center","background-size":"auto","background-attachment":"scroll","background-type":"","background-media":"","overlay-type":"","overlay-color":"","overlay-opacity":"","overlay-gradient":""}},"_FSMCFIC_featured_image_caption":"Puheenjohtaja Ilkka Uusitalo avasi Pellervon valtuuskunnan syyskokouksen perjantaina 15. joulukuuta Helsingiss\u00e4. Kokouksen sihteerin\u00e4 lakiasiainjohtaja Anne Kontkanen. ","_FSMCFIC_featured_image_nocaption":"","_FSMCFIC_featured_image_hide":"","footnotes":""},"categories":[71],"tags":[334],"class_list":["post-896760","post","type-post","status-publish","format-standard","has-post-thumbnail","hentry","category-jarjesto","tag-valtuuskunta"],"yoast_head":"<!-- This site is optimized with the Yoast SEO plugin v27.5 - https:\/\/yoast.com\/product\/yoast-seo-wordpress\/ -->\n<title>Osuuskuntalain uudistaminen j\u00e4rjest\u00f6n t\u00e4rkein vaikuttamistavoite - Ilkka Uusitalon puhe valtuuskunnalle - Pellervo<\/title>\n<meta name=\"description\" content=\"Ilkka Uusitalo avasi Pellervon valtuuskunnan syyskokouksen perjantaina 15. joulukuuta Helsingiss\u00e4.\" \/>\n<meta name=\"robots\" content=\"index, follow, max-snippet:-1, max-image-preview:large, max-video-preview:-1\" \/>\n<link rel=\"canonical\" href=\"https:\/\/pellervo.fi\/jarjesto\/2023\/12\/15\/ilkka-uusitalon-avaussanat-valtuuskunnan-kokouksessa\/\" \/>\n<meta property=\"og:locale\" content=\"sv_SE\" \/>\n<meta property=\"og:type\" content=\"article\" \/>\n<meta property=\"og:title\" content=\"Osuuskuntalain uudistaminen j\u00e4rjest\u00f6n t\u00e4rkein vaikuttamistavoite - Ilkka Uusitalon puhe valtuuskunnalle - Pellervo\" \/>\n<meta property=\"og:description\" content=\"Ilkka Uusitalo avasi Pellervon valtuuskunnan syyskokouksen perjantaina 15. joulukuuta Helsingiss\u00e4.\" \/>\n<meta property=\"og:url\" content=\"https:\/\/pellervo.fi\/jarjesto\/2023\/12\/15\/ilkka-uusitalon-avaussanat-valtuuskunnan-kokouksessa\/\" \/>\n<meta property=\"og:site_name\" content=\"Pellervo\" \/>\n<meta property=\"article:published_time\" content=\"2023-12-15T07:46:44+00:00\" \/>\n<meta property=\"article:modified_time\" content=\"2023-12-15T07:55:32+00:00\" \/>\n<meta property=\"og:image\" content=\"https:\/\/pellervo.fi\/wp-content\/uploads\/2023\/12\/Valtuuskunta-151223-scaled.jpg\" \/>\n\t<meta property=\"og:image:width\" content=\"2560\" \/>\n\t<meta property=\"og:image:height\" content=\"2379\" \/>\n\t<meta property=\"og:image:type\" content=\"image\/jpeg\" \/>\n<meta name=\"author\" content=\"pellervo\" \/>\n<meta name=\"twitter:card\" content=\"summary_large_image\" \/>\n<meta name=\"twitter:creator\" content=\"@PellervoFi\" \/>\n<meta name=\"twitter:site\" content=\"@PellervoFi\" \/>\n<meta name=\"twitter:label1\" content=\"Skriven av\" \/>\n\t<meta name=\"twitter:data1\" content=\"pellervo\" \/>\n\t<meta name=\"twitter:label2\" content=\"Ber\u00e4knad l\u00e4stid\" \/>\n\t<meta name=\"twitter:data2\" content=\"4 minuter\" \/>\n<script type=\"application\/ld+json\" class=\"yoast-schema-graph\">{\"@context\":\"https:\\\/\\\/schema.org\",\"@graph\":[{\"@type\":\"Article\",\"@id\":\"https:\\\/\\\/pellervo.fi\\\/jarjesto\\\/2023\\\/12\\\/15\\\/ilkka-uusitalon-avaussanat-valtuuskunnan-kokouksessa\\\/#article\",\"isPartOf\":{\"@id\":\"https:\\\/\\\/pellervo.fi\\\/jarjesto\\\/2023\\\/12\\\/15\\\/ilkka-uusitalon-avaussanat-valtuuskunnan-kokouksessa\\\/\"},\"author\":{\"name\":\"pellervo\",\"@id\":\"https:\\\/\\\/pellervo.fi\\\/#\\\/schema\\\/person\\\/4b74d40956937d1367ade81899997e71\"},\"headline\":\"Osuuskuntalain uudistaminen j\u00e4rjest\u00f6n t\u00e4rkein vaikuttamistavoite &#8211; Ilkka Uusitalon puhe valtuuskunnalle\",\"datePublished\":\"2023-12-15T07:46:44+00:00\",\"dateModified\":\"2023-12-15T07:55:32+00:00\",\"mainEntityOfPage\":{\"@id\":\"https:\\\/\\\/pellervo.fi\\\/jarjesto\\\/2023\\\/12\\\/15\\\/ilkka-uusitalon-avaussanat-valtuuskunnan-kokouksessa\\\/\"},\"wordCount\":563,\"publisher\":{\"@id\":\"https:\\\/\\\/pellervo.fi\\\/#organization\"},\"image\":{\"@id\":\"https:\\\/\\\/pellervo.fi\\\/jarjesto\\\/2023\\\/12\\\/15\\\/ilkka-uusitalon-avaussanat-valtuuskunnan-kokouksessa\\\/#primaryimage\"},\"thumbnailUrl\":\"https:\\\/\\\/pellervo.fi\\\/wp-content\\\/uploads\\\/2023\\\/12\\\/Valtuuskunta-151223-scaled.jpg\",\"keywords\":[\"valtuuskunta\"],\"articleSection\":[\"J\u00e4rjest\u00f6\"],\"inLanguage\":\"sv-SE\"},{\"@type\":\"WebPage\",\"@id\":\"https:\\\/\\\/pellervo.fi\\\/jarjesto\\\/2023\\\/12\\\/15\\\/ilkka-uusitalon-avaussanat-valtuuskunnan-kokouksessa\\\/\",\"url\":\"https:\\\/\\\/pellervo.fi\\\/jarjesto\\\/2023\\\/12\\\/15\\\/ilkka-uusitalon-avaussanat-valtuuskunnan-kokouksessa\\\/\",\"name\":\"Osuuskuntalain uudistaminen j\u00e4rjest\u00f6n t\u00e4rkein vaikuttamistavoite - Ilkka Uusitalon puhe valtuuskunnalle - Pellervo\",\"isPartOf\":{\"@id\":\"https:\\\/\\\/pellervo.fi\\\/#website\"},\"primaryImageOfPage\":{\"@id\":\"https:\\\/\\\/pellervo.fi\\\/jarjesto\\\/2023\\\/12\\\/15\\\/ilkka-uusitalon-avaussanat-valtuuskunnan-kokouksessa\\\/#primaryimage\"},\"image\":{\"@id\":\"https:\\\/\\\/pellervo.fi\\\/jarjesto\\\/2023\\\/12\\\/15\\\/ilkka-uusitalon-avaussanat-valtuuskunnan-kokouksessa\\\/#primaryimage\"},\"thumbnailUrl\":\"https:\\\/\\\/pellervo.fi\\\/wp-content\\\/uploads\\\/2023\\\/12\\\/Valtuuskunta-151223-scaled.jpg\",\"datePublished\":\"2023-12-15T07:46:44+00:00\",\"dateModified\":\"2023-12-15T07:55:32+00:00\",\"description\":\"Ilkka Uusitalo avasi Pellervon valtuuskunnan syyskokouksen perjantaina 15. joulukuuta Helsingiss\u00e4.\",\"breadcrumb\":{\"@id\":\"https:\\\/\\\/pellervo.fi\\\/jarjesto\\\/2023\\\/12\\\/15\\\/ilkka-uusitalon-avaussanat-valtuuskunnan-kokouksessa\\\/#breadcrumb\"},\"inLanguage\":\"sv-SE\",\"potentialAction\":[{\"@type\":\"ReadAction\",\"target\":[\"https:\\\/\\\/pellervo.fi\\\/jarjesto\\\/2023\\\/12\\\/15\\\/ilkka-uusitalon-avaussanat-valtuuskunnan-kokouksessa\\\/\"]}]},{\"@type\":\"ImageObject\",\"inLanguage\":\"sv-SE\",\"@id\":\"https:\\\/\\\/pellervo.fi\\\/jarjesto\\\/2023\\\/12\\\/15\\\/ilkka-uusitalon-avaussanat-valtuuskunnan-kokouksessa\\\/#primaryimage\",\"url\":\"https:\\\/\\\/pellervo.fi\\\/wp-content\\\/uploads\\\/2023\\\/12\\\/Valtuuskunta-151223-scaled.jpg\",\"contentUrl\":\"https:\\\/\\\/pellervo.fi\\\/wp-content\\\/uploads\\\/2023\\\/12\\\/Valtuuskunta-151223-scaled.jpg\",\"width\":2560,\"height\":2379,\"caption\":\"Ilkka Uusitalo avasi valtuuskunnan kokouksen\"},{\"@type\":\"BreadcrumbList\",\"@id\":\"https:\\\/\\\/pellervo.fi\\\/jarjesto\\\/2023\\\/12\\\/15\\\/ilkka-uusitalon-avaussanat-valtuuskunnan-kokouksessa\\\/#breadcrumb\",\"itemListElement\":[{\"@type\":\"ListItem\",\"position\":1,\"name\":\"Koti\",\"item\":\"https:\\\/\\\/pellervo.fi\\\/sv\\\/\"},{\"@type\":\"ListItem\",\"position\":2,\"name\":\"Osuuskuntalain uudistaminen j\u00e4rjest\u00f6n t\u00e4rkein vaikuttamistavoite &#8211; Ilkka Uusitalon puhe valtuuskunnalle\"}]},{\"@type\":\"WebSite\",\"@id\":\"https:\\\/\\\/pellervo.fi\\\/#website\",\"url\":\"https:\\\/\\\/pellervo.fi\\\/\",\"name\":\"Pellervo\",\"description\":\"Osuuskuntien keskusj\u00e4rjest\u00f6\",\"publisher\":{\"@id\":\"https:\\\/\\\/pellervo.fi\\\/#organization\"},\"potentialAction\":[{\"@type\":\"SearchAction\",\"target\":{\"@type\":\"EntryPoint\",\"urlTemplate\":\"https:\\\/\\\/pellervo.fi\\\/?s={search_term_string}\"},\"query-input\":{\"@type\":\"PropertyValueSpecification\",\"valueRequired\":true,\"valueName\":\"search_term_string\"}}],\"inLanguage\":\"sv-SE\"},{\"@type\":\"Organization\",\"@id\":\"https:\\\/\\\/pellervo.fi\\\/#organization\",\"name\":\"Osuustoimintakeskus Pellervo ry\",\"url\":\"https:\\\/\\\/pellervo.fi\\\/\",\"logo\":{\"@type\":\"ImageObject\",\"inLanguage\":\"sv-SE\",\"@id\":\"https:\\\/\\\/pellervo.fi\\\/#\\\/schema\\\/logo\\\/image\\\/\",\"url\":\"https:\\\/\\\/pellervo.fi\\\/wp-content\\\/uploads\\\/2020\\\/05\\\/Pellervo_logo.png\",\"contentUrl\":\"https:\\\/\\\/pellervo.fi\\\/wp-content\\\/uploads\\\/2020\\\/05\\\/Pellervo_logo.png\",\"width\":1335,\"height\":376,\"caption\":\"Osuustoimintakeskus Pellervo ry\"},\"image\":{\"@id\":\"https:\\\/\\\/pellervo.fi\\\/#\\\/schema\\\/logo\\\/image\\\/\"},\"sameAs\":[\"https:\\\/\\\/x.com\\\/PellervoFi\"]},{\"@type\":\"Person\",\"@id\":\"https:\\\/\\\/pellervo.fi\\\/#\\\/schema\\\/person\\\/4b74d40956937d1367ade81899997e71\",\"name\":\"pellervo\",\"image\":{\"@type\":\"ImageObject\",\"inLanguage\":\"sv-SE\",\"@id\":\"https:\\\/\\\/pellervo.fi\\\/wp-content\\\/uploads\\\/2013\\\/11\\\/pellervo_avatar_1384522134-96x96.jpg\",\"url\":\"https:\\\/\\\/pellervo.fi\\\/wp-content\\\/uploads\\\/2013\\\/11\\\/pellervo_avatar_1384522134-96x96.jpg\",\"contentUrl\":\"https:\\\/\\\/pellervo.fi\\\/wp-content\\\/uploads\\\/2013\\\/11\\\/pellervo_avatar_1384522134-96x96.jpg\",\"caption\":\"pellervo\"},\"description\":\"Kuvaus\",\"url\":\"https:\\\/\\\/pellervo.fi\\\/sv\\\/author\\\/pellervo\\\/\"}]}<\/script>\n<!-- \/ Yoast SEO plugin. -->","yoast_head_json":{"title":"Osuuskuntalain uudistaminen j\u00e4rjest\u00f6n t\u00e4rkein vaikuttamistavoite - Ilkka Uusitalon puhe valtuuskunnalle - Pellervo","description":"Ilkka Uusitalo avasi Pellervon valtuuskunnan syyskokouksen perjantaina 15. joulukuuta Helsingiss\u00e4.","robots":{"index":"index","follow":"follow","max-snippet":"max-snippet:-1","max-image-preview":"max-image-preview:large","max-video-preview":"max-video-preview:-1"},"canonical":"https:\/\/pellervo.fi\/jarjesto\/2023\/12\/15\/ilkka-uusitalon-avaussanat-valtuuskunnan-kokouksessa\/","og_locale":"sv_SE","og_type":"article","og_title":"Osuuskuntalain uudistaminen j\u00e4rjest\u00f6n t\u00e4rkein vaikuttamistavoite - Ilkka Uusitalon puhe valtuuskunnalle - Pellervo","og_description":"Ilkka Uusitalo avasi Pellervon valtuuskunnan syyskokouksen perjantaina 15. joulukuuta Helsingiss\u00e4.","og_url":"https:\/\/pellervo.fi\/jarjesto\/2023\/12\/15\/ilkka-uusitalon-avaussanat-valtuuskunnan-kokouksessa\/","og_site_name":"Pellervo","article_published_time":"2023-12-15T07:46:44+00:00","article_modified_time":"2023-12-15T07:55:32+00:00","og_image":[{"width":2560,"height":2379,"url":"https:\/\/pellervo.fi\/wp-content\/uploads\/2023\/12\/Valtuuskunta-151223-scaled.jpg","type":"image\/jpeg"}],"author":"pellervo","twitter_card":"summary_large_image","twitter_creator":"@PellervoFi","twitter_site":"@PellervoFi","twitter_misc":{"Skriven av":"pellervo","Ber\u00e4knad l\u00e4stid":"4 minuter"},"schema":{"@context":"https:\/\/schema.org","@graph":[{"@type":"Article","@id":"https:\/\/pellervo.fi\/jarjesto\/2023\/12\/15\/ilkka-uusitalon-avaussanat-valtuuskunnan-kokouksessa\/#article","isPartOf":{"@id":"https:\/\/pellervo.fi\/jarjesto\/2023\/12\/15\/ilkka-uusitalon-avaussanat-valtuuskunnan-kokouksessa\/"},"author":{"name":"pellervo","@id":"https:\/\/pellervo.fi\/#\/schema\/person\/4b74d40956937d1367ade81899997e71"},"headline":"Osuuskuntalain uudistaminen j\u00e4rjest\u00f6n t\u00e4rkein vaikuttamistavoite &#8211; Ilkka Uusitalon puhe valtuuskunnalle","datePublished":"2023-12-15T07:46:44+00:00","dateModified":"2023-12-15T07:55:32+00:00","mainEntityOfPage":{"@id":"https:\/\/pellervo.fi\/jarjesto\/2023\/12\/15\/ilkka-uusitalon-avaussanat-valtuuskunnan-kokouksessa\/"},"wordCount":563,"publisher":{"@id":"https:\/\/pellervo.fi\/#organization"},"image":{"@id":"https:\/\/pellervo.fi\/jarjesto\/2023\/12\/15\/ilkka-uusitalon-avaussanat-valtuuskunnan-kokouksessa\/#primaryimage"},"thumbnailUrl":"https:\/\/pellervo.fi\/wp-content\/uploads\/2023\/12\/Valtuuskunta-151223-scaled.jpg","keywords":["valtuuskunta"],"articleSection":["J\u00e4rjest\u00f6"],"inLanguage":"sv-SE"},{"@type":"WebPage","@id":"https:\/\/pellervo.fi\/jarjesto\/2023\/12\/15\/ilkka-uusitalon-avaussanat-valtuuskunnan-kokouksessa\/","url":"https:\/\/pellervo.fi\/jarjesto\/2023\/12\/15\/ilkka-uusitalon-avaussanat-valtuuskunnan-kokouksessa\/","name":"Osuuskuntalain uudistaminen j\u00e4rjest\u00f6n t\u00e4rkein vaikuttamistavoite - Ilkka Uusitalon puhe valtuuskunnalle - Pellervo","isPartOf":{"@id":"https:\/\/pellervo.fi\/#website"},"primaryImageOfPage":{"@id":"https:\/\/pellervo.fi\/jarjesto\/2023\/12\/15\/ilkka-uusitalon-avaussanat-valtuuskunnan-kokouksessa\/#primaryimage"},"image":{"@id":"https:\/\/pellervo.fi\/jarjesto\/2023\/12\/15\/ilkka-uusitalon-avaussanat-valtuuskunnan-kokouksessa\/#primaryimage"},"thumbnailUrl":"https:\/\/pellervo.fi\/wp-content\/uploads\/2023\/12\/Valtuuskunta-151223-scaled.jpg","datePublished":"2023-12-15T07:46:44+00:00","dateModified":"2023-12-15T07:55:32+00:00","description":"Ilkka Uusitalo avasi Pellervon valtuuskunnan syyskokouksen perjantaina 15. joulukuuta Helsingiss\u00e4.","breadcrumb":{"@id":"https:\/\/pellervo.fi\/jarjesto\/2023\/12\/15\/ilkka-uusitalon-avaussanat-valtuuskunnan-kokouksessa\/#breadcrumb"},"inLanguage":"sv-SE","potentialAction":[{"@type":"ReadAction","target":["https:\/\/pellervo.fi\/jarjesto\/2023\/12\/15\/ilkka-uusitalon-avaussanat-valtuuskunnan-kokouksessa\/"]}]},{"@type":"ImageObject","inLanguage":"sv-SE","@id":"https:\/\/pellervo.fi\/jarjesto\/2023\/12\/15\/ilkka-uusitalon-avaussanat-valtuuskunnan-kokouksessa\/#primaryimage","url":"https:\/\/pellervo.fi\/wp-content\/uploads\/2023\/12\/Valtuuskunta-151223-scaled.jpg","contentUrl":"https:\/\/pellervo.fi\/wp-content\/uploads\/2023\/12\/Valtuuskunta-151223-scaled.jpg","width":2560,"height":2379,"caption":"Ilkka Uusitalo avasi valtuuskunnan kokouksen"},{"@type":"BreadcrumbList","@id":"https:\/\/pellervo.fi\/jarjesto\/2023\/12\/15\/ilkka-uusitalon-avaussanat-valtuuskunnan-kokouksessa\/#breadcrumb","itemListElement":[{"@type":"ListItem","position":1,"name":"Koti","item":"https:\/\/pellervo.fi\/sv\/"},{"@type":"ListItem","position":2,"name":"Osuuskuntalain uudistaminen j\u00e4rjest\u00f6n t\u00e4rkein vaikuttamistavoite &#8211; Ilkka Uusitalon puhe valtuuskunnalle"}]},{"@type":"WebSite","@id":"https:\/\/pellervo.fi\/#website","url":"https:\/\/pellervo.fi\/","name":"Pellervo","description":"Osuuskuntien keskusj\u00e4rjest\u00f6","publisher":{"@id":"https:\/\/pellervo.fi\/#organization"},"potentialAction":[{"@type":"SearchAction","target":{"@type":"EntryPoint","urlTemplate":"https:\/\/pellervo.fi\/?s={search_term_string}"},"query-input":{"@type":"PropertyValueSpecification","valueRequired":true,"valueName":"search_term_string"}}],"inLanguage":"sv-SE"},{"@type":"Organization","@id":"https:\/\/pellervo.fi\/#organization","name":"Osuustoimintakeskus Pellervo ry","url":"https:\/\/pellervo.fi\/","logo":{"@type":"ImageObject","inLanguage":"sv-SE","@id":"https:\/\/pellervo.fi\/#\/schema\/logo\/image\/","url":"https:\/\/pellervo.fi\/wp-content\/uploads\/2020\/05\/Pellervo_logo.png","contentUrl":"https:\/\/pellervo.fi\/wp-content\/uploads\/2020\/05\/Pellervo_logo.png","width":1335,"height":376,"caption":"Osuustoimintakeskus Pellervo ry"},"image":{"@id":"https:\/\/pellervo.fi\/#\/schema\/logo\/image\/"},"sameAs":["https:\/\/x.com\/PellervoFi"]},{"@type":"Person","@id":"https:\/\/pellervo.fi\/#\/schema\/person\/4b74d40956937d1367ade81899997e71","name":"pellervo","image":{"@type":"ImageObject","inLanguage":"sv-SE","@id":"https:\/\/pellervo.fi\/wp-content\/uploads\/2013\/11\/pellervo_avatar_1384522134-96x96.jpg","url":"https:\/\/pellervo.fi\/wp-content\/uploads\/2013\/11\/pellervo_avatar_1384522134-96x96.jpg","contentUrl":"https:\/\/pellervo.fi\/wp-content\/uploads\/2013\/11\/pellervo_avatar_1384522134-96x96.jpg","caption":"pellervo"},"description":"Kuvaus","url":"https:\/\/pellervo.fi\/sv\/author\/pellervo\/"}]}},"_links":{"self":[{"href":"https:\/\/pellervo.fi\/sv\/wp-json\/wp\/v2\/posts\/896760","targetHints":{"allow":["GET"]}}],"collection":[{"href":"https:\/\/pellervo.fi\/sv\/wp-json\/wp\/v2\/posts"}],"about":[{"href":"https:\/\/pellervo.fi\/sv\/wp-json\/wp\/v2\/types\/post"}],"author":[{"embeddable":true,"href":"https:\/\/pellervo.fi\/sv\/wp-json\/wp\/v2\/users\/5"}],"replies":[{"embeddable":true,"href":"https:\/\/pellervo.fi\/sv\/wp-json\/wp\/v2\/comments?post=896760"}],"version-history":[{"count":4,"href":"https:\/\/pellervo.fi\/sv\/wp-json\/wp\/v2\/posts\/896760\/revisions"}],"predecessor-version":[{"id":896770,"href":"https:\/\/pellervo.fi\/sv\/wp-json\/wp\/v2\/posts\/896760\/revisions\/896770"}],"wp:featuredmedia":[{"embeddable":true,"href":"https:\/\/pellervo.fi\/sv\/wp-json\/wp\/v2\/media\/896761"}],"wp:attachment":[{"href":"https:\/\/pellervo.fi\/sv\/wp-json\/wp\/v2\/media?parent=896760"}],"wp:term":[{"taxonomy":"category","embeddable":true,"href":"https:\/\/pellervo.fi\/sv\/wp-json\/wp\/v2\/categories?post=896760"},{"taxonomy":"post_tag","embeddable":true,"href":"https:\/\/pellervo.fi\/sv\/wp-json\/wp\/v2\/tags?post=896760"}],"curies":[{"name":"wp","href":"https:\/\/api.w.org\/{rel}","templated":true}]}}