{"id":897030,"date":"2024-01-24T15:12:38","date_gmt":"2024-01-24T13:12:38","guid":{"rendered":"https:\/\/pellervo.fi\/?p=897030"},"modified":"2024-01-24T15:19:00","modified_gmt":"2024-01-24T13:19:00","slug":"data-ja-yhteistyo-naihin-kiteytyy-niin-suurten-kuin-pienten-yritysten-vastuullisuustyo-lahivuosina","status":"publish","type":"post","link":"https:\/\/pellervo.fi\/sv\/vastuullisuus\/2024\/01\/24\/data-ja-yhteistyo-naihin-kiteytyy-niin-suurten-kuin-pienten-yritysten-vastuullisuustyo-lahivuosina\/","title":{"rendered":"Data ja yhteisty\u00f6 \u2013 n\u00e4ihin kiteytyy niin suurten kuin pienten yritysten vastuullisuusty\u00f6 l\u00e4hivuosina"},"content":{"rendered":"\n<p><strong>Yritysten toimintakentt\u00e4 on valtavassa muutoksessa. Vaikka jatkuvasti lis\u00e4\u00e4ntyv\u00e4 ja kiristyv\u00e4 kest\u00e4vyyss\u00e4\u00e4ntely ei v\u00e4ltt\u00e4m\u00e4tt\u00e4 suoraan koske pieni\u00e4 ja keskisuuria yrityksi\u00e4, v\u00e4lillisesti pankkien ja rahoittajien kautta sek\u00e4 osana arvoketjuja vaikutuksilta ei voi v\u00e4ltty\u00e4. Pellervo j\u00e4rjesti 18.1. tilaisuuden, jossa keskusteltiin siit\u00e4, mit\u00e4 pk-yritykset voivat odottaa ja miten niiden tulisi toimia jo nyt ja erityisesti tulevaisuudessa, jotta niiden toimintaedellytykset markkinoilla s\u00e4ilyv\u00e4t.<\/strong><\/p>\n<h4>EU haastaa ja tukee yrityksi\u00e4<\/h4>\n<p>EU:n yrityksi\u00e4 koskevasta kest\u00e4vyyss\u00e4\u00e4ntelyst\u00e4 kertoi policy advisor <strong>Michael Ristaniemi<\/strong> EU komissiosta. H\u00e4n pohjusti aihetta muistuttamalla, ett\u00e4 EU tavoittelee koko toiminnallaan kest\u00e4v\u00e4\u00e4 tulevaisuutta ja t\u00e4h\u00e4n liittyy my\u00f6s laajempia kansainv\u00e4lisi\u00e4 puitteita kuten YK:n kest\u00e4v\u00e4n kehityksen tavoitteet ja Pariisin ilmastosopimus.<\/p>\n<p>EU:ssa on jo pidemp\u00e4\u00e4n edellytetty yrityksen vastuuta ymm\u00e4rt\u00e4\u00e4 kokonaisvaltaisesti oman toimintansa vaikutuksia ja nyt huomio on laajenemassa koko arvoketjuun ja sen s\u00e4\u00e4ntelyyn. Ristaniemen mukaan voidaan puhua jo toisen sukupolven yritysvastuus\u00e4\u00e4ntelyst\u00e4. Nyt painotetaan erityisesti sidosryhmien kuten sijoittajien, kuluttajien ja kansalaisj\u00e4rjest\u00f6jen mahdollisuuksia vaikuttaa ja saada tietoa yrityksist\u00e4. EU:ssa on my\u00f6s paljon tuotteisiin liittyv\u00e4\u00e4 kest\u00e4vyyss\u00e4\u00e4ntely\u00e4 esimerkkin\u00e4 vaikka uusi ekosuunnitteludirektiivi. Yritysvastuun s\u00e4\u00e4ntely EU:ssa liittyy Ristaniemien mukaan kuitenkin enemm\u00e4n prosesseihin ja huolellisuuteen omassa toiminnassa.<\/p>\n<p>Komissio pyrkii vuoden 2024 ohjelmassaan v\u00e4hent\u00e4m\u00e4\u00e4n yritysten raportointivaatimuksia ja yksinkertaistamaan s\u00e4\u00e4ntely\u00e4. Ristaniemi kuitenkin my\u00f6nt\u00e4\u00e4, ett\u00e4 yritysvaikutusten arviointi on haastavaa. \u00a0Vaikka eri p\u00e4\u00e4osastot pyrkiv\u00e4t ottamaan huomioon eri s\u00e4\u00e4ntelyhankkeiden kokonaistaakan, l\u00e4hestymistavat eri osastoilla vaihtelevat. Selvityksi\u00e4 vaikutuksista tehd\u00e4\u00e4n kuitenkin erityisesti juuri pk-yrityksiin liittyen.<\/p>\n<p>Pienemmille yrityksille on my\u00f6s tarjolla erilaista tukea niin viranomaisten kuin suurempien yritystenkin kautta, mutta tuen laajuus ja laatu vaihtelee j\u00e4senvaltioittain. Komissiossa n\u00e4hd\u00e4\u00e4nkin, ett\u00e4 yritysten v\u00e4linen yhteisty\u00f6 vastuullisuuskysymyksiss\u00e4 on t\u00e4rke\u00e4\u00e4 ja t\u00e4h\u00e4n tulisi kannustaa yh\u00e4 enemm\u00e4n.<\/p>\n<h4>Rahoittaja ristipaineessa<\/h4>\n<p>On jo kansantaloudellisestikin eritt\u00e4in t\u00e4rke\u00e4\u00e4, ett\u00e4 pk-yritykset pystyv\u00e4t vastaamaan vastuullisuusvaatimuksiin, muistuttaa OP ryhm\u00e4n \u200bESG- ja vastuullisuusjohtaja<strong> Annina Tanhuanp\u00e4\u00e4. <\/strong>Pankki haluaa tukea osaltaan pk-yrityksi\u00e4, sill\u00e4 tavoitteet ovat kaikille yhteiset. Pankin omatkin kest\u00e4vyystavoitteet saavutetaan vain yhdess\u00e4 asiakkaan kanssa.<\/p>\n<p>OP on sitoutunut vastuulliseen liiketoimintaan osana kansainv\u00e4lisi\u00e4 aloitteita, mutta my\u00f6s viranomaisvaatimuksen ovat pankeille mittavia. OP:n tulee huomioida ESG-tekij\u00e4t kaikissa rahoitusp\u00e4\u00e4t\u00f6ksiss\u00e4\u00e4n ja kest\u00e4v\u00e4n rahoituksen taksonomia vaatii, ett\u00e4 yritysten toiminta luokitellaan sen perusteella, kuinka kest\u00e4vin\u00e4 niit\u00e4 voidaan pit\u00e4\u00e4 ilmasto- ja ymp\u00e4rist\u00f6n\u00e4k\u00f6kulmasta.<\/p>\n<p>Yrityksilt\u00e4 siis vaaditaan koosta riippumatta kasvavaa m\u00e4\u00e4r\u00e4\u00e4 tietoa omista ESG-vaikutuksista, sill\u00e4 my\u00f6s suurten yritysten tietotarpeet valuvat alihankintaketjun yrityksille. Erityisesti Tanhuanp\u00e4\u00e4t\u00e4 huolestutti OP:n Suuryritystutkimuksen uusimmat tulokset, joiden mukaan alihankkijoita ja toimittajia on jo jouduttu vaihtamaan vastuullisuusvelvoitteiden my\u00f6t\u00e4.<\/p>\n<p>Suuryritykset eiv\u00e4t kuitenkaan saa valuttaa ketjuunsa kaikkea ja pk-yritysten tukeminen aiheuttaa vastuita n\u00e4ill\u00e4kin toimijoille, Tanhuanp\u00e4\u00e4 huomauttaa. Tosin s\u00e4\u00e4ntely tulee tulevaisuudessa koskettamaan osaa pk-yrityksist\u00e4kin, sill\u00e4 niillekin valmistellaan omia raportointistandardeja.<\/p>\n<p>Tanhuanp\u00e4\u00e4 toivoo, ett\u00e4 pankit saisivat mahdollisimman paljon yrityskohtaista tietoa yrityksilt\u00e4 itselt\u00e4\u00e4n, jotta ei jouduta turvautumaan toimialakohtaisiin analyyseihin. Ne ovat aina huonompia, eiv\u00e4tk\u00e4 tuo esiin sit\u00e4 t\u00e4rke\u00e4\u00e4 kest\u00e4vyysty\u00f6t\u00e4 mit\u00e4 yritys ehk\u00e4 on jo tehnyt.<\/p>\n<p>Kysymyksi\u00e4, joihin OP asiakkailtaan toivoo vastauksia liittyv\u00e4t esimerkiksi kasvihuonekaasup\u00e4\u00e4st\u00f6jen raportointiin, onko yrityksell\u00e4 toimenpiteit\u00e4 pakkausmateriaalien v\u00e4hent\u00e4miseksi, onko\u00a0ihmisoikeusvaikutuksia tunnistettu, mitk\u00e4 ovat toimenpiteet\u00a0ty\u00f6ntekij\u00f6iden turvallisuuden\u00a0ja terveyden edist\u00e4miseksi tai onko yrityksen johto\u00a0sitoutunut vastuullisuuteen ja onko se osa\u00a0strategiaa.<\/p>\n<p>T\u00e4rkeint\u00e4 pk-yrityksille olisi nyt viimeist\u00e4\u00e4n aloittaa kest\u00e4vyysty\u00f6 ja kartuttaa vastuullisuusosaamista, Tanhuanp\u00e4\u00e4 neuvoo. Ty\u00f6ss\u00e4 kannattaa hy\u00f6dynt\u00e4\u00e4 tunnettuja raportointistandardeja sek\u00e4 ker\u00e4t\u00e4 sidosryhm\u00e4palautetta. M\u00e4\u00e4r\u00e4muotoisen raportoinnin rooli kasvaa erityisesti ilmasto- ja ymp\u00e4rist\u00f6vaikutusten osalta ja t\u00e4rke\u00e4\u00e4 olisi tunnistaa yhti\u00f6kohtaisesti olennaiset tiedot ja raportoida niist\u00e4 l\u00e4pin\u00e4kyv\u00e4sti.<\/p>\n<h4>Kunnianhimoiset tavoitteet &#8211; yhdess\u00e4<\/h4>\n<p>My\u00f6s S-ryhm\u00e4 odottaa toimittajiensa vastuullisuudelta ja raportoinnilta tulevaisuudessa\u200b\u00a0yh\u00e4 enemm\u00e4n kertoo vastuullisuusjohtaja <strong>Nina Elomaa<\/strong>. Huolimatta siit\u00e4 mik\u00e4 maailman tila on sotien ja inflaation takia, ymp\u00e4rist\u00f6\u00f6n ja ilmastoon liittyv\u00e4t kriisit ovat silti globaalisti kaikkein akuuteimpia.<\/p>\n<p>S-ryhm\u00e4 onkin asettanut uudet kunnianhimoiset\u00a0p\u00e4\u00e4st\u00f6tavoitteet koko\u00a0arvoketjulleen. Ja koska 99 prosenttia ilmastop\u00e4\u00e4st\u00f6ist\u00e4 niin S-ryhm\u00e4ll\u00e4 kuin OP:llakin syntyy arvoketjussa, on teht\u00e4v\u00e4 yhteisty\u00f6t\u00e4, jotta v\u00e4hennystavoitteet saavutetaan. Elomaa selvent\u00e4\u00e4, ett\u00e4 yhdess\u00e4 arvoketjun kanssa on jo saatu paljon\u00a0hyv\u00e4\u00e4 aikaan, mutta ty\u00f6t\u00e4 pit\u00e4\u00e4 jatkaa.<\/p>\n<p>Tavoite on asetettu, mutta Elomaa korostaa, ett\u00e4 viel\u00e4 ei tiedet\u00e4 miten siihen tullaan p\u00e4\u00e4sem\u00e4\u00e4n &#8211; paitsi, ett\u00e4 se tehd\u00e4\u00e4n yhdess\u00e4 koko ketjun kanssa. Ilmastoty\u00f6 vaati uusien keinojen l\u00f6yt\u00e4mist\u00e4, parempaa dataa kumppaneilta, entist\u00e4 vahvempaa yhdess\u00e4 tekemist\u00e4 sek\u00e4 asiakkaiden auttamista kohti ilmastoviisaampia valintoja.<\/p>\n<p>V\u00e4hitt\u00e4iskauppa kohtaa my\u00f6s eritt\u00e4in paljon s\u00e4\u00e4ntely\u00e4.\u00a0Elomaa huomauttaa, ett\u00e4 asetusten ja direktiivien m\u00e4\u00e4r\u00e4 ei muutama vuosi sitten ollut viel\u00e4 n\u00e4in valtava. Niiden vieminen osaksi yrityksen prosesseja on ty\u00f6l\u00e4st\u00e4 ja eri regulaatioissa on usein samoja elementtej\u00e4, joita tulee katsoa ristiin. Mutta Elomaa muistuttaa, ett\u00e4 vastuullisuudessa regulaation noudattaminen ei ole edell\u00e4k\u00e4vijyytt\u00e4. Ja edell\u00e4k\u00e4vijyys on S-ryhm\u00e4n tavoite.<\/p>\n<p>Viherpesusyyt\u00f6kset ovat nyt Elomaan mukaan herk\u00e4ss\u00e4. Silti viestinn\u00e4ll\u00e4 ja markkinoinnilla on merkitt\u00e4v\u00e4 rooli\u00a0ja erityisesti l\u00e4pin\u00e4kyvyyden vaade kasvaa edelleen\u200b. T\u00e4m\u00e4 asettaa vaatimuksia tuntea oma arvoketju ja saada sielt\u00e4 tietoa. Elomaan mukaan odotukset erityisesti l\u00e4pin\u00e4kyvyydess\u00e4 ovat viel\u00e4 ep\u00e4realistisia, sill\u00e4\u200b tietoa ei yksinkertaisesti ole saatavilla arvoketjusta sill\u00e4 tavalla ja tasolla kuin mit\u00e4 lains\u00e4\u00e4t\u00e4j\u00e4t odottavat.<\/p>\n<p>S-ryhm\u00e4 kyll\u00e4 vaatii toimitusketjultaan yrityskohtaista tietoa sill\u00e4 geneerinen toimialakohtainen data ei ole riitt\u00e4v\u00e4\u00e4. Datan hy\u00f6dynt\u00e4miseksi tarvittaisiin kuitenkin yhteisi\u00e4 toimintamalleja\u200b. Elomaa tosin huomauttaa, ett\u00e4 kilpailulains\u00e4\u00e4d\u00e4nn\u00f6n kanssa pit\u00e4\u00e4 olla tarkkana ja EU:hun p\u00e4in tulisikin vied\u00e4 viesti\u00e4, ett\u00e4 vastuullisuudessa pit\u00e4\u00e4 pysty\u00e4 tekem\u00e4\u00e4n nykyist\u00e4 helpommin yhteisty\u00f6t\u00e4. \u00a0<\/p>\n<h4>Tuottaja tekee ty\u00f6n<\/h4>\n<p>Ent\u00e4 tuotantoketjun alkup\u00e4\u00e4? 102 maitotilan omistaman Osuuskunta Maitomaan toimitusjohtaja <strong>Pasi Laitinen <\/strong>muistutti, ett\u00e4 meijeriyrityksess\u00e4kin p\u00e4\u00e4st\u00f6v\u00e4hennysten ja kest\u00e4vyysty\u00f6n tulee k\u00e4yt\u00e4nn\u00f6ss\u00e4 tapahtua maatilatasolla. \u00a0Maitomaalla on tehty t\u00f6it\u00e4 kest\u00e4v\u00e4n maitoketjun hyv\u00e4ksi jo vuosia ja ymp\u00e4rist\u00f6vaikutuksia on v\u00e4hennetty. Tavoitteena on tietenkin my\u00f6s s\u00e4ilytt\u00e4\u00e4 tilojen elinvoimaisuus sek\u00e4 varmistaa hyvinvoivat ty\u00f6tekij\u00e4t ja omistajat, sill\u00e4 kuten tiedet\u00e4\u00e4n mikroyritysten resurssit ja talous ovat todella tiukilla.<\/p>\n<p>Maitomaa on k\u00e4ynnist\u00e4nyt kaksivuotisen vastuullisuuskoulutuksen tiloille ja kaikki tuottajat saadaan jo nyt mukaan el\u00e4inten hyvinvointiohjelmaan. Osuuskunta tuottaa uuden ELVI-merkin mukaisia tuotteita, mik\u00e4 on ensimm\u00e4inen t\u00e4ysin suomalainen ja riippumaton tuotantoel\u00e4inten hyvinvointimerkki.<\/p>\n<p>Laitinen huomauttaa, ett\u00e4 haasteena on my\u00f6s kuluttajien maksuvalmius. Toiveena on, ett\u00e4 n\u00e4it\u00e4 vastuullisempia maitotuotteita ei hinnoiteltaisi kaupoissa kuluttajan ulottumattomiin, mutta toisaalta my\u00f6s, ett\u00e4 ne kuluttajat, jotka pystyv\u00e4t, valitsisivat aina vastuullisen, suomalaisen tuotteen.<\/p>\n<p>Ruohonjuuritasolla on Laitisen mukaan runsaasti haasteita ja erilaiset auditoinnit ja tarkastukset viev\u00e4t tiloilla paljon aikaa. Tuottajien pit\u00e4isi h\u00e4nen mukaansa tehd\u00e4 viel\u00e4 enemm\u00e4n yhteisty\u00f6t\u00e4 \u2013 samoin kuin eri meijereiden kesken\u00e4\u00e4n.<\/p>\n","protected":false},"excerpt":{"rendered":"<p>Yritysten toimintakentt\u00e4 on valtavassa muutoksessa. Vaikka jatkuvasti lis\u00e4\u00e4ntyv\u00e4 ja kiristyv\u00e4 kest\u00e4vyyss\u00e4\u00e4ntely ei v\u00e4ltt\u00e4m\u00e4tt\u00e4 suoraan koske pieni\u00e4 ja keskisuuria yrityksi\u00e4, v\u00e4lillisesti pankkien ja rahoittajien kautta sek\u00e4 osana arvoketjuja vaikutuksilta ei voi v\u00e4ltty\u00e4. Pellervo j\u00e4rjesti 18.1. tilaisuuden, jossa keskusteltiin siit\u00e4 mit\u00e4 pk-yritykset voivat odottaa ja miten niiden tulisi toimia jo nyt ja erityisesti tulevaisuudessa, jotta niiden toimintaedellytykset markkinoilla s\u00e4ilyv\u00e4t<\/p>\n","protected":false},"author":6,"featured_media":897031,"comment_status":"closed","ping_status":"closed","sticky":false,"template":"","format":"standard","meta":{"inline_featured_image":false,"_monsterinsights_skip_tracking":false,"_monsterinsights_sitenote_active":false,"_monsterinsights_sitenote_note":"","_monsterinsights_sitenote_category":0,"site-sidebar-layout":"default","site-content-layout":"","ast-site-content-layout":"default","site-content-style":"default","site-sidebar-style":"default","ast-global-header-display":"","ast-banner-title-visibility":"","ast-main-header-display":"","ast-hfb-above-header-display":"","ast-hfb-below-header-display":"","ast-hfb-mobile-header-display":"","site-post-title":"","ast-breadcrumbs-content":"","ast-featured-img":"","footer-sml-layout":"","ast-disable-related-posts":"","theme-transparent-header-meta":"","adv-header-id-meta":"","stick-header-meta":"","header-above-stick-meta":"","header-main-stick-meta":"","header-below-stick-meta":"","astra-migrate-meta-layouts":"set","ast-page-background-enabled":"default","ast-page-background-meta":{"desktop":{"background-color":"","background-image":"","background-repeat":"repeat","background-position":"center center","background-size":"auto","background-attachment":"scroll","background-type":"","background-media":"","overlay-type":"","overlay-color":"","overlay-opacity":"","overlay-gradient":""},"tablet":{"background-color":"","background-image":"","background-repeat":"repeat","background-position":"center center","background-size":"auto","background-attachment":"scroll","background-type":"","background-media":"","overlay-type":"","overlay-color":"","overlay-opacity":"","overlay-gradient":""},"mobile":{"background-color":"","background-image":"","background-repeat":"repeat","background-position":"center center","background-size":"auto","background-attachment":"scroll","background-type":"","background-media":"","overlay-type":"","overlay-color":"","overlay-opacity":"","overlay-gradient":""}},"ast-content-background-meta":{"desktop":{"background-color":"var(--ast-global-color-5)","background-image":"","background-repeat":"repeat","background-position":"center center","background-size":"auto","background-attachment":"scroll","background-type":"","background-media":"","overlay-type":"","overlay-color":"","overlay-opacity":"","overlay-gradient":""},"tablet":{"background-color":"var(--ast-global-color-5)","background-image":"","background-repeat":"repeat","background-position":"center center","background-size":"auto","background-attachment":"scroll","background-type":"","background-media":"","overlay-type":"","overlay-color":"","overlay-opacity":"","overlay-gradient":""},"mobile":{"background-color":"var(--ast-global-color-5)","background-image":"","background-repeat":"repeat","background-position":"center center","background-size":"auto","background-attachment":"scroll","background-type":"","background-media":"","overlay-type":"","overlay-color":"","overlay-opacity":"","overlay-gradient":""}},"_FSMCFIC_featured_image_caption":"Tilaisuus j\u00e4rjestettiin hybridin\u00e4 Pellervon toimistolla sek\u00e4 et\u00e4n\u00e4.","_FSMCFIC_featured_image_nocaption":"","_FSMCFIC_featured_image_hide":"","footnotes":""},"categories":[71,224],"tags":[],"class_list":["post-897030","post","type-post","status-publish","format-standard","has-post-thumbnail","hentry","category-jarjesto","category-vastuullisuus"],"yoast_head":"<!-- This site is optimized with the Yoast SEO plugin v27.4 - https:\/\/yoast.com\/product\/yoast-seo-wordpress\/ -->\n<title>Data ja yhteisty\u00f6 \u2013 n\u00e4ihin kiteytyy niin suurten kuin pienten yritysten vastuullisuusty\u00f6 l\u00e4hivuosina - Pellervo<\/title>\n<meta name=\"robots\" content=\"index, follow, max-snippet:-1, max-image-preview:large, max-video-preview:-1\" \/>\n<link rel=\"canonical\" href=\"https:\/\/pellervo.fi\/vastuullisuus\/2024\/01\/24\/data-ja-yhteistyo-naihin-kiteytyy-niin-suurten-kuin-pienten-yritysten-vastuullisuustyo-lahivuosina\/\" \/>\n<meta property=\"og:locale\" content=\"sv_SE\" \/>\n<meta property=\"og:type\" content=\"article\" \/>\n<meta property=\"og:title\" content=\"Data ja yhteisty\u00f6 \u2013 n\u00e4ihin kiteytyy niin suurten kuin pienten yritysten vastuullisuusty\u00f6 l\u00e4hivuosina - Pellervo\" \/>\n<meta property=\"og:description\" content=\"Yritysten toimintakentt\u00e4 on valtavassa muutoksessa. Vaikka jatkuvasti lis\u00e4\u00e4ntyv\u00e4 ja kiristyv\u00e4 kest\u00e4vyyss\u00e4\u00e4ntely ei v\u00e4ltt\u00e4m\u00e4tt\u00e4 suoraan koske pieni\u00e4 ja keskisuuria yrityksi\u00e4, v\u00e4lillisesti pankkien ja rahoittajien kautta sek\u00e4 osana arvoketjuja vaikutuksilta ei voi v\u00e4ltty\u00e4. Pellervo j\u00e4rjesti 18.1. tilaisuuden, jossa keskusteltiin siit\u00e4 mit\u00e4 pk-yritykset voivat odottaa ja miten niiden tulisi toimia jo nyt ja erityisesti tulevaisuudessa, jotta niiden toimintaedellytykset markkinoilla s\u00e4ilyv\u00e4t\" \/>\n<meta property=\"og:url\" content=\"https:\/\/pellervo.fi\/vastuullisuus\/2024\/01\/24\/data-ja-yhteistyo-naihin-kiteytyy-niin-suurten-kuin-pienten-yritysten-vastuullisuustyo-lahivuosina\/\" \/>\n<meta property=\"og:site_name\" content=\"Pellervo\" \/>\n<meta property=\"article:published_time\" content=\"2024-01-24T13:12:38+00:00\" \/>\n<meta property=\"article:modified_time\" content=\"2024-01-24T13:19:00+00:00\" \/>\n<meta property=\"og:image\" content=\"https:\/\/pellervo.fi\/wp-content\/uploads\/2024\/01\/IMG_20240118_094950-scaled.jpg\" \/>\n\t<meta property=\"og:image:width\" content=\"2560\" \/>\n\t<meta property=\"og:image:height\" content=\"1920\" \/>\n\t<meta property=\"og:image:type\" content=\"image\/jpeg\" \/>\n<meta name=\"author\" content=\"Hanna Muukka\" \/>\n<meta name=\"twitter:card\" content=\"summary_large_image\" \/>\n<meta name=\"twitter:creator\" content=\"@PellervoFi\" \/>\n<meta name=\"twitter:site\" content=\"@PellervoFi\" \/>\n<meta name=\"twitter:label1\" content=\"Skriven av\" \/>\n\t<meta name=\"twitter:data1\" content=\"Hanna Muukka\" \/>\n\t<meta name=\"twitter:label2\" content=\"Ber\u00e4knad l\u00e4stid\" \/>\n\t<meta name=\"twitter:data2\" content=\"6 minuter\" \/>\n<script type=\"application\/ld+json\" class=\"yoast-schema-graph\">{\"@context\":\"https:\\\/\\\/schema.org\",\"@graph\":[{\"@type\":\"Article\",\"@id\":\"https:\\\/\\\/pellervo.fi\\\/vastuullisuus\\\/2024\\\/01\\\/24\\\/data-ja-yhteistyo-naihin-kiteytyy-niin-suurten-kuin-pienten-yritysten-vastuullisuustyo-lahivuosina\\\/#article\",\"isPartOf\":{\"@id\":\"https:\\\/\\\/pellervo.fi\\\/vastuullisuus\\\/2024\\\/01\\\/24\\\/data-ja-yhteistyo-naihin-kiteytyy-niin-suurten-kuin-pienten-yritysten-vastuullisuustyo-lahivuosina\\\/\"},\"author\":{\"name\":\"Hanna Muukka\",\"@id\":\"https:\\\/\\\/pellervo.fi\\\/#\\\/schema\\\/person\\\/f001b7c670bab10e5236b09672d9e6a3\"},\"headline\":\"Data ja yhteisty\u00f6 \u2013 n\u00e4ihin kiteytyy niin suurten kuin pienten yritysten vastuullisuusty\u00f6 l\u00e4hivuosina\",\"datePublished\":\"2024-01-24T13:12:38+00:00\",\"dateModified\":\"2024-01-24T13:19:00+00:00\",\"mainEntityOfPage\":{\"@id\":\"https:\\\/\\\/pellervo.fi\\\/vastuullisuus\\\/2024\\\/01\\\/24\\\/data-ja-yhteistyo-naihin-kiteytyy-niin-suurten-kuin-pienten-yritysten-vastuullisuustyo-lahivuosina\\\/\"},\"wordCount\":1131,\"publisher\":{\"@id\":\"https:\\\/\\\/pellervo.fi\\\/#organization\"},\"image\":{\"@id\":\"https:\\\/\\\/pellervo.fi\\\/vastuullisuus\\\/2024\\\/01\\\/24\\\/data-ja-yhteistyo-naihin-kiteytyy-niin-suurten-kuin-pienten-yritysten-vastuullisuustyo-lahivuosina\\\/#primaryimage\"},\"thumbnailUrl\":\"https:\\\/\\\/pellervo.fi\\\/wp-content\\\/uploads\\\/2024\\\/01\\\/IMG_20240118_094950-scaled.jpg\",\"articleSection\":[\"J\u00e4rjest\u00f6\",\"Vastuullisuus\"],\"inLanguage\":\"sv-SE\"},{\"@type\":\"WebPage\",\"@id\":\"https:\\\/\\\/pellervo.fi\\\/vastuullisuus\\\/2024\\\/01\\\/24\\\/data-ja-yhteistyo-naihin-kiteytyy-niin-suurten-kuin-pienten-yritysten-vastuullisuustyo-lahivuosina\\\/\",\"url\":\"https:\\\/\\\/pellervo.fi\\\/vastuullisuus\\\/2024\\\/01\\\/24\\\/data-ja-yhteistyo-naihin-kiteytyy-niin-suurten-kuin-pienten-yritysten-vastuullisuustyo-lahivuosina\\\/\",\"name\":\"Data ja yhteisty\u00f6 \u2013 n\u00e4ihin kiteytyy niin suurten kuin pienten yritysten vastuullisuusty\u00f6 l\u00e4hivuosina - Pellervo\",\"isPartOf\":{\"@id\":\"https:\\\/\\\/pellervo.fi\\\/#website\"},\"primaryImageOfPage\":{\"@id\":\"https:\\\/\\\/pellervo.fi\\\/vastuullisuus\\\/2024\\\/01\\\/24\\\/data-ja-yhteistyo-naihin-kiteytyy-niin-suurten-kuin-pienten-yritysten-vastuullisuustyo-lahivuosina\\\/#primaryimage\"},\"image\":{\"@id\":\"https:\\\/\\\/pellervo.fi\\\/vastuullisuus\\\/2024\\\/01\\\/24\\\/data-ja-yhteistyo-naihin-kiteytyy-niin-suurten-kuin-pienten-yritysten-vastuullisuustyo-lahivuosina\\\/#primaryimage\"},\"thumbnailUrl\":\"https:\\\/\\\/pellervo.fi\\\/wp-content\\\/uploads\\\/2024\\\/01\\\/IMG_20240118_094950-scaled.jpg\",\"datePublished\":\"2024-01-24T13:12:38+00:00\",\"dateModified\":\"2024-01-24T13:19:00+00:00\",\"breadcrumb\":{\"@id\":\"https:\\\/\\\/pellervo.fi\\\/vastuullisuus\\\/2024\\\/01\\\/24\\\/data-ja-yhteistyo-naihin-kiteytyy-niin-suurten-kuin-pienten-yritysten-vastuullisuustyo-lahivuosina\\\/#breadcrumb\"},\"inLanguage\":\"sv-SE\",\"potentialAction\":[{\"@type\":\"ReadAction\",\"target\":[\"https:\\\/\\\/pellervo.fi\\\/vastuullisuus\\\/2024\\\/01\\\/24\\\/data-ja-yhteistyo-naihin-kiteytyy-niin-suurten-kuin-pienten-yritysten-vastuullisuustyo-lahivuosina\\\/\"]}]},{\"@type\":\"ImageObject\",\"inLanguage\":\"sv-SE\",\"@id\":\"https:\\\/\\\/pellervo.fi\\\/vastuullisuus\\\/2024\\\/01\\\/24\\\/data-ja-yhteistyo-naihin-kiteytyy-niin-suurten-kuin-pienten-yritysten-vastuullisuustyo-lahivuosina\\\/#primaryimage\",\"url\":\"https:\\\/\\\/pellervo.fi\\\/wp-content\\\/uploads\\\/2024\\\/01\\\/IMG_20240118_094950-scaled.jpg\",\"contentUrl\":\"https:\\\/\\\/pellervo.fi\\\/wp-content\\\/uploads\\\/2024\\\/01\\\/IMG_20240118_094950-scaled.jpg\",\"width\":2560,\"height\":1920,\"caption\":\"Kokoushuone ja vaalea pitk\u00e4 puup\u00f6yt\u00e4, jonka \u00e4\u00e4ress\u00e4 ihmisi\u00e4. P\u00f6yd\u00e4n p\u00e4\u00e4ss\u00e4 vaaleahiuksinen nainen seisoo ja pit\u00e4\u00e4 esityst\u00e4. Taustalla esityskalvo.\"},{\"@type\":\"BreadcrumbList\",\"@id\":\"https:\\\/\\\/pellervo.fi\\\/vastuullisuus\\\/2024\\\/01\\\/24\\\/data-ja-yhteistyo-naihin-kiteytyy-niin-suurten-kuin-pienten-yritysten-vastuullisuustyo-lahivuosina\\\/#breadcrumb\",\"itemListElement\":[{\"@type\":\"ListItem\",\"position\":1,\"name\":\"Koti\",\"item\":\"https:\\\/\\\/pellervo.fi\\\/sv\\\/\"},{\"@type\":\"ListItem\",\"position\":2,\"name\":\"Data ja yhteisty\u00f6 \u2013 n\u00e4ihin kiteytyy niin suurten kuin pienten yritysten vastuullisuusty\u00f6 l\u00e4hivuosina\"}]},{\"@type\":\"WebSite\",\"@id\":\"https:\\\/\\\/pellervo.fi\\\/#website\",\"url\":\"https:\\\/\\\/pellervo.fi\\\/\",\"name\":\"Pellervo\",\"description\":\"Osuuskuntien keskusj\u00e4rjest\u00f6\",\"publisher\":{\"@id\":\"https:\\\/\\\/pellervo.fi\\\/#organization\"},\"potentialAction\":[{\"@type\":\"SearchAction\",\"target\":{\"@type\":\"EntryPoint\",\"urlTemplate\":\"https:\\\/\\\/pellervo.fi\\\/?s={search_term_string}\"},\"query-input\":{\"@type\":\"PropertyValueSpecification\",\"valueRequired\":true,\"valueName\":\"search_term_string\"}}],\"inLanguage\":\"sv-SE\"},{\"@type\":\"Organization\",\"@id\":\"https:\\\/\\\/pellervo.fi\\\/#organization\",\"name\":\"Osuustoimintakeskus Pellervo ry\",\"url\":\"https:\\\/\\\/pellervo.fi\\\/\",\"logo\":{\"@type\":\"ImageObject\",\"inLanguage\":\"sv-SE\",\"@id\":\"https:\\\/\\\/pellervo.fi\\\/#\\\/schema\\\/logo\\\/image\\\/\",\"url\":\"https:\\\/\\\/pellervo.fi\\\/wp-content\\\/uploads\\\/2020\\\/05\\\/Pellervo_logo.png\",\"contentUrl\":\"https:\\\/\\\/pellervo.fi\\\/wp-content\\\/uploads\\\/2020\\\/05\\\/Pellervo_logo.png\",\"width\":1335,\"height\":376,\"caption\":\"Osuustoimintakeskus Pellervo ry\"},\"image\":{\"@id\":\"https:\\\/\\\/pellervo.fi\\\/#\\\/schema\\\/logo\\\/image\\\/\"},\"sameAs\":[\"https:\\\/\\\/x.com\\\/PellervoFi\"]},{\"@type\":\"Person\",\"@id\":\"https:\\\/\\\/pellervo.fi\\\/#\\\/schema\\\/person\\\/f001b7c670bab10e5236b09672d9e6a3\",\"name\":\"Hanna Muukka\",\"image\":{\"@type\":\"ImageObject\",\"inLanguage\":\"sv-SE\",\"@id\":\"https:\\\/\\\/pellervo.fi\\\/wp-content\\\/uploads\\\/2014\\\/02\\\/Hanna-Muukka_avatar_1393417732-96x96.jpg\",\"url\":\"https:\\\/\\\/pellervo.fi\\\/wp-content\\\/uploads\\\/2014\\\/02\\\/Hanna-Muukka_avatar_1393417732-96x96.jpg\",\"contentUrl\":\"https:\\\/\\\/pellervo.fi\\\/wp-content\\\/uploads\\\/2014\\\/02\\\/Hanna-Muukka_avatar_1393417732-96x96.jpg\",\"caption\":\"Hanna Muukka\"},\"description\":\"Kirjoittaja ty\u00f6skentelee Osuustoimintakeskus Pellervossa vastuullisuusasiantuntijana.\",\"url\":\"https:\\\/\\\/pellervo.fi\\\/sv\\\/author\\\/hannamuu\\\/\"}]}<\/script>\n<!-- \/ Yoast SEO plugin. -->","yoast_head_json":{"title":"Data ja yhteisty\u00f6 \u2013 n\u00e4ihin kiteytyy niin suurten kuin pienten yritysten vastuullisuusty\u00f6 l\u00e4hivuosina - Pellervo","robots":{"index":"index","follow":"follow","max-snippet":"max-snippet:-1","max-image-preview":"max-image-preview:large","max-video-preview":"max-video-preview:-1"},"canonical":"https:\/\/pellervo.fi\/vastuullisuus\/2024\/01\/24\/data-ja-yhteistyo-naihin-kiteytyy-niin-suurten-kuin-pienten-yritysten-vastuullisuustyo-lahivuosina\/","og_locale":"sv_SE","og_type":"article","og_title":"Data ja yhteisty\u00f6 \u2013 n\u00e4ihin kiteytyy niin suurten kuin pienten yritysten vastuullisuusty\u00f6 l\u00e4hivuosina - Pellervo","og_description":"Yritysten toimintakentt\u00e4 on valtavassa muutoksessa. Vaikka jatkuvasti lis\u00e4\u00e4ntyv\u00e4 ja kiristyv\u00e4 kest\u00e4vyyss\u00e4\u00e4ntely ei v\u00e4ltt\u00e4m\u00e4tt\u00e4 suoraan koske pieni\u00e4 ja keskisuuria yrityksi\u00e4, v\u00e4lillisesti pankkien ja rahoittajien kautta sek\u00e4 osana arvoketjuja vaikutuksilta ei voi v\u00e4ltty\u00e4. Pellervo j\u00e4rjesti 18.1. tilaisuuden, jossa keskusteltiin siit\u00e4 mit\u00e4 pk-yritykset voivat odottaa ja miten niiden tulisi toimia jo nyt ja erityisesti tulevaisuudessa, jotta niiden toimintaedellytykset markkinoilla s\u00e4ilyv\u00e4t","og_url":"https:\/\/pellervo.fi\/vastuullisuus\/2024\/01\/24\/data-ja-yhteistyo-naihin-kiteytyy-niin-suurten-kuin-pienten-yritysten-vastuullisuustyo-lahivuosina\/","og_site_name":"Pellervo","article_published_time":"2024-01-24T13:12:38+00:00","article_modified_time":"2024-01-24T13:19:00+00:00","og_image":[{"width":2560,"height":1920,"url":"https:\/\/pellervo.fi\/wp-content\/uploads\/2024\/01\/IMG_20240118_094950-scaled.jpg","type":"image\/jpeg"}],"author":"Hanna Muukka","twitter_card":"summary_large_image","twitter_creator":"@PellervoFi","twitter_site":"@PellervoFi","twitter_misc":{"Skriven av":"Hanna Muukka","Ber\u00e4knad l\u00e4stid":"6 minuter"},"schema":{"@context":"https:\/\/schema.org","@graph":[{"@type":"Article","@id":"https:\/\/pellervo.fi\/vastuullisuus\/2024\/01\/24\/data-ja-yhteistyo-naihin-kiteytyy-niin-suurten-kuin-pienten-yritysten-vastuullisuustyo-lahivuosina\/#article","isPartOf":{"@id":"https:\/\/pellervo.fi\/vastuullisuus\/2024\/01\/24\/data-ja-yhteistyo-naihin-kiteytyy-niin-suurten-kuin-pienten-yritysten-vastuullisuustyo-lahivuosina\/"},"author":{"name":"Hanna Muukka","@id":"https:\/\/pellervo.fi\/#\/schema\/person\/f001b7c670bab10e5236b09672d9e6a3"},"headline":"Data ja yhteisty\u00f6 \u2013 n\u00e4ihin kiteytyy niin suurten kuin pienten yritysten vastuullisuusty\u00f6 l\u00e4hivuosina","datePublished":"2024-01-24T13:12:38+00:00","dateModified":"2024-01-24T13:19:00+00:00","mainEntityOfPage":{"@id":"https:\/\/pellervo.fi\/vastuullisuus\/2024\/01\/24\/data-ja-yhteistyo-naihin-kiteytyy-niin-suurten-kuin-pienten-yritysten-vastuullisuustyo-lahivuosina\/"},"wordCount":1131,"publisher":{"@id":"https:\/\/pellervo.fi\/#organization"},"image":{"@id":"https:\/\/pellervo.fi\/vastuullisuus\/2024\/01\/24\/data-ja-yhteistyo-naihin-kiteytyy-niin-suurten-kuin-pienten-yritysten-vastuullisuustyo-lahivuosina\/#primaryimage"},"thumbnailUrl":"https:\/\/pellervo.fi\/wp-content\/uploads\/2024\/01\/IMG_20240118_094950-scaled.jpg","articleSection":["J\u00e4rjest\u00f6","Vastuullisuus"],"inLanguage":"sv-SE"},{"@type":"WebPage","@id":"https:\/\/pellervo.fi\/vastuullisuus\/2024\/01\/24\/data-ja-yhteistyo-naihin-kiteytyy-niin-suurten-kuin-pienten-yritysten-vastuullisuustyo-lahivuosina\/","url":"https:\/\/pellervo.fi\/vastuullisuus\/2024\/01\/24\/data-ja-yhteistyo-naihin-kiteytyy-niin-suurten-kuin-pienten-yritysten-vastuullisuustyo-lahivuosina\/","name":"Data ja yhteisty\u00f6 \u2013 n\u00e4ihin kiteytyy niin suurten kuin pienten yritysten vastuullisuusty\u00f6 l\u00e4hivuosina - Pellervo","isPartOf":{"@id":"https:\/\/pellervo.fi\/#website"},"primaryImageOfPage":{"@id":"https:\/\/pellervo.fi\/vastuullisuus\/2024\/01\/24\/data-ja-yhteistyo-naihin-kiteytyy-niin-suurten-kuin-pienten-yritysten-vastuullisuustyo-lahivuosina\/#primaryimage"},"image":{"@id":"https:\/\/pellervo.fi\/vastuullisuus\/2024\/01\/24\/data-ja-yhteistyo-naihin-kiteytyy-niin-suurten-kuin-pienten-yritysten-vastuullisuustyo-lahivuosina\/#primaryimage"},"thumbnailUrl":"https:\/\/pellervo.fi\/wp-content\/uploads\/2024\/01\/IMG_20240118_094950-scaled.jpg","datePublished":"2024-01-24T13:12:38+00:00","dateModified":"2024-01-24T13:19:00+00:00","breadcrumb":{"@id":"https:\/\/pellervo.fi\/vastuullisuus\/2024\/01\/24\/data-ja-yhteistyo-naihin-kiteytyy-niin-suurten-kuin-pienten-yritysten-vastuullisuustyo-lahivuosina\/#breadcrumb"},"inLanguage":"sv-SE","potentialAction":[{"@type":"ReadAction","target":["https:\/\/pellervo.fi\/vastuullisuus\/2024\/01\/24\/data-ja-yhteistyo-naihin-kiteytyy-niin-suurten-kuin-pienten-yritysten-vastuullisuustyo-lahivuosina\/"]}]},{"@type":"ImageObject","inLanguage":"sv-SE","@id":"https:\/\/pellervo.fi\/vastuullisuus\/2024\/01\/24\/data-ja-yhteistyo-naihin-kiteytyy-niin-suurten-kuin-pienten-yritysten-vastuullisuustyo-lahivuosina\/#primaryimage","url":"https:\/\/pellervo.fi\/wp-content\/uploads\/2024\/01\/IMG_20240118_094950-scaled.jpg","contentUrl":"https:\/\/pellervo.fi\/wp-content\/uploads\/2024\/01\/IMG_20240118_094950-scaled.jpg","width":2560,"height":1920,"caption":"Kokoushuone ja vaalea pitk\u00e4 puup\u00f6yt\u00e4, jonka \u00e4\u00e4ress\u00e4 ihmisi\u00e4. P\u00f6yd\u00e4n p\u00e4\u00e4ss\u00e4 vaaleahiuksinen nainen seisoo ja pit\u00e4\u00e4 esityst\u00e4. Taustalla esityskalvo."},{"@type":"BreadcrumbList","@id":"https:\/\/pellervo.fi\/vastuullisuus\/2024\/01\/24\/data-ja-yhteistyo-naihin-kiteytyy-niin-suurten-kuin-pienten-yritysten-vastuullisuustyo-lahivuosina\/#breadcrumb","itemListElement":[{"@type":"ListItem","position":1,"name":"Koti","item":"https:\/\/pellervo.fi\/sv\/"},{"@type":"ListItem","position":2,"name":"Data ja yhteisty\u00f6 \u2013 n\u00e4ihin kiteytyy niin suurten kuin pienten yritysten vastuullisuusty\u00f6 l\u00e4hivuosina"}]},{"@type":"WebSite","@id":"https:\/\/pellervo.fi\/#website","url":"https:\/\/pellervo.fi\/","name":"Pellervo","description":"Osuuskuntien keskusj\u00e4rjest\u00f6","publisher":{"@id":"https:\/\/pellervo.fi\/#organization"},"potentialAction":[{"@type":"SearchAction","target":{"@type":"EntryPoint","urlTemplate":"https:\/\/pellervo.fi\/?s={search_term_string}"},"query-input":{"@type":"PropertyValueSpecification","valueRequired":true,"valueName":"search_term_string"}}],"inLanguage":"sv-SE"},{"@type":"Organization","@id":"https:\/\/pellervo.fi\/#organization","name":"Osuustoimintakeskus Pellervo ry","url":"https:\/\/pellervo.fi\/","logo":{"@type":"ImageObject","inLanguage":"sv-SE","@id":"https:\/\/pellervo.fi\/#\/schema\/logo\/image\/","url":"https:\/\/pellervo.fi\/wp-content\/uploads\/2020\/05\/Pellervo_logo.png","contentUrl":"https:\/\/pellervo.fi\/wp-content\/uploads\/2020\/05\/Pellervo_logo.png","width":1335,"height":376,"caption":"Osuustoimintakeskus Pellervo ry"},"image":{"@id":"https:\/\/pellervo.fi\/#\/schema\/logo\/image\/"},"sameAs":["https:\/\/x.com\/PellervoFi"]},{"@type":"Person","@id":"https:\/\/pellervo.fi\/#\/schema\/person\/f001b7c670bab10e5236b09672d9e6a3","name":"Hanna Muukka","image":{"@type":"ImageObject","inLanguage":"sv-SE","@id":"https:\/\/pellervo.fi\/wp-content\/uploads\/2014\/02\/Hanna-Muukka_avatar_1393417732-96x96.jpg","url":"https:\/\/pellervo.fi\/wp-content\/uploads\/2014\/02\/Hanna-Muukka_avatar_1393417732-96x96.jpg","contentUrl":"https:\/\/pellervo.fi\/wp-content\/uploads\/2014\/02\/Hanna-Muukka_avatar_1393417732-96x96.jpg","caption":"Hanna Muukka"},"description":"Kirjoittaja ty\u00f6skentelee Osuustoimintakeskus Pellervossa vastuullisuusasiantuntijana.","url":"https:\/\/pellervo.fi\/sv\/author\/hannamuu\/"}]}},"_links":{"self":[{"href":"https:\/\/pellervo.fi\/sv\/wp-json\/wp\/v2\/posts\/897030","targetHints":{"allow":["GET"]}}],"collection":[{"href":"https:\/\/pellervo.fi\/sv\/wp-json\/wp\/v2\/posts"}],"about":[{"href":"https:\/\/pellervo.fi\/sv\/wp-json\/wp\/v2\/types\/post"}],"author":[{"embeddable":true,"href":"https:\/\/pellervo.fi\/sv\/wp-json\/wp\/v2\/users\/6"}],"replies":[{"embeddable":true,"href":"https:\/\/pellervo.fi\/sv\/wp-json\/wp\/v2\/comments?post=897030"}],"version-history":[{"count":4,"href":"https:\/\/pellervo.fi\/sv\/wp-json\/wp\/v2\/posts\/897030\/revisions"}],"predecessor-version":[{"id":897037,"href":"https:\/\/pellervo.fi\/sv\/wp-json\/wp\/v2\/posts\/897030\/revisions\/897037"}],"wp:featuredmedia":[{"embeddable":true,"href":"https:\/\/pellervo.fi\/sv\/wp-json\/wp\/v2\/media\/897031"}],"wp:attachment":[{"href":"https:\/\/pellervo.fi\/sv\/wp-json\/wp\/v2\/media?parent=897030"}],"wp:term":[{"taxonomy":"category","embeddable":true,"href":"https:\/\/pellervo.fi\/sv\/wp-json\/wp\/v2\/categories?post=897030"},{"taxonomy":"post_tag","embeddable":true,"href":"https:\/\/pellervo.fi\/sv\/wp-json\/wp\/v2\/tags?post=897030"}],"curies":[{"name":"wp","href":"https:\/\/api.w.org\/{rel}","templated":true}]}}