{"id":897348,"date":"2024-04-12T08:38:26","date_gmt":"2024-04-12T05:38:26","guid":{"rendered":"https:\/\/pellervo.fi\/?p=897348"},"modified":"2024-12-04T11:08:43","modified_gmt":"2024-12-04T09:08:43","slug":"vuoden-osuustoimintateoksi-valittiin-oulun-seudun-sahkon-edullinen-energia","status":"publish","type":"post","link":"https:\/\/pellervo.fi\/sv\/uutiset\/2024\/04\/12\/vuoden-osuustoimintateoksi-valittiin-oulun-seudun-sahkon-edullinen-energia\/","title":{"rendered":"Vuoden osuustoimintateoksi valittiin Oulun Seudun S\u00e4hk\u00f6n edullinen energia"},"content":{"rendered":"\n\n\t<p><strong>Oulun Seudun S\u00e4hk\u00f6n asiakasomistajilleen tarjoama vakaa ja edullinen energian hinta on valittu Vuoden osuustoimintateoksi osuuskuntien keskusj\u00e4rjest\u00f6 Pellervon j\u00e4rjest\u00e4m\u00e4ss\u00e4 valtakunnallisessa kilpailussa. Siin\u00e4 haettiin toimintaa, jossa yrityksen osuustoiminnallisuus tulee erityisen vahvasti esille ja j\u00e4senille on tuotettu erityisen merkityksellist\u00e4 yhteist\u00e4 etua.<\/strong><\/p>\n<p>&#8211; Valintaa tehdess\u00e4 pohdimme j\u00e4senten hy\u00f6dyn maksimoinnin lis\u00e4ksi teon osuustoiminnallista luonnetta ja sit\u00e4, voisiko teko olla sellainen, jota kannattaisi levitt\u00e4\u00e4 laajemminkin, totesi tuomaristoon kuulunut johtamisen professori <strong>Anu Puusa<\/strong> It\u00e4-Suomen yliopistosta. H\u00e4n on my\u00f6s kansainv\u00e4lisen osuustoimintaliiton identiteettity\u00f6ryhm\u00e4n j\u00e4sen.<\/p>\n<p>Palkinto jaettiin Pellervon P\u00e4iv\u00e4ss\u00e4 11.4.2024 Helsingiss\u00e4, ja sit\u00e4 oli vastaanottamassa Oulun Seudun S\u00e4hk\u00f6n pitk\u00e4aikainen toimitusjohtaja <strong>Risto Kantola<\/strong>.\u00a0Tapahtumassa juhlistettiin my\u00f6s Pellervon 125-vuotistaivalta.<\/p>\n<p>Energianeuvos Risto Kantola j\u00e4\u00e4 el\u00e4kkeelle helmikuun 2025 lopussa. Oulun Seudun S\u00e4hk\u00f6n uudeksi toimitusjohtajaksi on nimitetty diplomi-insin\u00f6\u00f6ri <strong>Tommi Kantolan<\/strong>, joka aloittaa teht\u00e4v\u00e4ss\u00e4 niin ik\u00e4\u00e4n helmikuussa 2025. Tommi Kantola siirtyy Oulun Seudun S\u00e4hk\u00f6\u00f6n Oulun Energian liiketoimintajohtajan paikalta.<\/p>\n<p>OSS on toiminut omistajaosuuskuntiensa noin 20 000 j\u00e4senelle v\u00e4lineen\u00e4 hallita energianostamisen eli s\u00e4hk\u00f6n ja kaukol\u00e4mm\u00f6n kustannuksia. S\u00e4hk\u00f6n, kaukol\u00e4mm\u00f6n ja valokuituverkon j\u00e4senalennukset ovat tuntuvia ja niit\u00e4 on viime aikoina my\u00f6s laajennettu.<\/p>\n<p>Toiminnallaan se on luonut kest\u00e4v\u00e4\u00e4 hy\u00f6ty\u00e4 j\u00e4senilleen ja my\u00f6s kantanut yhteiskunnallista vastuuta tilanteessa, joissa muiden s\u00e4hk\u00f6yhti\u00f6iden hinnat kuluttajille ovat vaihdelleet rajusti. OSS rakentaa parhaillaan my\u00f6s Suomen ensimm\u00e4ist\u00e4 kaukol\u00e4mp\u00f6verkkoon kytkett\u00e4v\u00e4\u00e4 merkitt\u00e4v\u00e4n kokoista aurinkopuistoa. Limingan Ruotsinojalle t\u00e4n\u00e4 vuonna valmistuva puisto on merkitt\u00e4v\u00e4 alueellinen investointi. Se on lajissaan ensimm\u00e4inen, jonka tuotanto kytket\u00e4\u00e4n Suomessa suoraan kaukol\u00e4mp\u00f6laitoksen l\u00e4mm\u00f6n tuotantoon.<\/p>\n<h3>OSS konkretisoi kohtuullisuuden<\/h3>\n<p><strong>&#8211; <\/strong>Osuustoiminnan perustavoitteisiin kuuluu kohtuullisuus ja OSS on ollut siit\u00e4 loistava esimerkki, toteaa Pellervon toimitusjohtaja <strong>Mari Kokko<\/strong>.<\/p>\n<p>Kilpailu j\u00e4rjestettiin nyt ensimm\u00e4ist\u00e4 kertaa. Tehdyist\u00e4 ehdotuksista loppusuoralle valittiin OSS:n ohella Sijoitusosuuskunta Arvon osuuksien kaupank\u00e4ynnin aloittaminen p\u00f6rssin markkinapaikalla, SOK:n osuuskauppojen j\u00e4seni\u00e4 her\u00e4ttelev\u00e4 Omistajan tilip\u00e4iv\u00e4 -kampanja ja vanhusten kotihoivan palvelujen markkinapaikka Tarjoomo, joka aloitti yhteisty\u00f6n Pohjois-Savon hyvinvointialueen kanssa.<\/p>\n<p>Ehdotuksia vuoden teoksi sai tehd\u00e4 kuka tahansa. Voittajan valitsi tuomaristo, johon kuuluivat Anu Puusan lis\u00e4ksi eduskunnan osuustoimintaryhm\u00e4n puheenjohtaja, kansanedustaja <strong>Petri Honkonen <\/strong>ja Maaseudun Tulevaisuuden p\u00e4\u00e4toimittaja <strong>Jouni Kemppainen<\/strong>.<\/p>\n<p><em>Juttua on p\u00e4ivitetty 4.12.2024 lis\u00e4\u00e4m\u00e4ll\u00e4 tieto Risto Kantolan el\u00e4kkeelle j\u00e4\u00e4misest\u00e4 sek\u00e4 uudesta toimitusjohtajasta.<\/em><\/p>\n\n","protected":false},"excerpt":{"rendered":"<p>Oulun Seudun S\u00e4hk\u00f6n asiakasomistajilleen tarjoama vakaa ja edullinen energian hinta on valittu Vuoden osuustoimintateoksi osuuskuntien keskusj\u00e4rjest\u00f6 Pellervon j\u00e4rjest\u00e4m\u00e4ss\u00e4 valtakunnallisessa kilpailussa. Siin\u00e4 haettiin toimintaa, jossa yrityksen osuustoiminnallisuus tulee erityisen vahvasti esille ja j\u00e4senille on tuotettu erityisen merkityksellist\u00e4 yhteist\u00e4 etua.<\/p>\n","protected":false},"author":5,"featured_media":897353,"comment_status":"closed","ping_status":"closed","sticky":false,"template":"","format":"standard","meta":{"inline_featured_image":false,"_monsterinsights_skip_tracking":false,"_monsterinsights_sitenote_active":false,"_monsterinsights_sitenote_note":"","_monsterinsights_sitenote_category":0,"site-sidebar-layout":"default","site-content-layout":"","ast-site-content-layout":"default","site-content-style":"default","site-sidebar-style":"default","ast-global-header-display":"","ast-banner-title-visibility":"","ast-main-header-display":"","ast-hfb-above-header-display":"","ast-hfb-below-header-display":"","ast-hfb-mobile-header-display":"","site-post-title":"","ast-breadcrumbs-content":"","ast-featured-img":"","footer-sml-layout":"","ast-disable-related-posts":"","theme-transparent-header-meta":"","adv-header-id-meta":"","stick-header-meta":"","header-above-stick-meta":"","header-main-stick-meta":"","header-below-stick-meta":"","astra-migrate-meta-layouts":"set","ast-page-background-enabled":"default","ast-page-background-meta":{"desktop":{"background-color":"","background-image":"","background-repeat":"repeat","background-position":"center center","background-size":"auto","background-attachment":"scroll","background-type":"","background-media":"","overlay-type":"","overlay-color":"","overlay-opacity":"","overlay-gradient":""},"tablet":{"background-color":"","background-image":"","background-repeat":"repeat","background-position":"center center","background-size":"auto","background-attachment":"scroll","background-type":"","background-media":"","overlay-type":"","overlay-color":"","overlay-opacity":"","overlay-gradient":""},"mobile":{"background-color":"","background-image":"","background-repeat":"repeat","background-position":"center center","background-size":"auto","background-attachment":"scroll","background-type":"","background-media":"","overlay-type":"","overlay-color":"","overlay-opacity":"","overlay-gradient":""}},"ast-content-background-meta":{"desktop":{"background-color":"var(--ast-global-color-5)","background-image":"","background-repeat":"repeat","background-position":"center center","background-size":"auto","background-attachment":"scroll","background-type":"","background-media":"","overlay-type":"","overlay-color":"","overlay-opacity":"","overlay-gradient":""},"tablet":{"background-color":"var(--ast-global-color-5)","background-image":"","background-repeat":"repeat","background-position":"center center","background-size":"auto","background-attachment":"scroll","background-type":"","background-media":"","overlay-type":"","overlay-color":"","overlay-opacity":"","overlay-gradient":""},"mobile":{"background-color":"var(--ast-global-color-5)","background-image":"","background-repeat":"repeat","background-position":"center center","background-size":"auto","background-attachment":"scroll","background-type":"","background-media":"","overlay-type":"","overlay-color":"","overlay-opacity":"","overlay-gradient":""}},"_FSMCFIC_featured_image_caption":"Kuvassa vasemmalta p\u00e4\u00e4toimittaja Jouni Kemppainen, eduskunnan osuustoimintaryhm\u00e4n puheenjohtaja Petri Honkonen, OSS:n hallituksen puheenjohtaja Arto Marttila, toimitusjohtaja Risto Kantola ja professori Anu Puusa.","_FSMCFIC_featured_image_nocaption":"","_FSMCFIC_featured_image_hide":"","footnotes":""},"categories":[22],"tags":[],"class_list":["post-897348","post","type-post","status-publish","format-standard","has-post-thumbnail","hentry","category-uutiset"],"yoast_head":"<!-- This site is optimized with the Yoast SEO plugin v27.5 - https:\/\/yoast.com\/product\/yoast-seo-wordpress\/ -->\n<title>Vuoden osuustoimintateoksi valittiin Oulun Seudun S\u00e4hk\u00f6n edullinen energia - Pellervo<\/title>\n<meta name=\"robots\" content=\"index, follow, max-snippet:-1, max-image-preview:large, max-video-preview:-1\" \/>\n<link rel=\"canonical\" href=\"https:\/\/pellervo.fi\/uutiset\/2024\/04\/12\/vuoden-osuustoimintateoksi-valittiin-oulun-seudun-sahkon-edullinen-energia\/\" \/>\n<meta property=\"og:locale\" content=\"sv_SE\" \/>\n<meta property=\"og:type\" content=\"article\" \/>\n<meta property=\"og:title\" content=\"Vuoden osuustoimintateoksi valittiin Oulun Seudun S\u00e4hk\u00f6n edullinen energia - Pellervo\" \/>\n<meta property=\"og:description\" content=\"Oulun Seudun S\u00e4hk\u00f6n asiakasomistajilleen tarjoama vakaa ja edullinen energian hinta on valittu Vuoden osuustoimintateoksi osuuskuntien keskusj\u00e4rjest\u00f6 Pellervon j\u00e4rjest\u00e4m\u00e4ss\u00e4 valtakunnallisessa kilpailussa. Siin\u00e4 haettiin toimintaa, jossa yrityksen osuustoiminnallisuus tulee erityisen vahvasti esille ja j\u00e4senille on tuotettu erityisen merkityksellist\u00e4 yhteist\u00e4 etua.\" \/>\n<meta property=\"og:url\" content=\"https:\/\/pellervo.fi\/uutiset\/2024\/04\/12\/vuoden-osuustoimintateoksi-valittiin-oulun-seudun-sahkon-edullinen-energia\/\" \/>\n<meta property=\"og:site_name\" content=\"Pellervo\" \/>\n<meta property=\"article:published_time\" content=\"2024-04-12T05:38:26+00:00\" \/>\n<meta property=\"article:modified_time\" content=\"2024-12-04T09:08:43+00:00\" \/>\n<meta property=\"og:image\" content=\"https:\/\/pellervo.fi\/wp-content\/uploads\/2024\/04\/osuustoimintateko-1.jpg\" \/>\n\t<meta property=\"og:image:width\" content=\"1000\" \/>\n\t<meta property=\"og:image:height\" content=\"667\" \/>\n\t<meta property=\"og:image:type\" content=\"image\/jpeg\" \/>\n<meta name=\"author\" content=\"pellervo\" \/>\n<meta name=\"twitter:card\" content=\"summary_large_image\" \/>\n<meta name=\"twitter:creator\" content=\"@PellervoFi\" \/>\n<meta name=\"twitter:site\" content=\"@PellervoFi\" \/>\n<meta name=\"twitter:label1\" content=\"Skriven av\" \/>\n\t<meta name=\"twitter:data1\" content=\"pellervo\" \/>\n\t<meta name=\"twitter:label2\" content=\"Ber\u00e4knad l\u00e4stid\" \/>\n\t<meta name=\"twitter:data2\" content=\"2 minuter\" \/>\n<script type=\"application\/ld+json\" class=\"yoast-schema-graph\">{\"@context\":\"https:\\\/\\\/schema.org\",\"@graph\":[{\"@type\":\"Article\",\"@id\":\"https:\\\/\\\/pellervo.fi\\\/uutiset\\\/2024\\\/04\\\/12\\\/vuoden-osuustoimintateoksi-valittiin-oulun-seudun-sahkon-edullinen-energia\\\/#article\",\"isPartOf\":{\"@id\":\"https:\\\/\\\/pellervo.fi\\\/uutiset\\\/2024\\\/04\\\/12\\\/vuoden-osuustoimintateoksi-valittiin-oulun-seudun-sahkon-edullinen-energia\\\/\"},\"author\":{\"name\":\"pellervo\",\"@id\":\"https:\\\/\\\/pellervo.fi\\\/#\\\/schema\\\/person\\\/4b74d40956937d1367ade81899997e71\"},\"headline\":\"Vuoden osuustoimintateoksi valittiin Oulun Seudun S\u00e4hk\u00f6n edullinen energia\",\"datePublished\":\"2024-04-12T05:38:26+00:00\",\"dateModified\":\"2024-12-04T09:08:43+00:00\",\"mainEntityOfPage\":{\"@id\":\"https:\\\/\\\/pellervo.fi\\\/uutiset\\\/2024\\\/04\\\/12\\\/vuoden-osuustoimintateoksi-valittiin-oulun-seudun-sahkon-edullinen-energia\\\/\"},\"wordCount\":401,\"publisher\":{\"@id\":\"https:\\\/\\\/pellervo.fi\\\/#organization\"},\"image\":{\"@id\":\"https:\\\/\\\/pellervo.fi\\\/uutiset\\\/2024\\\/04\\\/12\\\/vuoden-osuustoimintateoksi-valittiin-oulun-seudun-sahkon-edullinen-energia\\\/#primaryimage\"},\"thumbnailUrl\":\"https:\\\/\\\/pellervo.fi\\\/wp-content\\\/uploads\\\/2024\\\/04\\\/osuustoimintateko-1.jpg\",\"articleSection\":[\"Uutiset\"],\"inLanguage\":\"sv-SE\"},{\"@type\":\"WebPage\",\"@id\":\"https:\\\/\\\/pellervo.fi\\\/uutiset\\\/2024\\\/04\\\/12\\\/vuoden-osuustoimintateoksi-valittiin-oulun-seudun-sahkon-edullinen-energia\\\/\",\"url\":\"https:\\\/\\\/pellervo.fi\\\/uutiset\\\/2024\\\/04\\\/12\\\/vuoden-osuustoimintateoksi-valittiin-oulun-seudun-sahkon-edullinen-energia\\\/\",\"name\":\"Vuoden osuustoimintateoksi valittiin Oulun Seudun S\u00e4hk\u00f6n edullinen energia - Pellervo\",\"isPartOf\":{\"@id\":\"https:\\\/\\\/pellervo.fi\\\/#website\"},\"primaryImageOfPage\":{\"@id\":\"https:\\\/\\\/pellervo.fi\\\/uutiset\\\/2024\\\/04\\\/12\\\/vuoden-osuustoimintateoksi-valittiin-oulun-seudun-sahkon-edullinen-energia\\\/#primaryimage\"},\"image\":{\"@id\":\"https:\\\/\\\/pellervo.fi\\\/uutiset\\\/2024\\\/04\\\/12\\\/vuoden-osuustoimintateoksi-valittiin-oulun-seudun-sahkon-edullinen-energia\\\/#primaryimage\"},\"thumbnailUrl\":\"https:\\\/\\\/pellervo.fi\\\/wp-content\\\/uploads\\\/2024\\\/04\\\/osuustoimintateko-1.jpg\",\"datePublished\":\"2024-04-12T05:38:26+00:00\",\"dateModified\":\"2024-12-04T09:08:43+00:00\",\"breadcrumb\":{\"@id\":\"https:\\\/\\\/pellervo.fi\\\/uutiset\\\/2024\\\/04\\\/12\\\/vuoden-osuustoimintateoksi-valittiin-oulun-seudun-sahkon-edullinen-energia\\\/#breadcrumb\"},\"inLanguage\":\"sv-SE\",\"potentialAction\":[{\"@type\":\"ReadAction\",\"target\":[\"https:\\\/\\\/pellervo.fi\\\/uutiset\\\/2024\\\/04\\\/12\\\/vuoden-osuustoimintateoksi-valittiin-oulun-seudun-sahkon-edullinen-energia\\\/\"]}]},{\"@type\":\"ImageObject\",\"inLanguage\":\"sv-SE\",\"@id\":\"https:\\\/\\\/pellervo.fi\\\/uutiset\\\/2024\\\/04\\\/12\\\/vuoden-osuustoimintateoksi-valittiin-oulun-seudun-sahkon-edullinen-energia\\\/#primaryimage\",\"url\":\"https:\\\/\\\/pellervo.fi\\\/wp-content\\\/uploads\\\/2024\\\/04\\\/osuustoimintateko-1.jpg\",\"contentUrl\":\"https:\\\/\\\/pellervo.fi\\\/wp-content\\\/uploads\\\/2024\\\/04\\\/osuustoimintateko-1.jpg\",\"width\":1000,\"height\":667},{\"@type\":\"BreadcrumbList\",\"@id\":\"https:\\\/\\\/pellervo.fi\\\/uutiset\\\/2024\\\/04\\\/12\\\/vuoden-osuustoimintateoksi-valittiin-oulun-seudun-sahkon-edullinen-energia\\\/#breadcrumb\",\"itemListElement\":[{\"@type\":\"ListItem\",\"position\":1,\"name\":\"Koti\",\"item\":\"https:\\\/\\\/pellervo.fi\\\/sv\\\/\"},{\"@type\":\"ListItem\",\"position\":2,\"name\":\"Vuoden osuustoimintateoksi valittiin Oulun Seudun S\u00e4hk\u00f6n edullinen energia\"}]},{\"@type\":\"WebSite\",\"@id\":\"https:\\\/\\\/pellervo.fi\\\/#website\",\"url\":\"https:\\\/\\\/pellervo.fi\\\/\",\"name\":\"Pellervo\",\"description\":\"Osuuskuntien keskusj\u00e4rjest\u00f6\",\"publisher\":{\"@id\":\"https:\\\/\\\/pellervo.fi\\\/#organization\"},\"potentialAction\":[{\"@type\":\"SearchAction\",\"target\":{\"@type\":\"EntryPoint\",\"urlTemplate\":\"https:\\\/\\\/pellervo.fi\\\/?s={search_term_string}\"},\"query-input\":{\"@type\":\"PropertyValueSpecification\",\"valueRequired\":true,\"valueName\":\"search_term_string\"}}],\"inLanguage\":\"sv-SE\"},{\"@type\":\"Organization\",\"@id\":\"https:\\\/\\\/pellervo.fi\\\/#organization\",\"name\":\"Osuustoimintakeskus Pellervo ry\",\"url\":\"https:\\\/\\\/pellervo.fi\\\/\",\"logo\":{\"@type\":\"ImageObject\",\"inLanguage\":\"sv-SE\",\"@id\":\"https:\\\/\\\/pellervo.fi\\\/#\\\/schema\\\/logo\\\/image\\\/\",\"url\":\"https:\\\/\\\/pellervo.fi\\\/wp-content\\\/uploads\\\/2020\\\/05\\\/Pellervo_logo.png\",\"contentUrl\":\"https:\\\/\\\/pellervo.fi\\\/wp-content\\\/uploads\\\/2020\\\/05\\\/Pellervo_logo.png\",\"width\":1335,\"height\":376,\"caption\":\"Osuustoimintakeskus Pellervo ry\"},\"image\":{\"@id\":\"https:\\\/\\\/pellervo.fi\\\/#\\\/schema\\\/logo\\\/image\\\/\"},\"sameAs\":[\"https:\\\/\\\/x.com\\\/PellervoFi\"]},{\"@type\":\"Person\",\"@id\":\"https:\\\/\\\/pellervo.fi\\\/#\\\/schema\\\/person\\\/4b74d40956937d1367ade81899997e71\",\"name\":\"pellervo\",\"image\":{\"@type\":\"ImageObject\",\"inLanguage\":\"sv-SE\",\"@id\":\"https:\\\/\\\/pellervo.fi\\\/wp-content\\\/uploads\\\/2013\\\/11\\\/pellervo_avatar_1384522134-96x96.jpg\",\"url\":\"https:\\\/\\\/pellervo.fi\\\/wp-content\\\/uploads\\\/2013\\\/11\\\/pellervo_avatar_1384522134-96x96.jpg\",\"contentUrl\":\"https:\\\/\\\/pellervo.fi\\\/wp-content\\\/uploads\\\/2013\\\/11\\\/pellervo_avatar_1384522134-96x96.jpg\",\"caption\":\"pellervo\"},\"description\":\"Kuvaus\",\"url\":\"https:\\\/\\\/pellervo.fi\\\/sv\\\/author\\\/pellervo\\\/\"}]}<\/script>\n<!-- \/ Yoast SEO plugin. -->","yoast_head_json":{"title":"Vuoden osuustoimintateoksi valittiin Oulun Seudun S\u00e4hk\u00f6n edullinen energia - Pellervo","robots":{"index":"index","follow":"follow","max-snippet":"max-snippet:-1","max-image-preview":"max-image-preview:large","max-video-preview":"max-video-preview:-1"},"canonical":"https:\/\/pellervo.fi\/uutiset\/2024\/04\/12\/vuoden-osuustoimintateoksi-valittiin-oulun-seudun-sahkon-edullinen-energia\/","og_locale":"sv_SE","og_type":"article","og_title":"Vuoden osuustoimintateoksi valittiin Oulun Seudun S\u00e4hk\u00f6n edullinen energia - Pellervo","og_description":"Oulun Seudun S\u00e4hk\u00f6n asiakasomistajilleen tarjoama vakaa ja edullinen energian hinta on valittu Vuoden osuustoimintateoksi osuuskuntien keskusj\u00e4rjest\u00f6 Pellervon j\u00e4rjest\u00e4m\u00e4ss\u00e4 valtakunnallisessa kilpailussa. Siin\u00e4 haettiin toimintaa, jossa yrityksen osuustoiminnallisuus tulee erityisen vahvasti esille ja j\u00e4senille on tuotettu erityisen merkityksellist\u00e4 yhteist\u00e4 etua.","og_url":"https:\/\/pellervo.fi\/uutiset\/2024\/04\/12\/vuoden-osuustoimintateoksi-valittiin-oulun-seudun-sahkon-edullinen-energia\/","og_site_name":"Pellervo","article_published_time":"2024-04-12T05:38:26+00:00","article_modified_time":"2024-12-04T09:08:43+00:00","og_image":[{"width":1000,"height":667,"url":"https:\/\/pellervo.fi\/wp-content\/uploads\/2024\/04\/osuustoimintateko-1.jpg","type":"image\/jpeg"}],"author":"pellervo","twitter_card":"summary_large_image","twitter_creator":"@PellervoFi","twitter_site":"@PellervoFi","twitter_misc":{"Skriven av":"pellervo","Ber\u00e4knad l\u00e4stid":"2 minuter"},"schema":{"@context":"https:\/\/schema.org","@graph":[{"@type":"Article","@id":"https:\/\/pellervo.fi\/uutiset\/2024\/04\/12\/vuoden-osuustoimintateoksi-valittiin-oulun-seudun-sahkon-edullinen-energia\/#article","isPartOf":{"@id":"https:\/\/pellervo.fi\/uutiset\/2024\/04\/12\/vuoden-osuustoimintateoksi-valittiin-oulun-seudun-sahkon-edullinen-energia\/"},"author":{"name":"pellervo","@id":"https:\/\/pellervo.fi\/#\/schema\/person\/4b74d40956937d1367ade81899997e71"},"headline":"Vuoden osuustoimintateoksi valittiin Oulun Seudun S\u00e4hk\u00f6n edullinen energia","datePublished":"2024-04-12T05:38:26+00:00","dateModified":"2024-12-04T09:08:43+00:00","mainEntityOfPage":{"@id":"https:\/\/pellervo.fi\/uutiset\/2024\/04\/12\/vuoden-osuustoimintateoksi-valittiin-oulun-seudun-sahkon-edullinen-energia\/"},"wordCount":401,"publisher":{"@id":"https:\/\/pellervo.fi\/#organization"},"image":{"@id":"https:\/\/pellervo.fi\/uutiset\/2024\/04\/12\/vuoden-osuustoimintateoksi-valittiin-oulun-seudun-sahkon-edullinen-energia\/#primaryimage"},"thumbnailUrl":"https:\/\/pellervo.fi\/wp-content\/uploads\/2024\/04\/osuustoimintateko-1.jpg","articleSection":["Uutiset"],"inLanguage":"sv-SE"},{"@type":"WebPage","@id":"https:\/\/pellervo.fi\/uutiset\/2024\/04\/12\/vuoden-osuustoimintateoksi-valittiin-oulun-seudun-sahkon-edullinen-energia\/","url":"https:\/\/pellervo.fi\/uutiset\/2024\/04\/12\/vuoden-osuustoimintateoksi-valittiin-oulun-seudun-sahkon-edullinen-energia\/","name":"Vuoden osuustoimintateoksi valittiin Oulun Seudun S\u00e4hk\u00f6n edullinen energia - Pellervo","isPartOf":{"@id":"https:\/\/pellervo.fi\/#website"},"primaryImageOfPage":{"@id":"https:\/\/pellervo.fi\/uutiset\/2024\/04\/12\/vuoden-osuustoimintateoksi-valittiin-oulun-seudun-sahkon-edullinen-energia\/#primaryimage"},"image":{"@id":"https:\/\/pellervo.fi\/uutiset\/2024\/04\/12\/vuoden-osuustoimintateoksi-valittiin-oulun-seudun-sahkon-edullinen-energia\/#primaryimage"},"thumbnailUrl":"https:\/\/pellervo.fi\/wp-content\/uploads\/2024\/04\/osuustoimintateko-1.jpg","datePublished":"2024-04-12T05:38:26+00:00","dateModified":"2024-12-04T09:08:43+00:00","breadcrumb":{"@id":"https:\/\/pellervo.fi\/uutiset\/2024\/04\/12\/vuoden-osuustoimintateoksi-valittiin-oulun-seudun-sahkon-edullinen-energia\/#breadcrumb"},"inLanguage":"sv-SE","potentialAction":[{"@type":"ReadAction","target":["https:\/\/pellervo.fi\/uutiset\/2024\/04\/12\/vuoden-osuustoimintateoksi-valittiin-oulun-seudun-sahkon-edullinen-energia\/"]}]},{"@type":"ImageObject","inLanguage":"sv-SE","@id":"https:\/\/pellervo.fi\/uutiset\/2024\/04\/12\/vuoden-osuustoimintateoksi-valittiin-oulun-seudun-sahkon-edullinen-energia\/#primaryimage","url":"https:\/\/pellervo.fi\/wp-content\/uploads\/2024\/04\/osuustoimintateko-1.jpg","contentUrl":"https:\/\/pellervo.fi\/wp-content\/uploads\/2024\/04\/osuustoimintateko-1.jpg","width":1000,"height":667},{"@type":"BreadcrumbList","@id":"https:\/\/pellervo.fi\/uutiset\/2024\/04\/12\/vuoden-osuustoimintateoksi-valittiin-oulun-seudun-sahkon-edullinen-energia\/#breadcrumb","itemListElement":[{"@type":"ListItem","position":1,"name":"Koti","item":"https:\/\/pellervo.fi\/sv\/"},{"@type":"ListItem","position":2,"name":"Vuoden osuustoimintateoksi valittiin Oulun Seudun S\u00e4hk\u00f6n edullinen energia"}]},{"@type":"WebSite","@id":"https:\/\/pellervo.fi\/#website","url":"https:\/\/pellervo.fi\/","name":"Pellervo","description":"Osuuskuntien keskusj\u00e4rjest\u00f6","publisher":{"@id":"https:\/\/pellervo.fi\/#organization"},"potentialAction":[{"@type":"SearchAction","target":{"@type":"EntryPoint","urlTemplate":"https:\/\/pellervo.fi\/?s={search_term_string}"},"query-input":{"@type":"PropertyValueSpecification","valueRequired":true,"valueName":"search_term_string"}}],"inLanguage":"sv-SE"},{"@type":"Organization","@id":"https:\/\/pellervo.fi\/#organization","name":"Osuustoimintakeskus Pellervo ry","url":"https:\/\/pellervo.fi\/","logo":{"@type":"ImageObject","inLanguage":"sv-SE","@id":"https:\/\/pellervo.fi\/#\/schema\/logo\/image\/","url":"https:\/\/pellervo.fi\/wp-content\/uploads\/2020\/05\/Pellervo_logo.png","contentUrl":"https:\/\/pellervo.fi\/wp-content\/uploads\/2020\/05\/Pellervo_logo.png","width":1335,"height":376,"caption":"Osuustoimintakeskus Pellervo ry"},"image":{"@id":"https:\/\/pellervo.fi\/#\/schema\/logo\/image\/"},"sameAs":["https:\/\/x.com\/PellervoFi"]},{"@type":"Person","@id":"https:\/\/pellervo.fi\/#\/schema\/person\/4b74d40956937d1367ade81899997e71","name":"pellervo","image":{"@type":"ImageObject","inLanguage":"sv-SE","@id":"https:\/\/pellervo.fi\/wp-content\/uploads\/2013\/11\/pellervo_avatar_1384522134-96x96.jpg","url":"https:\/\/pellervo.fi\/wp-content\/uploads\/2013\/11\/pellervo_avatar_1384522134-96x96.jpg","contentUrl":"https:\/\/pellervo.fi\/wp-content\/uploads\/2013\/11\/pellervo_avatar_1384522134-96x96.jpg","caption":"pellervo"},"description":"Kuvaus","url":"https:\/\/pellervo.fi\/sv\/author\/pellervo\/"}]}},"_links":{"self":[{"href":"https:\/\/pellervo.fi\/sv\/wp-json\/wp\/v2\/posts\/897348","targetHints":{"allow":["GET"]}}],"collection":[{"href":"https:\/\/pellervo.fi\/sv\/wp-json\/wp\/v2\/posts"}],"about":[{"href":"https:\/\/pellervo.fi\/sv\/wp-json\/wp\/v2\/types\/post"}],"author":[{"embeddable":true,"href":"https:\/\/pellervo.fi\/sv\/wp-json\/wp\/v2\/users\/5"}],"replies":[{"embeddable":true,"href":"https:\/\/pellervo.fi\/sv\/wp-json\/wp\/v2\/comments?post=897348"}],"version-history":[{"count":5,"href":"https:\/\/pellervo.fi\/sv\/wp-json\/wp\/v2\/posts\/897348\/revisions"}],"predecessor-version":[{"id":899784,"href":"https:\/\/pellervo.fi\/sv\/wp-json\/wp\/v2\/posts\/897348\/revisions\/899784"}],"wp:featuredmedia":[{"embeddable":true,"href":"https:\/\/pellervo.fi\/sv\/wp-json\/wp\/v2\/media\/897353"}],"wp:attachment":[{"href":"https:\/\/pellervo.fi\/sv\/wp-json\/wp\/v2\/media?parent=897348"}],"wp:term":[{"taxonomy":"category","embeddable":true,"href":"https:\/\/pellervo.fi\/sv\/wp-json\/wp\/v2\/categories?post=897348"},{"taxonomy":"post_tag","embeddable":true,"href":"https:\/\/pellervo.fi\/sv\/wp-json\/wp\/v2\/tags?post=897348"}],"curies":[{"name":"wp","href":"https:\/\/api.w.org\/{rel}","templated":true}]}}