{"id":897436,"date":"2024-04-15T10:45:00","date_gmt":"2024-04-15T07:45:00","guid":{"rendered":"https:\/\/pellervo.fi\/?p=897436"},"modified":"2024-04-15T10:45:01","modified_gmt":"2024-04-15T07:45:01","slug":"pellervo-125-vuotta-ilkka-uusitalon-katsaus-historiaan","status":"publish","type":"post","link":"https:\/\/pellervo.fi\/sv\/jarjesto\/2024\/04\/15\/pellervo-125-vuotta-ilkka-uusitalon-katsaus-historiaan\/","title":{"rendered":"Pellervo 125 vuotta &#8211; Ilkka Uusitalon katsaus historiaan"},"content":{"rendered":"\n<p><strong>Valtuuskunnan puheenjohtaja Ilkka Uusitalo kiteytti suomalaisen osuustoiminnan ydinkohdat avauspuheessaan Pellervon P\u00e4iv\u00e4ss\u00e4 11. huhtikuuta 2024:\u00a0<\/strong><\/p>\n<p>Pellervon perustamisesta on 125 vuotta. Siit\u00e4 lasketaan suomalaisen organisoidun osuustoimintaliikkeen alkujuuri.<\/p>\n<p>Olemme saaneet edelt\u00e4jilt\u00e4mme osuustoiminnan idean ja rakenteet. Teht\u00e4v\u00e4mme on vied\u00e4 liikett\u00e4 kappaleen matkaa eteenp\u00e4in. Se on oikeus, velvollisuus ja vastuu. Meid\u00e4n tulee muuttaa mit\u00e4 on muutettava ja pit\u00e4\u00e4 kiinni siit\u00e4, mik\u00e4 on arvokasta. Kun tunnemme itsemme, tied\u00e4mme tilanteemme ja voimme rakentaa tulevaisuutta.<\/p>\n<p><strong>Vuodet 1899-1901<\/strong> olivat osuustoiminnan l\u00e4pimurron vuosia . N\u00e4m\u00e4 vuodet merkitsiv\u00e4t ihmiskeskeisen ideologiamme l\u00e4pily\u00f6nti\u00e4 suomalaiseen yhteiskuntaan.<\/p>\n<p>Perussyy osuustoiminnan synnylle oli syv\u00e4lle juurtunut sosiaalinen ep\u00e4tasapaino, joka vaaransi yhteiskunnan vakautta. Tilannekohtainen syy oli poliittinen kriisi Pietarin keisarihallinnon kanssa, joka tiivisti suomalaisten rivit tekem\u00e4\u00e4n jotain uutta.<\/p>\n<p>Alkukauden suuret nimet olivat <strong>Hannes<\/strong> ja <strong>Hedvig Gebhard<\/strong>, jotka hakivat osuustoimintamallin l\u00e4nsieurooppalaisesta kokemuksesta ja organisoivat uudistusmielisen sivistyneist\u00f6n asian taakse. Klassinen talousliberalismi sai haastajan. Osuustoiminnan tarjoama vaihtoehto oli yhteistoiminta. Se oli rauhanomaisen sosiaalis-taloudellisen kehityksen pitk\u00e4 tie. Se oli unelma paremmasta maailmasta.<\/p>\n<p>L\u00e4pimurron aika merkitsi my\u00f6s ytimelt\u00e4\u00e4n yh\u00e4 vallitsevan osuustoiminnan juridisen pohjan muotoutumista. Se merkitsi osuustoiminnan\u00a0 j\u00e4rjest\u00f6llist\u00e4 rakentumista ja tarkkaan pohdittua n\u00e4kemyst\u00e4 tarvittavista yritysrakenteista. T\u00e4m\u00e4n tarmokkaasti organisoidun ja kest\u00e4v\u00e4n perustan varassa toimimme yh\u00e4.\u00a0 Pellervo, Pellervo-lehti ja\u00a0 Osuustoimintalaki symboloikoon aikaa.<\/p>\n<p><strong>1900-luvun<\/strong> ensimm\u00e4inen vuosikymmen merkitsi talousel\u00e4m\u00e4n uuden tasavaltalaisen voiman l\u00e4pimurtoa markkinoille. Aikalaiskielell\u00e4 sanottuna rakentui \u201dnelj\u00e4 tornia\u201d eli valtakunnalliset OKO, SOK, Hankkija ja Valio sek\u00e4 laaja kirjo paikallisesti toimivia osuuskuntia mm. osuuskassat. Piti ostaa ja myyd\u00e4: kaupalliset yhteydet rakentuivat nopeasti ymp\u00e4ri l\u00e4ntisen maailman. Maata kiersi valistajia ja neuvojia, Posti kuljetti lehti\u00e4 ja mallis\u00e4\u00e4nt\u00f6j\u00e4. Osuustoimintalehti perustettiin liikkeenjohdollisia taitoja kehitt\u00e4m\u00e4\u00e4n.<\/p>\n<p><strong>1910-lukua<\/strong> leimasivat ep\u00e4vakaat taloussuhdanteet, poliittiset kriisit, eurooppalainen sota ja Suomessa Vapaussota. Osuustoiminta organisoitui, jakautui, taisteli ja selvisi ankarasta ajasta. Pellervo sai rinnalleen Kulutusosuuskuntien Keskusliiton ja Finlands Svenska Andelsf\u00f6rbundetin. \u00a0<\/p>\n<p><strong>1920-luku<\/strong> oli optimismin aikaa. Maareformit ja pellervolainen ideologia vahvistivat ajatusta talonpoikaisesta itsen\u00e4isest\u00e4 Suomesta. Omaa paikkaansa yhteiskunnassa hakeva ty\u00f6v\u00e4est\u00f6 oli edistysmielisen osuustoiminnan keskipisteess\u00e4. Jos oli rikkin\u00e4isyytt\u00e4 yhteiskunnassa ja osuustoiminnassa, oli my\u00f6s tahtoa rakentaa oman n\u00e4k\u00f6ist\u00e4 uutta yhteiskuntaa. \u00a0<\/p>\n<p><strong>1930-luvulla<\/strong> kaupan esteet sulkivat kauppareittej\u00e4. Pellervolaiset osasivat avata niit\u00e4 kauppapoliittisin keinoin yhteisty\u00f6ss\u00e4 ulkoasiainministeri\u00f6n kanssa. My\u00f6s tiede valjastettiin yritystoiminnan palvelukseen. Kemiantutkimuksessa <strong>A. I. Virtanen<\/strong> teki suuria palveluksia suomalaiselle maitotaloudelle. Osuustoiminta oli ly\u00f6nyt itsens\u00e4 l\u00e4pi ja oli osa yhteiskunnan valtavirtaa.<\/p>\n<p><strong>1940-luku<\/strong> oli aseellisen ja henkisen taistelun vuosikymmen. Osuustoiminta oli osa sotataloutta, s\u00e4\u00e4nn\u00f6stely\u00e4 ja s\u00e4\u00e4ntely\u00e4. Se oli taloudellista vakautta ja sosiaalista eheytt\u00e4 tuovana rakenteena osa suomalaisten selviytymistaistelua.<\/p>\n<p><strong>1950-luku<\/strong> oli asteittaista paluuta normaaleihin rauhan aikoihin. Se oli tyynt\u00e4 vahvojen tuulien edell\u00e4.\u00a0<\/p>\n<p><strong>1960-luku<\/strong> toi vahvat tuulet. Osuustoiminta haki paikkaansa teollistuvassa, kaupungistuvassa, autoistuvassa, keskiluokkaistuvassa ja vaurastuvassa yhteiskunnassa. Ajan henki vaikutti syv\u00e4sti osuuskuntien j\u00e4senist\u00f6n el\u00e4m\u00e4ntapoihin,\u00a0 kulutusk\u00e4ytt\u00e4ytymiseen ja arvomaailmaan.<\/p>\n<p>Osuuskassaliike tunnisti muuttuvan yhteiskunnan tarpeet etulinjassa \u2013 ammattia, asuinpaikkaa tai poliittista v\u00e4ri\u00e4 ei en\u00e4\u00e4 entiseen malliin kysytty vaan kaikki olivat tervetulleita. T\u00e4m\u00e4 ajattelu aukaisi meille uuden maailman, jonka hedelmi\u00e4 liikkeemme hy\u00f6dynt\u00e4\u00e4 edelleen.<\/p>\n<p><strong>1970-luku<\/strong> oli Konsensus-Suomen, <strong>UKK:n<\/strong> ja id\u00e4nkaupan kulta-aikaa. P\u00e4\u00e4lle j\u00e4\u00e4neen s\u00e4\u00e4ntelytalouden kauppapoliittinen suoja oli kotimarkkinateollisuudelle ja -palveluille viel\u00e4 voimissaan. Osuustoimintakin hy\u00f6dynsi ja sopeutui suomalaisen yhteiskunnan antamiin mahdollisuuksiin. \u00a0<\/p>\n<p><strong>1980-luvulla<\/strong> soputuminen\u00a0 ei en\u00e4\u00e4 riitt\u00e4nyt. Yhteiskunta oli perin juurin muuttumassa. S\u00e4\u00e4ntelytalouden purkautuminen ja etenev\u00e4 integraatiopolitiikka pakotti kysym\u00e4\u00e4n, ett\u00e4 oliko osuustoiminnan sopetuminen mennyt liian pitk\u00e4lle. Seurasi saneerausten aika.<\/p>\n<p><strong>1990-luvun<\/strong> osin kotitekoinen lama, Neuvostoliiton markkinoiden romahdus, konkurssit, velkasaneeraukset ja pankkikriisi eiv\u00e4t helpottaneet tilannetta. Nyt oli kuitenkin pakko hakea jotain uutta. Osuustoiminnan yrityskulttuuria uudistettiin perusteellisesti. Kyky lukea toimintaymp\u00e4rist\u00f6\u00e4, j\u00e4senist\u00f6n tunteminen, hyv\u00e4 hallinto, hallintohenkil\u00f6iden p\u00e4tevyys, suhtautuminen osuustoimintayrityksen talouteen ja osuustoimintamallin tunteminen nousivat keski\u00f6\u00f6n.\u00a0<\/p>\n<p>Uusosuustoiminta nousi vahvistamaan kuvaa elinvoimaisesta liiketoimintamallista. Osuustoiminnalle kehittyiv\u00e4t monimuotoiset kasvot.<\/p>\n<p><strong>2000-luvulla<\/strong> osuustoiminnan eurokuntoisuus, kansainv\u00e4listyminen ja kilpailupaineen tuoma karaistuneisuus kantoivat hedelm\u00e4\u00e4. Osuustoiminnallista liiketoimintamallia teoretisoiva tiede, opetus, kaikkien sidosryhmien osaaminen ja oppiminen ovat olleet ajan henki.<\/p>\n<p>Moderni kilpailutalous on tehnyt yhteistoiminnalle hyv\u00e4\u00e4.<\/p>\n<p>Osuustoiminnan kyky tehd\u00e4 ennakkoluulotonta liiketoiminnallista yhteisty\u00f6t\u00e4 t\u00e4ydentyi liikkeen j\u00e4rjest\u00f6llisell\u00e4 eheytymisell\u00e4 Osuustoiminnan neuvottelukunnan ja Pellervon ymp\u00e4rille.<\/p>\n<p><strong>Nyt<\/strong> pelikentt\u00e4\u00e4 muuttavat digitalisaatio, ilmastonmuutos, heiluvat taloussuhdanteet ja is\u00e4nmaan muuttuva v\u00e4est\u00f6rakenne eiv\u00e4t ole yll\u00e4tt\u00e4neet puun takaa. Ne on toimintaymp\u00e4rist\u00f6\u00e4 tarkasti lukien valjastettu osuustoiminnan liikevoimaksi.<\/p>\n<p>Ven\u00e4j\u00e4n hy\u00f6kk\u00e4yssota Ukrainassa ja ep\u00e4vakaa turvallisuuspoliittinne tilanne Euroopassa luovat ep\u00e4varmuutta my\u00f6s osuuskunnille.<\/p>\n<p>Kukin aikakausi on antanut oppia. Lukemalla muuttuvaa yhteiskuntaa ja j\u00e4senist\u00f6n tarpeita, voimme jatkossakin ottaa mukaan, sen mit\u00e4 edelleen tarvitsemme. Voimme my\u00f6s hyl\u00e4t\u00e4 sen, mik\u00e4 ei ole en\u00e4\u00e4 tarpeen. Tulemme kovalla ty\u00f6ll\u00e4 menestym\u00e4\u00e4n my\u00f6s tulevaisuudessa.<\/p>\n<p>Osuustoiminnan tulevaisuus n\u00e4ytt\u00e4\u00e4 kuitenkin omasta mielest\u00e4ni melko valoisalta. Osuustoimintayritysten j\u00e4senm\u00e4\u00e4r\u00e4 on edelleen kasvusuunnassa. Yleinen ymm\u00e4rrys yritysmallistakin lis\u00e4\u00e4ntyy. T\u00e4n\u00e4\u00e4n t\u00e4\u00e4ll\u00e4 tapaavat mm. nelj\u00e4n eri korkeakoulun osuustoiminnan opetusteht\u00e4viss\u00e4 toimivat. My\u00f6s perus- ja toisen asteen opetusta s\u00e4\u00e4telev\u00e4 opetushallitus on t\u00e4\u00e4ll\u00e4 t\u00e4n\u00e4\u00e4n edustettuna. Arvostamme suuresti heid\u00e4n l\u00e4sn\u00e4oloaan.<br \/><br \/>Ilahduttava uutinen oli, ett\u00e4 Pohjois-Karjalan Osuuskaupan edustajistovaaleissa yllettiin maaliskuussa jopa korkeammalle \u00e4\u00e4nestysaktiivisuustasolle kuin EU-vaaleissa on totuttu n\u00e4kem\u00e4\u00e4n. T\u00e4n\u00e4\u00e4n kuulemme viel\u00e4 lis\u00e4\u00e4 siit\u00e4, millaisia muutoksia meid\u00e4n kannattaa tehd\u00e4, ett\u00e4 osuustoiminnassa olisi imua my\u00f6s nuorten sukupolvien keskuudessa. Ei vain yritystemme hyviss\u00e4 br\u00e4ndeiss\u00e4 vaan nimenomaan osuustoiminnassa. Antoisaa p\u00e4iv\u00e4\u00e4 kaikille, on hienoa, ett\u00e4 t\u00e4\u00e4ll\u00e4 on t\u00e4n\u00e4\u00e4n edustettuna niin pieni\u00e4 kuin isojakin osuuskuntia. On sidosryhmien edustajia ja asiantuntijoita. Tarjolla on mahdollisuus monipuolisiin kohtaamisiin, nauttikaamme niist\u00e4 jokainen!<\/p>\n","protected":false},"excerpt":{"rendered":"","protected":false},"author":5,"featured_media":897437,"comment_status":"closed","ping_status":"closed","sticky":false,"template":"","format":"standard","meta":{"inline_featured_image":false,"_monsterinsights_skip_tracking":false,"_monsterinsights_sitenote_active":false,"_monsterinsights_sitenote_note":"","_monsterinsights_sitenote_category":0,"site-sidebar-layout":"default","site-content-layout":"","ast-site-content-layout":"default","site-content-style":"default","site-sidebar-style":"default","ast-global-header-display":"","ast-banner-title-visibility":"","ast-main-header-display":"","ast-hfb-above-header-display":"","ast-hfb-below-header-display":"","ast-hfb-mobile-header-display":"","site-post-title":"","ast-breadcrumbs-content":"","ast-featured-img":"","footer-sml-layout":"","ast-disable-related-posts":"","theme-transparent-header-meta":"","adv-header-id-meta":"","stick-header-meta":"","header-above-stick-meta":"","header-main-stick-meta":"","header-below-stick-meta":"","astra-migrate-meta-layouts":"set","ast-page-background-enabled":"default","ast-page-background-meta":{"desktop":{"background-color":"","background-image":"","background-repeat":"repeat","background-position":"center center","background-size":"auto","background-attachment":"scroll","background-type":"","background-media":"","overlay-type":"","overlay-color":"","overlay-opacity":"","overlay-gradient":""},"tablet":{"background-color":"","background-image":"","background-repeat":"repeat","background-position":"center center","background-size":"auto","background-attachment":"scroll","background-type":"","background-media":"","overlay-type":"","overlay-color":"","overlay-opacity":"","overlay-gradient":""},"mobile":{"background-color":"","background-image":"","background-repeat":"repeat","background-position":"center center","background-size":"auto","background-attachment":"scroll","background-type":"","background-media":"","overlay-type":"","overlay-color":"","overlay-opacity":"","overlay-gradient":""}},"ast-content-background-meta":{"desktop":{"background-color":"var(--ast-global-color-5)","background-image":"","background-repeat":"repeat","background-position":"center center","background-size":"auto","background-attachment":"scroll","background-type":"","background-media":"","overlay-type":"","overlay-color":"","overlay-opacity":"","overlay-gradient":""},"tablet":{"background-color":"var(--ast-global-color-5)","background-image":"","background-repeat":"repeat","background-position":"center center","background-size":"auto","background-attachment":"scroll","background-type":"","background-media":"","overlay-type":"","overlay-color":"","overlay-opacity":"","overlay-gradient":""},"mobile":{"background-color":"var(--ast-global-color-5)","background-image":"","background-repeat":"repeat","background-position":"center center","background-size":"auto","background-attachment":"scroll","background-type":"","background-media":"","overlay-type":"","overlay-color":"","overlay-opacity":"","overlay-gradient":""}},"_FSMCFIC_featured_image_caption":"","_FSMCFIC_featured_image_nocaption":"","_FSMCFIC_featured_image_hide":"","footnotes":""},"categories":[71],"tags":[414,459],"class_list":["post-897436","post","type-post","status-publish","format-standard","has-post-thumbnail","hentry","category-jarjesto","tag-historia","tag-pellervon-paiva"],"yoast_head":"<!-- This site is optimized with the Yoast SEO plugin v27.5 - https:\/\/yoast.com\/product\/yoast-seo-wordpress\/ -->\n<title>Pellervo 125 vuotta - Ilkka Uusitalon katsaus historiaan - Pellervo<\/title>\n<meta name=\"description\" content=\"Pellervo ja suomalainen osuustoiminta ovat el\u00e4neet ajassa jo 125 vuotta. Pellervon P\u00e4iv\u00e4n avauksessa kuultiin kiteytetty katsaus osuustoiminnasta kaikkina vuosikymmenin\u00e4.\" \/>\n<meta name=\"robots\" content=\"index, follow, max-snippet:-1, max-image-preview:large, max-video-preview:-1\" \/>\n<link rel=\"canonical\" href=\"https:\/\/pellervo.fi\/jarjesto\/2024\/04\/15\/pellervo-125-vuotta-ilkka-uusitalon-katsaus-historiaan\/\" \/>\n<meta property=\"og:locale\" content=\"sv_SE\" \/>\n<meta property=\"og:type\" content=\"article\" \/>\n<meta property=\"og:title\" content=\"Pellervo 125 vuotta - Ilkka Uusitalon katsaus historiaan - Pellervo\" \/>\n<meta property=\"og:description\" content=\"Pellervo ja suomalainen osuustoiminta ovat el\u00e4neet ajassa jo 125 vuotta. Pellervon P\u00e4iv\u00e4n avauksessa kuultiin kiteytetty katsaus osuustoiminnasta kaikkina vuosikymmenin\u00e4.\" \/>\n<meta property=\"og:url\" content=\"https:\/\/pellervo.fi\/jarjesto\/2024\/04\/15\/pellervo-125-vuotta-ilkka-uusitalon-katsaus-historiaan\/\" \/>\n<meta property=\"og:site_name\" content=\"Pellervo\" \/>\n<meta property=\"article:published_time\" content=\"2024-04-15T07:45:00+00:00\" \/>\n<meta property=\"article:modified_time\" content=\"2024-04-15T07:45:01+00:00\" \/>\n<meta property=\"og:image\" content=\"https:\/\/pellervo.fi\/wp-content\/uploads\/2024\/04\/Wahawakisten-osuusliike.png\" \/>\n\t<meta property=\"og:image:width\" content=\"699\" \/>\n\t<meta property=\"og:image:height\" content=\"396\" \/>\n\t<meta property=\"og:image:type\" content=\"image\/png\" \/>\n<meta name=\"author\" content=\"pellervo\" \/>\n<meta name=\"twitter:card\" content=\"summary_large_image\" \/>\n<meta name=\"twitter:creator\" content=\"@PellervoFi\" \/>\n<meta name=\"twitter:site\" content=\"@PellervoFi\" \/>\n<meta name=\"twitter:label1\" content=\"Skriven av\" \/>\n\t<meta name=\"twitter:data1\" content=\"pellervo\" \/>\n\t<meta name=\"twitter:label2\" content=\"Ber\u00e4knad l\u00e4stid\" \/>\n\t<meta name=\"twitter:data2\" content=\"5 minuter\" \/>\n<script type=\"application\/ld+json\" class=\"yoast-schema-graph\">{\"@context\":\"https:\\\/\\\/schema.org\",\"@graph\":[{\"@type\":\"Article\",\"@id\":\"https:\\\/\\\/pellervo.fi\\\/jarjesto\\\/2024\\\/04\\\/15\\\/pellervo-125-vuotta-ilkka-uusitalon-katsaus-historiaan\\\/#article\",\"isPartOf\":{\"@id\":\"https:\\\/\\\/pellervo.fi\\\/jarjesto\\\/2024\\\/04\\\/15\\\/pellervo-125-vuotta-ilkka-uusitalon-katsaus-historiaan\\\/\"},\"author\":{\"name\":\"pellervo\",\"@id\":\"https:\\\/\\\/pellervo.fi\\\/#\\\/schema\\\/person\\\/4b74d40956937d1367ade81899997e71\"},\"headline\":\"Pellervo 125 vuotta &#8211; Ilkka Uusitalon katsaus historiaan\",\"datePublished\":\"2024-04-15T07:45:00+00:00\",\"dateModified\":\"2024-04-15T07:45:01+00:00\",\"mainEntityOfPage\":{\"@id\":\"https:\\\/\\\/pellervo.fi\\\/jarjesto\\\/2024\\\/04\\\/15\\\/pellervo-125-vuotta-ilkka-uusitalon-katsaus-historiaan\\\/\"},\"wordCount\":916,\"publisher\":{\"@id\":\"https:\\\/\\\/pellervo.fi\\\/#organization\"},\"image\":{\"@id\":\"https:\\\/\\\/pellervo.fi\\\/jarjesto\\\/2024\\\/04\\\/15\\\/pellervo-125-vuotta-ilkka-uusitalon-katsaus-historiaan\\\/#primaryimage\"},\"thumbnailUrl\":\"https:\\\/\\\/pellervo.fi\\\/wp-content\\\/uploads\\\/2024\\\/04\\\/Wahawakisten-osuusliike.png\",\"keywords\":[\"historia\",\"Pellervon P\u00e4iv\u00e4\"],\"articleSection\":[\"J\u00e4rjest\u00f6\"],\"inLanguage\":\"sv-SE\"},{\"@type\":\"WebPage\",\"@id\":\"https:\\\/\\\/pellervo.fi\\\/jarjesto\\\/2024\\\/04\\\/15\\\/pellervo-125-vuotta-ilkka-uusitalon-katsaus-historiaan\\\/\",\"url\":\"https:\\\/\\\/pellervo.fi\\\/jarjesto\\\/2024\\\/04\\\/15\\\/pellervo-125-vuotta-ilkka-uusitalon-katsaus-historiaan\\\/\",\"name\":\"Pellervo 125 vuotta - Ilkka Uusitalon katsaus historiaan - Pellervo\",\"isPartOf\":{\"@id\":\"https:\\\/\\\/pellervo.fi\\\/#website\"},\"primaryImageOfPage\":{\"@id\":\"https:\\\/\\\/pellervo.fi\\\/jarjesto\\\/2024\\\/04\\\/15\\\/pellervo-125-vuotta-ilkka-uusitalon-katsaus-historiaan\\\/#primaryimage\"},\"image\":{\"@id\":\"https:\\\/\\\/pellervo.fi\\\/jarjesto\\\/2024\\\/04\\\/15\\\/pellervo-125-vuotta-ilkka-uusitalon-katsaus-historiaan\\\/#primaryimage\"},\"thumbnailUrl\":\"https:\\\/\\\/pellervo.fi\\\/wp-content\\\/uploads\\\/2024\\\/04\\\/Wahawakisten-osuusliike.png\",\"datePublished\":\"2024-04-15T07:45:00+00:00\",\"dateModified\":\"2024-04-15T07:45:01+00:00\",\"description\":\"Pellervo ja suomalainen osuustoiminta ovat el\u00e4neet ajassa jo 125 vuotta. Pellervon P\u00e4iv\u00e4n avauksessa kuultiin kiteytetty katsaus osuustoiminnasta kaikkina vuosikymmenin\u00e4.\",\"breadcrumb\":{\"@id\":\"https:\\\/\\\/pellervo.fi\\\/jarjesto\\\/2024\\\/04\\\/15\\\/pellervo-125-vuotta-ilkka-uusitalon-katsaus-historiaan\\\/#breadcrumb\"},\"inLanguage\":\"sv-SE\",\"potentialAction\":[{\"@type\":\"ReadAction\",\"target\":[\"https:\\\/\\\/pellervo.fi\\\/jarjesto\\\/2024\\\/04\\\/15\\\/pellervo-125-vuotta-ilkka-uusitalon-katsaus-historiaan\\\/\"]}]},{\"@type\":\"ImageObject\",\"inLanguage\":\"sv-SE\",\"@id\":\"https:\\\/\\\/pellervo.fi\\\/jarjesto\\\/2024\\\/04\\\/15\\\/pellervo-125-vuotta-ilkka-uusitalon-katsaus-historiaan\\\/#primaryimage\",\"url\":\"https:\\\/\\\/pellervo.fi\\\/wp-content\\\/uploads\\\/2024\\\/04\\\/Wahawakisten-osuusliike.png\",\"contentUrl\":\"https:\\\/\\\/pellervo.fi\\\/wp-content\\\/uploads\\\/2024\\\/04\\\/Wahawakisten-osuusliike.png\",\"width\":699,\"height\":396,\"caption\":\"L\u00e4hde: TOK\"},{\"@type\":\"BreadcrumbList\",\"@id\":\"https:\\\/\\\/pellervo.fi\\\/jarjesto\\\/2024\\\/04\\\/15\\\/pellervo-125-vuotta-ilkka-uusitalon-katsaus-historiaan\\\/#breadcrumb\",\"itemListElement\":[{\"@type\":\"ListItem\",\"position\":1,\"name\":\"Koti\",\"item\":\"https:\\\/\\\/pellervo.fi\\\/sv\\\/\"},{\"@type\":\"ListItem\",\"position\":2,\"name\":\"Pellervo 125 vuotta &#8211; Ilkka Uusitalon katsaus historiaan\"}]},{\"@type\":\"WebSite\",\"@id\":\"https:\\\/\\\/pellervo.fi\\\/#website\",\"url\":\"https:\\\/\\\/pellervo.fi\\\/\",\"name\":\"Pellervo\",\"description\":\"Osuuskuntien keskusj\u00e4rjest\u00f6\",\"publisher\":{\"@id\":\"https:\\\/\\\/pellervo.fi\\\/#organization\"},\"potentialAction\":[{\"@type\":\"SearchAction\",\"target\":{\"@type\":\"EntryPoint\",\"urlTemplate\":\"https:\\\/\\\/pellervo.fi\\\/?s={search_term_string}\"},\"query-input\":{\"@type\":\"PropertyValueSpecification\",\"valueRequired\":true,\"valueName\":\"search_term_string\"}}],\"inLanguage\":\"sv-SE\"},{\"@type\":\"Organization\",\"@id\":\"https:\\\/\\\/pellervo.fi\\\/#organization\",\"name\":\"Osuustoimintakeskus Pellervo ry\",\"url\":\"https:\\\/\\\/pellervo.fi\\\/\",\"logo\":{\"@type\":\"ImageObject\",\"inLanguage\":\"sv-SE\",\"@id\":\"https:\\\/\\\/pellervo.fi\\\/#\\\/schema\\\/logo\\\/image\\\/\",\"url\":\"https:\\\/\\\/pellervo.fi\\\/wp-content\\\/uploads\\\/2020\\\/05\\\/Pellervo_logo.png\",\"contentUrl\":\"https:\\\/\\\/pellervo.fi\\\/wp-content\\\/uploads\\\/2020\\\/05\\\/Pellervo_logo.png\",\"width\":1335,\"height\":376,\"caption\":\"Osuustoimintakeskus Pellervo ry\"},\"image\":{\"@id\":\"https:\\\/\\\/pellervo.fi\\\/#\\\/schema\\\/logo\\\/image\\\/\"},\"sameAs\":[\"https:\\\/\\\/x.com\\\/PellervoFi\"]},{\"@type\":\"Person\",\"@id\":\"https:\\\/\\\/pellervo.fi\\\/#\\\/schema\\\/person\\\/4b74d40956937d1367ade81899997e71\",\"name\":\"pellervo\",\"image\":{\"@type\":\"ImageObject\",\"inLanguage\":\"sv-SE\",\"@id\":\"https:\\\/\\\/pellervo.fi\\\/wp-content\\\/uploads\\\/2013\\\/11\\\/pellervo_avatar_1384522134-96x96.jpg\",\"url\":\"https:\\\/\\\/pellervo.fi\\\/wp-content\\\/uploads\\\/2013\\\/11\\\/pellervo_avatar_1384522134-96x96.jpg\",\"contentUrl\":\"https:\\\/\\\/pellervo.fi\\\/wp-content\\\/uploads\\\/2013\\\/11\\\/pellervo_avatar_1384522134-96x96.jpg\",\"caption\":\"pellervo\"},\"description\":\"Kuvaus\",\"url\":\"https:\\\/\\\/pellervo.fi\\\/sv\\\/author\\\/pellervo\\\/\"}]}<\/script>\n<!-- \/ Yoast SEO plugin. -->","yoast_head_json":{"title":"Pellervo 125 vuotta - Ilkka Uusitalon katsaus historiaan - Pellervo","description":"Pellervo ja suomalainen osuustoiminta ovat el\u00e4neet ajassa jo 125 vuotta. Pellervon P\u00e4iv\u00e4n avauksessa kuultiin kiteytetty katsaus osuustoiminnasta kaikkina vuosikymmenin\u00e4.","robots":{"index":"index","follow":"follow","max-snippet":"max-snippet:-1","max-image-preview":"max-image-preview:large","max-video-preview":"max-video-preview:-1"},"canonical":"https:\/\/pellervo.fi\/jarjesto\/2024\/04\/15\/pellervo-125-vuotta-ilkka-uusitalon-katsaus-historiaan\/","og_locale":"sv_SE","og_type":"article","og_title":"Pellervo 125 vuotta - Ilkka Uusitalon katsaus historiaan - Pellervo","og_description":"Pellervo ja suomalainen osuustoiminta ovat el\u00e4neet ajassa jo 125 vuotta. Pellervon P\u00e4iv\u00e4n avauksessa kuultiin kiteytetty katsaus osuustoiminnasta kaikkina vuosikymmenin\u00e4.","og_url":"https:\/\/pellervo.fi\/jarjesto\/2024\/04\/15\/pellervo-125-vuotta-ilkka-uusitalon-katsaus-historiaan\/","og_site_name":"Pellervo","article_published_time":"2024-04-15T07:45:00+00:00","article_modified_time":"2024-04-15T07:45:01+00:00","og_image":[{"width":699,"height":396,"url":"https:\/\/pellervo.fi\/wp-content\/uploads\/2024\/04\/Wahawakisten-osuusliike.png","type":"image\/png"}],"author":"pellervo","twitter_card":"summary_large_image","twitter_creator":"@PellervoFi","twitter_site":"@PellervoFi","twitter_misc":{"Skriven av":"pellervo","Ber\u00e4knad l\u00e4stid":"5 minuter"},"schema":{"@context":"https:\/\/schema.org","@graph":[{"@type":"Article","@id":"https:\/\/pellervo.fi\/jarjesto\/2024\/04\/15\/pellervo-125-vuotta-ilkka-uusitalon-katsaus-historiaan\/#article","isPartOf":{"@id":"https:\/\/pellervo.fi\/jarjesto\/2024\/04\/15\/pellervo-125-vuotta-ilkka-uusitalon-katsaus-historiaan\/"},"author":{"name":"pellervo","@id":"https:\/\/pellervo.fi\/#\/schema\/person\/4b74d40956937d1367ade81899997e71"},"headline":"Pellervo 125 vuotta &#8211; Ilkka Uusitalon katsaus historiaan","datePublished":"2024-04-15T07:45:00+00:00","dateModified":"2024-04-15T07:45:01+00:00","mainEntityOfPage":{"@id":"https:\/\/pellervo.fi\/jarjesto\/2024\/04\/15\/pellervo-125-vuotta-ilkka-uusitalon-katsaus-historiaan\/"},"wordCount":916,"publisher":{"@id":"https:\/\/pellervo.fi\/#organization"},"image":{"@id":"https:\/\/pellervo.fi\/jarjesto\/2024\/04\/15\/pellervo-125-vuotta-ilkka-uusitalon-katsaus-historiaan\/#primaryimage"},"thumbnailUrl":"https:\/\/pellervo.fi\/wp-content\/uploads\/2024\/04\/Wahawakisten-osuusliike.png","keywords":["historia","Pellervon P\u00e4iv\u00e4"],"articleSection":["J\u00e4rjest\u00f6"],"inLanguage":"sv-SE"},{"@type":"WebPage","@id":"https:\/\/pellervo.fi\/jarjesto\/2024\/04\/15\/pellervo-125-vuotta-ilkka-uusitalon-katsaus-historiaan\/","url":"https:\/\/pellervo.fi\/jarjesto\/2024\/04\/15\/pellervo-125-vuotta-ilkka-uusitalon-katsaus-historiaan\/","name":"Pellervo 125 vuotta - Ilkka Uusitalon katsaus historiaan - Pellervo","isPartOf":{"@id":"https:\/\/pellervo.fi\/#website"},"primaryImageOfPage":{"@id":"https:\/\/pellervo.fi\/jarjesto\/2024\/04\/15\/pellervo-125-vuotta-ilkka-uusitalon-katsaus-historiaan\/#primaryimage"},"image":{"@id":"https:\/\/pellervo.fi\/jarjesto\/2024\/04\/15\/pellervo-125-vuotta-ilkka-uusitalon-katsaus-historiaan\/#primaryimage"},"thumbnailUrl":"https:\/\/pellervo.fi\/wp-content\/uploads\/2024\/04\/Wahawakisten-osuusliike.png","datePublished":"2024-04-15T07:45:00+00:00","dateModified":"2024-04-15T07:45:01+00:00","description":"Pellervo ja suomalainen osuustoiminta ovat el\u00e4neet ajassa jo 125 vuotta. Pellervon P\u00e4iv\u00e4n avauksessa kuultiin kiteytetty katsaus osuustoiminnasta kaikkina vuosikymmenin\u00e4.","breadcrumb":{"@id":"https:\/\/pellervo.fi\/jarjesto\/2024\/04\/15\/pellervo-125-vuotta-ilkka-uusitalon-katsaus-historiaan\/#breadcrumb"},"inLanguage":"sv-SE","potentialAction":[{"@type":"ReadAction","target":["https:\/\/pellervo.fi\/jarjesto\/2024\/04\/15\/pellervo-125-vuotta-ilkka-uusitalon-katsaus-historiaan\/"]}]},{"@type":"ImageObject","inLanguage":"sv-SE","@id":"https:\/\/pellervo.fi\/jarjesto\/2024\/04\/15\/pellervo-125-vuotta-ilkka-uusitalon-katsaus-historiaan\/#primaryimage","url":"https:\/\/pellervo.fi\/wp-content\/uploads\/2024\/04\/Wahawakisten-osuusliike.png","contentUrl":"https:\/\/pellervo.fi\/wp-content\/uploads\/2024\/04\/Wahawakisten-osuusliike.png","width":699,"height":396,"caption":"L\u00e4hde: TOK"},{"@type":"BreadcrumbList","@id":"https:\/\/pellervo.fi\/jarjesto\/2024\/04\/15\/pellervo-125-vuotta-ilkka-uusitalon-katsaus-historiaan\/#breadcrumb","itemListElement":[{"@type":"ListItem","position":1,"name":"Koti","item":"https:\/\/pellervo.fi\/sv\/"},{"@type":"ListItem","position":2,"name":"Pellervo 125 vuotta &#8211; Ilkka Uusitalon katsaus historiaan"}]},{"@type":"WebSite","@id":"https:\/\/pellervo.fi\/#website","url":"https:\/\/pellervo.fi\/","name":"Pellervo","description":"Osuuskuntien keskusj\u00e4rjest\u00f6","publisher":{"@id":"https:\/\/pellervo.fi\/#organization"},"potentialAction":[{"@type":"SearchAction","target":{"@type":"EntryPoint","urlTemplate":"https:\/\/pellervo.fi\/?s={search_term_string}"},"query-input":{"@type":"PropertyValueSpecification","valueRequired":true,"valueName":"search_term_string"}}],"inLanguage":"sv-SE"},{"@type":"Organization","@id":"https:\/\/pellervo.fi\/#organization","name":"Osuustoimintakeskus Pellervo ry","url":"https:\/\/pellervo.fi\/","logo":{"@type":"ImageObject","inLanguage":"sv-SE","@id":"https:\/\/pellervo.fi\/#\/schema\/logo\/image\/","url":"https:\/\/pellervo.fi\/wp-content\/uploads\/2020\/05\/Pellervo_logo.png","contentUrl":"https:\/\/pellervo.fi\/wp-content\/uploads\/2020\/05\/Pellervo_logo.png","width":1335,"height":376,"caption":"Osuustoimintakeskus Pellervo ry"},"image":{"@id":"https:\/\/pellervo.fi\/#\/schema\/logo\/image\/"},"sameAs":["https:\/\/x.com\/PellervoFi"]},{"@type":"Person","@id":"https:\/\/pellervo.fi\/#\/schema\/person\/4b74d40956937d1367ade81899997e71","name":"pellervo","image":{"@type":"ImageObject","inLanguage":"sv-SE","@id":"https:\/\/pellervo.fi\/wp-content\/uploads\/2013\/11\/pellervo_avatar_1384522134-96x96.jpg","url":"https:\/\/pellervo.fi\/wp-content\/uploads\/2013\/11\/pellervo_avatar_1384522134-96x96.jpg","contentUrl":"https:\/\/pellervo.fi\/wp-content\/uploads\/2013\/11\/pellervo_avatar_1384522134-96x96.jpg","caption":"pellervo"},"description":"Kuvaus","url":"https:\/\/pellervo.fi\/sv\/author\/pellervo\/"}]}},"_links":{"self":[{"href":"https:\/\/pellervo.fi\/sv\/wp-json\/wp\/v2\/posts\/897436","targetHints":{"allow":["GET"]}}],"collection":[{"href":"https:\/\/pellervo.fi\/sv\/wp-json\/wp\/v2\/posts"}],"about":[{"href":"https:\/\/pellervo.fi\/sv\/wp-json\/wp\/v2\/types\/post"}],"author":[{"embeddable":true,"href":"https:\/\/pellervo.fi\/sv\/wp-json\/wp\/v2\/users\/5"}],"replies":[{"embeddable":true,"href":"https:\/\/pellervo.fi\/sv\/wp-json\/wp\/v2\/comments?post=897436"}],"version-history":[{"count":1,"href":"https:\/\/pellervo.fi\/sv\/wp-json\/wp\/v2\/posts\/897436\/revisions"}],"predecessor-version":[{"id":897440,"href":"https:\/\/pellervo.fi\/sv\/wp-json\/wp\/v2\/posts\/897436\/revisions\/897440"}],"wp:featuredmedia":[{"embeddable":true,"href":"https:\/\/pellervo.fi\/sv\/wp-json\/wp\/v2\/media\/897437"}],"wp:attachment":[{"href":"https:\/\/pellervo.fi\/sv\/wp-json\/wp\/v2\/media?parent=897436"}],"wp:term":[{"taxonomy":"category","embeddable":true,"href":"https:\/\/pellervo.fi\/sv\/wp-json\/wp\/v2\/categories?post=897436"},{"taxonomy":"post_tag","embeddable":true,"href":"https:\/\/pellervo.fi\/sv\/wp-json\/wp\/v2\/tags?post=897436"}],"curies":[{"name":"wp","href":"https:\/\/api.w.org\/{rel}","templated":true}]}}