{"id":897503,"date":"2024-04-17T12:00:00","date_gmt":"2024-04-17T09:00:00","guid":{"rendered":"https:\/\/pellervo.fi\/?p=897503"},"modified":"2024-04-17T11:16:41","modified_gmt":"2024-04-17T08:16:41","slug":"vahva-ja-yhtenainen-euroopan-unioni-on-osuuskuntien-etu","status":"publish","type":"post","link":"https:\/\/pellervo.fi\/sv\/nakokulma\/2024\/04\/17\/vahva-ja-yhtenainen-euroopan-unioni-on-osuuskuntien-etu\/","title":{"rendered":"Vahva ja yhten\u00e4inen Euroopan unioni on osuuskuntien etu\u00a0"},"content":{"rendered":"\n<p>Vaikka osuustoiminta on vahvasti paikallista, EU on osuuskunnille t\u00e4rke\u00e4.\u00a0<\/p>\n<p>EU:n yhten\u00e4ismarkkinat ovat luoneet taloudellisen alueen, joka edist\u00e4\u00e4 kauppaa, investointeja ja talouskasvua. T\u00e4m\u00e4 hy\u00f6dytt\u00e4\u00e4 yrityksi\u00e4 ja kuluttajia. EU tarjoaa my\u00f6s vaikuttavan yhteisty\u00f6mahdollisuuden yhteisten suurten haasteiden ratkaisemiseen kuten ilmastonmuutos, maahanmuutto, talouden kasvu ja digitalisaation my\u00f6t\u00e4 tiedon suojaaminen.\u00a0\u00a0<\/p>\n<p>Jotta EU:n parhaat puolet tulisivat esille, niin kes\u00e4n Euroopan parlamentin vaalien j\u00e4lkeen aloittavan parlamentin ja komission on keskitytt\u00e4v\u00e4 asioiden lis\u00e4ksi p\u00e4\u00e4t\u00f6ksenteko- ja toimintakyvyn vahvistamiseen sek\u00e4 yhten\u00e4isyyteen.<\/p>\n<p>Jatkuva ja rakentava vuoropuhelu j\u00e4senmaiden ja Euroopan unionin toimielinten v\u00e4lill\u00e4 on keskeist\u00e4 tulevaisuuden Euroopan rakentamisessa.\u00a0<\/p>\n<p>Vahva ja yhten\u00e4inen EU ei kuitenkaan tarkoita, ett\u00e4 j\u00e4senvaltioiden p\u00e4\u00e4t\u00f6svaltaa tulisi kaventaa. EU:n on keskitytt\u00e4v\u00e4 asioihin, joilla on eurooppalaista lis\u00e4arvoa. Unionin tulee noudattaa toissijaisuus- ja suhteellisuusperiaatteita eli p\u00e4\u00e4t\u00f6kset tehd\u00e4\u00e4n mahdollisimman l\u00e4hell\u00e4 kansalaisia.<\/p>\n<p>Seuraavan komission ty\u00f6ohjelman ohjenuorana tulee olla j\u00e4rkis\u00e4\u00e4ntely.\u00a0EU:n teht\u00e4v\u00e4n\u00e4 ei ole olla direktiivi- ja asetustehdas, joka tuottaa ihmisten ja yritysten toimintaa vaikuttavia yksityiskohtaisia s\u00e4\u00e4nn\u00f6ksi\u00e4. EU:n on oltava iso isoissa asioissa ja pieni pieniss\u00e4 asioissa. Tulee my\u00f6s normeja luodessa huomioida j\u00e4senmaiden erilaiset olosuhteet.\u00a0<\/p>\n<p>Osuuskuntien Keskusj\u00e4rjest\u00f6 Pellervon EU-vaaliohjelmassa on tavoitteena, ett\u00e4 EU:n yritt\u00e4jyyspolitiikka edist\u00e4\u00e4 yritysmallien moninaisuutta ja otettava huomioon osuuskuntien erityispiirteet. Osuuskuntien s\u00e4\u00e4ntelyn on oltava tasapuolista muiden yritysmallien rinnalla.<\/p>\n<p>Osuuskunta on reilu ja k\u00e4yt\u00e4nn\u00f6ss\u00e4 testattu toimintamuoto uudenlaiselle yhdess\u00e4 tekemiselle ja yhteisyritt\u00e4jyydelle. Yhteis\u00f6-, jakamis- ja alustatalous hy\u00f6tyisiv\u00e4t eurooppalaisesta lains\u00e4\u00e4d\u00e4nn\u00f6st\u00e4 ja s\u00e4\u00e4ntelyn valmistelussa on hyv\u00e4 ottaa oppia osuuskuntakent\u00e4st\u00e4.<\/p>\n<p><strong>Mari Kokko<\/strong><br \/>Pellervon toimitusjohtaja<\/p>\n<p><a href=\"https:\/\/pellervo.fi\/eu-vaalit\/\"><span style=\"text-decoration: underline;\">Lue lis\u00e4\u00e4 Pellervon EU-tavoitteista<\/span><\/a><\/p>\n","protected":false},"excerpt":{"rendered":"","protected":false},"author":5,"featured_media":897288,"comment_status":"closed","ping_status":"closed","sticky":false,"template":"","format":"standard","meta":{"inline_featured_image":false,"_monsterinsights_skip_tracking":false,"_monsterinsights_sitenote_active":false,"_monsterinsights_sitenote_note":"","_monsterinsights_sitenote_category":0,"site-sidebar-layout":"default","site-content-layout":"","ast-site-content-layout":"default","site-content-style":"default","site-sidebar-style":"default","ast-global-header-display":"","ast-banner-title-visibility":"","ast-main-header-display":"","ast-hfb-above-header-display":"","ast-hfb-below-header-display":"","ast-hfb-mobile-header-display":"","site-post-title":"","ast-breadcrumbs-content":"","ast-featured-img":"","footer-sml-layout":"","ast-disable-related-posts":"","theme-transparent-header-meta":"","adv-header-id-meta":"","stick-header-meta":"","header-above-stick-meta":"","header-main-stick-meta":"","header-below-stick-meta":"","astra-migrate-meta-layouts":"set","ast-page-background-enabled":"default","ast-page-background-meta":{"desktop":{"background-color":"","background-image":"","background-repeat":"repeat","background-position":"center center","background-size":"auto","background-attachment":"scroll","background-type":"","background-media":"","overlay-type":"","overlay-color":"","overlay-opacity":"","overlay-gradient":""},"tablet":{"background-color":"","background-image":"","background-repeat":"repeat","background-position":"center center","background-size":"auto","background-attachment":"scroll","background-type":"","background-media":"","overlay-type":"","overlay-color":"","overlay-opacity":"","overlay-gradient":""},"mobile":{"background-color":"","background-image":"","background-repeat":"repeat","background-position":"center center","background-size":"auto","background-attachment":"scroll","background-type":"","background-media":"","overlay-type":"","overlay-color":"","overlay-opacity":"","overlay-gradient":""}},"ast-content-background-meta":{"desktop":{"background-color":"var(--ast-global-color-5)","background-image":"","background-repeat":"repeat","background-position":"center center","background-size":"auto","background-attachment":"scroll","background-type":"","background-media":"","overlay-type":"","overlay-color":"","overlay-opacity":"","overlay-gradient":""},"tablet":{"background-color":"var(--ast-global-color-5)","background-image":"","background-repeat":"repeat","background-position":"center center","background-size":"auto","background-attachment":"scroll","background-type":"","background-media":"","overlay-type":"","overlay-color":"","overlay-opacity":"","overlay-gradient":""},"mobile":{"background-color":"var(--ast-global-color-5)","background-image":"","background-repeat":"repeat","background-position":"center center","background-size":"auto","background-attachment":"scroll","background-type":"","background-media":"","overlay-type":"","overlay-color":"","overlay-opacity":"","overlay-gradient":""}},"_FSMCFIC_featured_image_caption":"","_FSMCFIC_featured_image_nocaption":"","_FSMCFIC_featured_image_hide":"","footnotes":""},"categories":[21],"tags":[],"class_list":["post-897503","post","type-post","status-publish","format-standard","has-post-thumbnail","hentry","category-nakokulma"],"yoast_head":"<!-- This site is optimized with the Yoast SEO plugin v27.5 - https:\/\/yoast.com\/product\/yoast-seo-wordpress\/ -->\n<title>Vahva ja yhten\u00e4inen Euroopan unioni on osuuskuntien etu\u00a0 - Pellervo<\/title>\n<meta name=\"robots\" content=\"index, follow, max-snippet:-1, max-image-preview:large, max-video-preview:-1\" \/>\n<link rel=\"canonical\" href=\"https:\/\/pellervo.fi\/nakokulma\/2024\/04\/17\/vahva-ja-yhtenainen-euroopan-unioni-on-osuuskuntien-etu\/\" \/>\n<meta property=\"og:locale\" content=\"sv_SE\" \/>\n<meta property=\"og:type\" content=\"article\" \/>\n<meta property=\"og:title\" content=\"Vahva ja yhten\u00e4inen Euroopan unioni on osuuskuntien etu\u00a0 - Pellervo\" \/>\n<meta property=\"og:url\" content=\"https:\/\/pellervo.fi\/nakokulma\/2024\/04\/17\/vahva-ja-yhtenainen-euroopan-unioni-on-osuuskuntien-etu\/\" \/>\n<meta property=\"og:site_name\" content=\"Pellervo\" \/>\n<meta property=\"article:published_time\" content=\"2024-04-17T09:00:00+00:00\" \/>\n<meta property=\"og:image\" content=\"https:\/\/pellervo.fi\/wp-content\/uploads\/2024\/03\/mari-uusi.jpg\" \/>\n\t<meta property=\"og:image:width\" content=\"1200\" \/>\n\t<meta property=\"og:image:height\" content=\"772\" \/>\n\t<meta property=\"og:image:type\" content=\"image\/jpeg\" \/>\n<meta name=\"author\" content=\"pellervo\" \/>\n<meta name=\"twitter:card\" content=\"summary_large_image\" \/>\n<meta name=\"twitter:creator\" content=\"@PellervoFi\" \/>\n<meta name=\"twitter:site\" content=\"@PellervoFi\" \/>\n<meta name=\"twitter:label1\" content=\"Skriven av\" \/>\n\t<meta name=\"twitter:data1\" content=\"pellervo\" \/>\n\t<meta name=\"twitter:label2\" content=\"Ber\u00e4knad l\u00e4stid\" \/>\n\t<meta name=\"twitter:data2\" content=\"2 minuter\" \/>\n<script type=\"application\/ld+json\" class=\"yoast-schema-graph\">{\"@context\":\"https:\\\/\\\/schema.org\",\"@graph\":[{\"@type\":\"Article\",\"@id\":\"https:\\\/\\\/pellervo.fi\\\/nakokulma\\\/2024\\\/04\\\/17\\\/vahva-ja-yhtenainen-euroopan-unioni-on-osuuskuntien-etu\\\/#article\",\"isPartOf\":{\"@id\":\"https:\\\/\\\/pellervo.fi\\\/nakokulma\\\/2024\\\/04\\\/17\\\/vahva-ja-yhtenainen-euroopan-unioni-on-osuuskuntien-etu\\\/\"},\"author\":{\"name\":\"pellervo\",\"@id\":\"https:\\\/\\\/pellervo.fi\\\/#\\\/schema\\\/person\\\/4b74d40956937d1367ade81899997e71\"},\"headline\":\"Vahva ja yhten\u00e4inen Euroopan unioni on osuuskuntien etu\u00a0\",\"datePublished\":\"2024-04-17T09:00:00+00:00\",\"mainEntityOfPage\":{\"@id\":\"https:\\\/\\\/pellervo.fi\\\/nakokulma\\\/2024\\\/04\\\/17\\\/vahva-ja-yhtenainen-euroopan-unioni-on-osuuskuntien-etu\\\/\"},\"wordCount\":285,\"publisher\":{\"@id\":\"https:\\\/\\\/pellervo.fi\\\/#organization\"},\"image\":{\"@id\":\"https:\\\/\\\/pellervo.fi\\\/nakokulma\\\/2024\\\/04\\\/17\\\/vahva-ja-yhtenainen-euroopan-unioni-on-osuuskuntien-etu\\\/#primaryimage\"},\"thumbnailUrl\":\"https:\\\/\\\/pellervo.fi\\\/wp-content\\\/uploads\\\/2024\\\/03\\\/mari-uusi.jpg\",\"articleSection\":[\"N\u00e4k\u00f6kulma\"],\"inLanguage\":\"sv-SE\"},{\"@type\":\"WebPage\",\"@id\":\"https:\\\/\\\/pellervo.fi\\\/nakokulma\\\/2024\\\/04\\\/17\\\/vahva-ja-yhtenainen-euroopan-unioni-on-osuuskuntien-etu\\\/\",\"url\":\"https:\\\/\\\/pellervo.fi\\\/nakokulma\\\/2024\\\/04\\\/17\\\/vahva-ja-yhtenainen-euroopan-unioni-on-osuuskuntien-etu\\\/\",\"name\":\"Vahva ja yhten\u00e4inen Euroopan unioni on osuuskuntien etu\u00a0 - Pellervo\",\"isPartOf\":{\"@id\":\"https:\\\/\\\/pellervo.fi\\\/#website\"},\"primaryImageOfPage\":{\"@id\":\"https:\\\/\\\/pellervo.fi\\\/nakokulma\\\/2024\\\/04\\\/17\\\/vahva-ja-yhtenainen-euroopan-unioni-on-osuuskuntien-etu\\\/#primaryimage\"},\"image\":{\"@id\":\"https:\\\/\\\/pellervo.fi\\\/nakokulma\\\/2024\\\/04\\\/17\\\/vahva-ja-yhtenainen-euroopan-unioni-on-osuuskuntien-etu\\\/#primaryimage\"},\"thumbnailUrl\":\"https:\\\/\\\/pellervo.fi\\\/wp-content\\\/uploads\\\/2024\\\/03\\\/mari-uusi.jpg\",\"datePublished\":\"2024-04-17T09:00:00+00:00\",\"breadcrumb\":{\"@id\":\"https:\\\/\\\/pellervo.fi\\\/nakokulma\\\/2024\\\/04\\\/17\\\/vahva-ja-yhtenainen-euroopan-unioni-on-osuuskuntien-etu\\\/#breadcrumb\"},\"inLanguage\":\"sv-SE\",\"potentialAction\":[{\"@type\":\"ReadAction\",\"target\":[\"https:\\\/\\\/pellervo.fi\\\/nakokulma\\\/2024\\\/04\\\/17\\\/vahva-ja-yhtenainen-euroopan-unioni-on-osuuskuntien-etu\\\/\"]}]},{\"@type\":\"ImageObject\",\"inLanguage\":\"sv-SE\",\"@id\":\"https:\\\/\\\/pellervo.fi\\\/nakokulma\\\/2024\\\/04\\\/17\\\/vahva-ja-yhtenainen-euroopan-unioni-on-osuuskuntien-etu\\\/#primaryimage\",\"url\":\"https:\\\/\\\/pellervo.fi\\\/wp-content\\\/uploads\\\/2024\\\/03\\\/mari-uusi.jpg\",\"contentUrl\":\"https:\\\/\\\/pellervo.fi\\\/wp-content\\\/uploads\\\/2024\\\/03\\\/mari-uusi.jpg\",\"width\":1200,\"height\":772},{\"@type\":\"BreadcrumbList\",\"@id\":\"https:\\\/\\\/pellervo.fi\\\/nakokulma\\\/2024\\\/04\\\/17\\\/vahva-ja-yhtenainen-euroopan-unioni-on-osuuskuntien-etu\\\/#breadcrumb\",\"itemListElement\":[{\"@type\":\"ListItem\",\"position\":1,\"name\":\"Koti\",\"item\":\"https:\\\/\\\/pellervo.fi\\\/sv\\\/\"},{\"@type\":\"ListItem\",\"position\":2,\"name\":\"Vahva ja yhten\u00e4inen Euroopan unioni on osuuskuntien etu\u00a0\"}]},{\"@type\":\"WebSite\",\"@id\":\"https:\\\/\\\/pellervo.fi\\\/#website\",\"url\":\"https:\\\/\\\/pellervo.fi\\\/\",\"name\":\"Pellervo\",\"description\":\"Osuuskuntien keskusj\u00e4rjest\u00f6\",\"publisher\":{\"@id\":\"https:\\\/\\\/pellervo.fi\\\/#organization\"},\"potentialAction\":[{\"@type\":\"SearchAction\",\"target\":{\"@type\":\"EntryPoint\",\"urlTemplate\":\"https:\\\/\\\/pellervo.fi\\\/?s={search_term_string}\"},\"query-input\":{\"@type\":\"PropertyValueSpecification\",\"valueRequired\":true,\"valueName\":\"search_term_string\"}}],\"inLanguage\":\"sv-SE\"},{\"@type\":\"Organization\",\"@id\":\"https:\\\/\\\/pellervo.fi\\\/#organization\",\"name\":\"Osuustoimintakeskus Pellervo ry\",\"url\":\"https:\\\/\\\/pellervo.fi\\\/\",\"logo\":{\"@type\":\"ImageObject\",\"inLanguage\":\"sv-SE\",\"@id\":\"https:\\\/\\\/pellervo.fi\\\/#\\\/schema\\\/logo\\\/image\\\/\",\"url\":\"https:\\\/\\\/pellervo.fi\\\/wp-content\\\/uploads\\\/2020\\\/05\\\/Pellervo_logo.png\",\"contentUrl\":\"https:\\\/\\\/pellervo.fi\\\/wp-content\\\/uploads\\\/2020\\\/05\\\/Pellervo_logo.png\",\"width\":1335,\"height\":376,\"caption\":\"Osuustoimintakeskus Pellervo ry\"},\"image\":{\"@id\":\"https:\\\/\\\/pellervo.fi\\\/#\\\/schema\\\/logo\\\/image\\\/\"},\"sameAs\":[\"https:\\\/\\\/x.com\\\/PellervoFi\"]},{\"@type\":\"Person\",\"@id\":\"https:\\\/\\\/pellervo.fi\\\/#\\\/schema\\\/person\\\/4b74d40956937d1367ade81899997e71\",\"name\":\"pellervo\",\"image\":{\"@type\":\"ImageObject\",\"inLanguage\":\"sv-SE\",\"@id\":\"https:\\\/\\\/pellervo.fi\\\/wp-content\\\/uploads\\\/2013\\\/11\\\/pellervo_avatar_1384522134-96x96.jpg\",\"url\":\"https:\\\/\\\/pellervo.fi\\\/wp-content\\\/uploads\\\/2013\\\/11\\\/pellervo_avatar_1384522134-96x96.jpg\",\"contentUrl\":\"https:\\\/\\\/pellervo.fi\\\/wp-content\\\/uploads\\\/2013\\\/11\\\/pellervo_avatar_1384522134-96x96.jpg\",\"caption\":\"pellervo\"},\"description\":\"Kuvaus\",\"url\":\"https:\\\/\\\/pellervo.fi\\\/sv\\\/author\\\/pellervo\\\/\"}]}<\/script>\n<!-- \/ Yoast SEO plugin. -->","yoast_head_json":{"title":"Vahva ja yhten\u00e4inen Euroopan unioni on osuuskuntien etu\u00a0 - Pellervo","robots":{"index":"index","follow":"follow","max-snippet":"max-snippet:-1","max-image-preview":"max-image-preview:large","max-video-preview":"max-video-preview:-1"},"canonical":"https:\/\/pellervo.fi\/nakokulma\/2024\/04\/17\/vahva-ja-yhtenainen-euroopan-unioni-on-osuuskuntien-etu\/","og_locale":"sv_SE","og_type":"article","og_title":"Vahva ja yhten\u00e4inen Euroopan unioni on osuuskuntien etu\u00a0 - Pellervo","og_url":"https:\/\/pellervo.fi\/nakokulma\/2024\/04\/17\/vahva-ja-yhtenainen-euroopan-unioni-on-osuuskuntien-etu\/","og_site_name":"Pellervo","article_published_time":"2024-04-17T09:00:00+00:00","og_image":[{"width":1200,"height":772,"url":"https:\/\/pellervo.fi\/wp-content\/uploads\/2024\/03\/mari-uusi.jpg","type":"image\/jpeg"}],"author":"pellervo","twitter_card":"summary_large_image","twitter_creator":"@PellervoFi","twitter_site":"@PellervoFi","twitter_misc":{"Skriven av":"pellervo","Ber\u00e4knad l\u00e4stid":"2 minuter"},"schema":{"@context":"https:\/\/schema.org","@graph":[{"@type":"Article","@id":"https:\/\/pellervo.fi\/nakokulma\/2024\/04\/17\/vahva-ja-yhtenainen-euroopan-unioni-on-osuuskuntien-etu\/#article","isPartOf":{"@id":"https:\/\/pellervo.fi\/nakokulma\/2024\/04\/17\/vahva-ja-yhtenainen-euroopan-unioni-on-osuuskuntien-etu\/"},"author":{"name":"pellervo","@id":"https:\/\/pellervo.fi\/#\/schema\/person\/4b74d40956937d1367ade81899997e71"},"headline":"Vahva ja yhten\u00e4inen Euroopan unioni on osuuskuntien etu\u00a0","datePublished":"2024-04-17T09:00:00+00:00","mainEntityOfPage":{"@id":"https:\/\/pellervo.fi\/nakokulma\/2024\/04\/17\/vahva-ja-yhtenainen-euroopan-unioni-on-osuuskuntien-etu\/"},"wordCount":285,"publisher":{"@id":"https:\/\/pellervo.fi\/#organization"},"image":{"@id":"https:\/\/pellervo.fi\/nakokulma\/2024\/04\/17\/vahva-ja-yhtenainen-euroopan-unioni-on-osuuskuntien-etu\/#primaryimage"},"thumbnailUrl":"https:\/\/pellervo.fi\/wp-content\/uploads\/2024\/03\/mari-uusi.jpg","articleSection":["N\u00e4k\u00f6kulma"],"inLanguage":"sv-SE"},{"@type":"WebPage","@id":"https:\/\/pellervo.fi\/nakokulma\/2024\/04\/17\/vahva-ja-yhtenainen-euroopan-unioni-on-osuuskuntien-etu\/","url":"https:\/\/pellervo.fi\/nakokulma\/2024\/04\/17\/vahva-ja-yhtenainen-euroopan-unioni-on-osuuskuntien-etu\/","name":"Vahva ja yhten\u00e4inen Euroopan unioni on osuuskuntien etu\u00a0 - Pellervo","isPartOf":{"@id":"https:\/\/pellervo.fi\/#website"},"primaryImageOfPage":{"@id":"https:\/\/pellervo.fi\/nakokulma\/2024\/04\/17\/vahva-ja-yhtenainen-euroopan-unioni-on-osuuskuntien-etu\/#primaryimage"},"image":{"@id":"https:\/\/pellervo.fi\/nakokulma\/2024\/04\/17\/vahva-ja-yhtenainen-euroopan-unioni-on-osuuskuntien-etu\/#primaryimage"},"thumbnailUrl":"https:\/\/pellervo.fi\/wp-content\/uploads\/2024\/03\/mari-uusi.jpg","datePublished":"2024-04-17T09:00:00+00:00","breadcrumb":{"@id":"https:\/\/pellervo.fi\/nakokulma\/2024\/04\/17\/vahva-ja-yhtenainen-euroopan-unioni-on-osuuskuntien-etu\/#breadcrumb"},"inLanguage":"sv-SE","potentialAction":[{"@type":"ReadAction","target":["https:\/\/pellervo.fi\/nakokulma\/2024\/04\/17\/vahva-ja-yhtenainen-euroopan-unioni-on-osuuskuntien-etu\/"]}]},{"@type":"ImageObject","inLanguage":"sv-SE","@id":"https:\/\/pellervo.fi\/nakokulma\/2024\/04\/17\/vahva-ja-yhtenainen-euroopan-unioni-on-osuuskuntien-etu\/#primaryimage","url":"https:\/\/pellervo.fi\/wp-content\/uploads\/2024\/03\/mari-uusi.jpg","contentUrl":"https:\/\/pellervo.fi\/wp-content\/uploads\/2024\/03\/mari-uusi.jpg","width":1200,"height":772},{"@type":"BreadcrumbList","@id":"https:\/\/pellervo.fi\/nakokulma\/2024\/04\/17\/vahva-ja-yhtenainen-euroopan-unioni-on-osuuskuntien-etu\/#breadcrumb","itemListElement":[{"@type":"ListItem","position":1,"name":"Koti","item":"https:\/\/pellervo.fi\/sv\/"},{"@type":"ListItem","position":2,"name":"Vahva ja yhten\u00e4inen Euroopan unioni on osuuskuntien etu\u00a0"}]},{"@type":"WebSite","@id":"https:\/\/pellervo.fi\/#website","url":"https:\/\/pellervo.fi\/","name":"Pellervo","description":"Osuuskuntien keskusj\u00e4rjest\u00f6","publisher":{"@id":"https:\/\/pellervo.fi\/#organization"},"potentialAction":[{"@type":"SearchAction","target":{"@type":"EntryPoint","urlTemplate":"https:\/\/pellervo.fi\/?s={search_term_string}"},"query-input":{"@type":"PropertyValueSpecification","valueRequired":true,"valueName":"search_term_string"}}],"inLanguage":"sv-SE"},{"@type":"Organization","@id":"https:\/\/pellervo.fi\/#organization","name":"Osuustoimintakeskus Pellervo ry","url":"https:\/\/pellervo.fi\/","logo":{"@type":"ImageObject","inLanguage":"sv-SE","@id":"https:\/\/pellervo.fi\/#\/schema\/logo\/image\/","url":"https:\/\/pellervo.fi\/wp-content\/uploads\/2020\/05\/Pellervo_logo.png","contentUrl":"https:\/\/pellervo.fi\/wp-content\/uploads\/2020\/05\/Pellervo_logo.png","width":1335,"height":376,"caption":"Osuustoimintakeskus Pellervo ry"},"image":{"@id":"https:\/\/pellervo.fi\/#\/schema\/logo\/image\/"},"sameAs":["https:\/\/x.com\/PellervoFi"]},{"@type":"Person","@id":"https:\/\/pellervo.fi\/#\/schema\/person\/4b74d40956937d1367ade81899997e71","name":"pellervo","image":{"@type":"ImageObject","inLanguage":"sv-SE","@id":"https:\/\/pellervo.fi\/wp-content\/uploads\/2013\/11\/pellervo_avatar_1384522134-96x96.jpg","url":"https:\/\/pellervo.fi\/wp-content\/uploads\/2013\/11\/pellervo_avatar_1384522134-96x96.jpg","contentUrl":"https:\/\/pellervo.fi\/wp-content\/uploads\/2013\/11\/pellervo_avatar_1384522134-96x96.jpg","caption":"pellervo"},"description":"Kuvaus","url":"https:\/\/pellervo.fi\/sv\/author\/pellervo\/"}]}},"_links":{"self":[{"href":"https:\/\/pellervo.fi\/sv\/wp-json\/wp\/v2\/posts\/897503","targetHints":{"allow":["GET"]}}],"collection":[{"href":"https:\/\/pellervo.fi\/sv\/wp-json\/wp\/v2\/posts"}],"about":[{"href":"https:\/\/pellervo.fi\/sv\/wp-json\/wp\/v2\/types\/post"}],"author":[{"embeddable":true,"href":"https:\/\/pellervo.fi\/sv\/wp-json\/wp\/v2\/users\/5"}],"replies":[{"embeddable":true,"href":"https:\/\/pellervo.fi\/sv\/wp-json\/wp\/v2\/comments?post=897503"}],"version-history":[{"count":1,"href":"https:\/\/pellervo.fi\/sv\/wp-json\/wp\/v2\/posts\/897503\/revisions"}],"predecessor-version":[{"id":897504,"href":"https:\/\/pellervo.fi\/sv\/wp-json\/wp\/v2\/posts\/897503\/revisions\/897504"}],"wp:featuredmedia":[{"embeddable":true,"href":"https:\/\/pellervo.fi\/sv\/wp-json\/wp\/v2\/media\/897288"}],"wp:attachment":[{"href":"https:\/\/pellervo.fi\/sv\/wp-json\/wp\/v2\/media?parent=897503"}],"wp:term":[{"taxonomy":"category","embeddable":true,"href":"https:\/\/pellervo.fi\/sv\/wp-json\/wp\/v2\/categories?post=897503"},{"taxonomy":"post_tag","embeddable":true,"href":"https:\/\/pellervo.fi\/sv\/wp-json\/wp\/v2\/tags?post=897503"}],"curies":[{"name":"wp","href":"https:\/\/api.w.org\/{rel}","templated":true}]}}