{"id":899565,"date":"2024-11-05T16:32:37","date_gmt":"2024-11-05T14:32:37","guid":{"rendered":"https:\/\/pellervo.fi\/?p=899565"},"modified":"2024-11-06T09:32:33","modified_gmt":"2024-11-06T07:32:33","slug":"parlamentissa-keskusteltiin-osuuskunnista-kestavan-ja-kilpailukykyisen-euroopan-rakentajina","status":"publish","type":"post","link":"https:\/\/pellervo.fi\/sv\/uutiset\/2024\/11\/05\/parlamentissa-keskusteltiin-osuuskunnista-kestavan-ja-kilpailukykyisen-euroopan-rakentajina\/","title":{"rendered":"Parlamentissa keskusteltiin osuuskunnista kest\u00e4v\u00e4n ja kilpailukykyisen Euroopan rakentajina"},"content":{"rendered":"\n<p><strong>Eurooppalaisten osuustoimintayritysten kattoj\u00e4rjest\u00f6t j\u00e4rjestiv\u00e4t marraskuussa Euroopan parlamentissa tilaisuuden, jossa jakoivat n\u00e4kemyksi\u00e4\u00e4n ja painopisteit\u00e4\u00e4n unionin kaudelle 2024\u20132029. Tilaisuudessa korostettiin osuustoiminnan roolia kest\u00e4vyyden ja ilmastonmuutoksen torjunnassa, ja parlamentille sek\u00e4 komissiolle esitettiin toiveita osuustoiminnan vahvemmasta huomioimisesta. Rahoituksen saanti nousi yhdeksi haasteeksi, erityisesti pienille osuuskunnille.<\/strong><\/p>\n<p>Euroopan unioni valmistautuu uuteen poliittiseen aikakauteen, jossa keskeiset sosioekonomiset haasteet vaativat yhteisi\u00e4 ratkaisuja. Kilpailukyvyn, rahoituksen, sosiaalisten oikeuksien ja kest\u00e4vyyden teemat ovat nyt ajankohtaisia. <em>Visio kest\u00e4v\u00e4\u00e4n ja kilpailukykyiseen Eurooppaan<\/em> -tilaisuus j\u00e4rjestetiin 5.11. ja se kokosi osuustoimintaj\u00e4rjest\u00f6t yhteen keskustelemaan osuustoiminnan nykytilasta, haasteista ja mahdollisuuksista unionin seuraavalle viisivuotiskaudelle.<\/p>\n<p>Puhujat toivat esiin osuustoiminnan pitk\u00e4t perinteet ja sen, ett\u00e4 kolmannes EU:n asukkaista kuuluu osuuskuntiin, mink\u00e4 lis\u00e4ksi osuuskunnat edustavat 10 prosenttia EU:n yritystoiminnasta. Osuustoimintaa kuitenkin my\u00f6s haastettiin uudistumaan j\u00e4seni\u00e4\u00e4n tukeviksi. Esimerkiksi energiaosuuskunnilla n\u00e4hd\u00e4\u00e4n kasvupotentiaalia, mutta paikallistasolla on esteit\u00e4, joita lains\u00e4\u00e4d\u00e4nn\u00f6n selkiytt\u00e4minen voisi helpottaa. MEP <strong>Herbert Dorfmann<\/strong> ja muut edustajat korostivat osuustoiminnan merkityst\u00e4\u00a0 yhteis\u00f6taloudessa ja tarpeen kehitt\u00e4\u00e4 osuustoimintamallia vastaamaan nykyp\u00e4iv\u00e4n haasteisiin.<\/p>\n<p>Tilaisuuden em\u00e4nn\u00f6i europarlamentaarikko <strong>Irene Tinagli<\/strong> (S&amp;D). J\u00e4rjest\u00e4jin\u00e4 olivat Euroopan teollisuus- ja palveluosuuskunnat CECOP, Cooperatives Europe sek\u00e4 uusiutuvien energiaosuuskuntien REScoop, osuuspankkien EACB, kuluttajaosuuskuntien Eurocoop ja maatalousosuuskuntien COGECAn.<\/p>\n","protected":false},"excerpt":{"rendered":"","protected":false},"author":6,"featured_media":899566,"comment_status":"closed","ping_status":"closed","sticky":false,"template":"","format":"standard","meta":{"inline_featured_image":false,"_monsterinsights_skip_tracking":false,"_monsterinsights_sitenote_active":false,"_monsterinsights_sitenote_note":"","_monsterinsights_sitenote_category":0,"site-sidebar-layout":"default","site-content-layout":"","ast-site-content-layout":"default","site-content-style":"default","site-sidebar-style":"default","ast-global-header-display":"","ast-banner-title-visibility":"","ast-main-header-display":"","ast-hfb-above-header-display":"","ast-hfb-below-header-display":"","ast-hfb-mobile-header-display":"","site-post-title":"","ast-breadcrumbs-content":"","ast-featured-img":"","footer-sml-layout":"","ast-disable-related-posts":"","theme-transparent-header-meta":"","adv-header-id-meta":"","stick-header-meta":"","header-above-stick-meta":"","header-main-stick-meta":"","header-below-stick-meta":"","astra-migrate-meta-layouts":"set","ast-page-background-enabled":"default","ast-page-background-meta":{"desktop":{"background-color":"","background-image":"","background-repeat":"repeat","background-position":"center center","background-size":"auto","background-attachment":"scroll","background-type":"","background-media":"","overlay-type":"","overlay-color":"","overlay-opacity":"","overlay-gradient":""},"tablet":{"background-color":"","background-image":"","background-repeat":"repeat","background-position":"center center","background-size":"auto","background-attachment":"scroll","background-type":"","background-media":"","overlay-type":"","overlay-color":"","overlay-opacity":"","overlay-gradient":""},"mobile":{"background-color":"","background-image":"","background-repeat":"repeat","background-position":"center center","background-size":"auto","background-attachment":"scroll","background-type":"","background-media":"","overlay-type":"","overlay-color":"","overlay-opacity":"","overlay-gradient":""}},"ast-content-background-meta":{"desktop":{"background-color":"var(--ast-global-color-5)","background-image":"","background-repeat":"repeat","background-position":"center center","background-size":"auto","background-attachment":"scroll","background-type":"","background-media":"","overlay-type":"","overlay-color":"","overlay-opacity":"","overlay-gradient":""},"tablet":{"background-color":"var(--ast-global-color-5)","background-image":"","background-repeat":"repeat","background-position":"center center","background-size":"auto","background-attachment":"scroll","background-type":"","background-media":"","overlay-type":"","overlay-color":"","overlay-opacity":"","overlay-gradient":""},"mobile":{"background-color":"var(--ast-global-color-5)","background-image":"","background-repeat":"repeat","background-position":"center center","background-size":"auto","background-attachment":"scroll","background-type":"","background-media":"","overlay-type":"","overlay-color":"","overlay-opacity":"","overlay-gradient":""}},"_FSMCFIC_featured_image_caption":"Kuva Jussi Savander","_FSMCFIC_featured_image_nocaption":"","_FSMCFIC_featured_image_hide":"","footnotes":""},"categories":[22],"tags":[],"class_list":["post-899565","post","type-post","status-publish","format-standard","has-post-thumbnail","hentry","category-uutiset"],"yoast_head":"<!-- This site is optimized with the Yoast SEO plugin v27.4 - https:\/\/yoast.com\/product\/yoast-seo-wordpress\/ -->\n<title>Parlamentissa keskusteltiin osuuskunnista kest\u00e4v\u00e4n ja kilpailukykyisen Euroopan rakentajina - Pellervo<\/title>\n<meta name=\"robots\" content=\"index, follow, max-snippet:-1, max-image-preview:large, max-video-preview:-1\" \/>\n<link rel=\"canonical\" href=\"https:\/\/pellervo.fi\/uutiset\/2024\/11\/05\/parlamentissa-keskusteltiin-osuuskunnista-kestavan-ja-kilpailukykyisen-euroopan-rakentajina\/\" \/>\n<meta property=\"og:locale\" content=\"sv_SE\" \/>\n<meta property=\"og:type\" content=\"article\" \/>\n<meta property=\"og:title\" content=\"Parlamentissa keskusteltiin osuuskunnista kest\u00e4v\u00e4n ja kilpailukykyisen Euroopan rakentajina - Pellervo\" \/>\n<meta property=\"og:url\" content=\"https:\/\/pellervo.fi\/uutiset\/2024\/11\/05\/parlamentissa-keskusteltiin-osuuskunnista-kestavan-ja-kilpailukykyisen-euroopan-rakentajina\/\" \/>\n<meta property=\"og:site_name\" content=\"Pellervo\" \/>\n<meta property=\"article:published_time\" content=\"2024-11-05T14:32:37+00:00\" \/>\n<meta property=\"article:modified_time\" content=\"2024-11-06T07:32:33+00:00\" \/>\n<meta property=\"og:image\" content=\"https:\/\/pellervo.fi\/wp-content\/uploads\/2024\/11\/EuMEPtilaisuus051124_2-scaled.jpg\" \/>\n\t<meta property=\"og:image:width\" content=\"2560\" \/>\n\t<meta property=\"og:image:height\" content=\"1920\" \/>\n\t<meta property=\"og:image:type\" content=\"image\/jpeg\" \/>\n<meta name=\"author\" content=\"Hanna Muukka\" \/>\n<meta name=\"twitter:card\" content=\"summary_large_image\" \/>\n<meta name=\"twitter:creator\" content=\"@PellervoFi\" \/>\n<meta name=\"twitter:site\" content=\"@PellervoFi\" \/>\n<meta name=\"twitter:label1\" content=\"Skriven av\" \/>\n\t<meta name=\"twitter:data1\" content=\"Hanna Muukka\" \/>\n\t<meta name=\"twitter:label2\" content=\"Ber\u00e4knad l\u00e4stid\" \/>\n\t<meta name=\"twitter:data2\" content=\"2 minuter\" \/>\n<script type=\"application\/ld+json\" class=\"yoast-schema-graph\">{\"@context\":\"https:\\\/\\\/schema.org\",\"@graph\":[{\"@type\":\"Article\",\"@id\":\"https:\\\/\\\/pellervo.fi\\\/uutiset\\\/2024\\\/11\\\/05\\\/parlamentissa-keskusteltiin-osuuskunnista-kestavan-ja-kilpailukykyisen-euroopan-rakentajina\\\/#article\",\"isPartOf\":{\"@id\":\"https:\\\/\\\/pellervo.fi\\\/uutiset\\\/2024\\\/11\\\/05\\\/parlamentissa-keskusteltiin-osuuskunnista-kestavan-ja-kilpailukykyisen-euroopan-rakentajina\\\/\"},\"author\":{\"name\":\"Hanna Muukka\",\"@id\":\"https:\\\/\\\/pellervo.fi\\\/#\\\/schema\\\/person\\\/f001b7c670bab10e5236b09672d9e6a3\"},\"headline\":\"Parlamentissa keskusteltiin osuuskunnista kest\u00e4v\u00e4n ja kilpailukykyisen Euroopan rakentajina\",\"datePublished\":\"2024-11-05T14:32:37+00:00\",\"dateModified\":\"2024-11-06T07:32:33+00:00\",\"mainEntityOfPage\":{\"@id\":\"https:\\\/\\\/pellervo.fi\\\/uutiset\\\/2024\\\/11\\\/05\\\/parlamentissa-keskusteltiin-osuuskunnista-kestavan-ja-kilpailukykyisen-euroopan-rakentajina\\\/\"},\"wordCount\":214,\"publisher\":{\"@id\":\"https:\\\/\\\/pellervo.fi\\\/#organization\"},\"image\":{\"@id\":\"https:\\\/\\\/pellervo.fi\\\/uutiset\\\/2024\\\/11\\\/05\\\/parlamentissa-keskusteltiin-osuuskunnista-kestavan-ja-kilpailukykyisen-euroopan-rakentajina\\\/#primaryimage\"},\"thumbnailUrl\":\"https:\\\/\\\/pellervo.fi\\\/wp-content\\\/uploads\\\/2024\\\/11\\\/EuMEPtilaisuus051124_2-scaled.jpg\",\"articleSection\":[\"Uutiset\"],\"inLanguage\":\"sv-SE\"},{\"@type\":\"WebPage\",\"@id\":\"https:\\\/\\\/pellervo.fi\\\/uutiset\\\/2024\\\/11\\\/05\\\/parlamentissa-keskusteltiin-osuuskunnista-kestavan-ja-kilpailukykyisen-euroopan-rakentajina\\\/\",\"url\":\"https:\\\/\\\/pellervo.fi\\\/uutiset\\\/2024\\\/11\\\/05\\\/parlamentissa-keskusteltiin-osuuskunnista-kestavan-ja-kilpailukykyisen-euroopan-rakentajina\\\/\",\"name\":\"Parlamentissa keskusteltiin osuuskunnista kest\u00e4v\u00e4n ja kilpailukykyisen Euroopan rakentajina - Pellervo\",\"isPartOf\":{\"@id\":\"https:\\\/\\\/pellervo.fi\\\/#website\"},\"primaryImageOfPage\":{\"@id\":\"https:\\\/\\\/pellervo.fi\\\/uutiset\\\/2024\\\/11\\\/05\\\/parlamentissa-keskusteltiin-osuuskunnista-kestavan-ja-kilpailukykyisen-euroopan-rakentajina\\\/#primaryimage\"},\"image\":{\"@id\":\"https:\\\/\\\/pellervo.fi\\\/uutiset\\\/2024\\\/11\\\/05\\\/parlamentissa-keskusteltiin-osuuskunnista-kestavan-ja-kilpailukykyisen-euroopan-rakentajina\\\/#primaryimage\"},\"thumbnailUrl\":\"https:\\\/\\\/pellervo.fi\\\/wp-content\\\/uploads\\\/2024\\\/11\\\/EuMEPtilaisuus051124_2-scaled.jpg\",\"datePublished\":\"2024-11-05T14:32:37+00:00\",\"dateModified\":\"2024-11-06T07:32:33+00:00\",\"breadcrumb\":{\"@id\":\"https:\\\/\\\/pellervo.fi\\\/uutiset\\\/2024\\\/11\\\/05\\\/parlamentissa-keskusteltiin-osuuskunnista-kestavan-ja-kilpailukykyisen-euroopan-rakentajina\\\/#breadcrumb\"},\"inLanguage\":\"sv-SE\",\"potentialAction\":[{\"@type\":\"ReadAction\",\"target\":[\"https:\\\/\\\/pellervo.fi\\\/uutiset\\\/2024\\\/11\\\/05\\\/parlamentissa-keskusteltiin-osuuskunnista-kestavan-ja-kilpailukykyisen-euroopan-rakentajina\\\/\"]}]},{\"@type\":\"ImageObject\",\"inLanguage\":\"sv-SE\",\"@id\":\"https:\\\/\\\/pellervo.fi\\\/uutiset\\\/2024\\\/11\\\/05\\\/parlamentissa-keskusteltiin-osuuskunnista-kestavan-ja-kilpailukykyisen-euroopan-rakentajina\\\/#primaryimage\",\"url\":\"https:\\\/\\\/pellervo.fi\\\/wp-content\\\/uploads\\\/2024\\\/11\\\/EuMEPtilaisuus051124_2-scaled.jpg\",\"contentUrl\":\"https:\\\/\\\/pellervo.fi\\\/wp-content\\\/uploads\\\/2024\\\/11\\\/EuMEPtilaisuus051124_2-scaled.jpg\",\"width\":2560,\"height\":1920},{\"@type\":\"BreadcrumbList\",\"@id\":\"https:\\\/\\\/pellervo.fi\\\/uutiset\\\/2024\\\/11\\\/05\\\/parlamentissa-keskusteltiin-osuuskunnista-kestavan-ja-kilpailukykyisen-euroopan-rakentajina\\\/#breadcrumb\",\"itemListElement\":[{\"@type\":\"ListItem\",\"position\":1,\"name\":\"Koti\",\"item\":\"https:\\\/\\\/pellervo.fi\\\/sv\\\/\"},{\"@type\":\"ListItem\",\"position\":2,\"name\":\"Parlamentissa keskusteltiin osuuskunnista kest\u00e4v\u00e4n ja kilpailukykyisen Euroopan rakentajina\"}]},{\"@type\":\"WebSite\",\"@id\":\"https:\\\/\\\/pellervo.fi\\\/#website\",\"url\":\"https:\\\/\\\/pellervo.fi\\\/\",\"name\":\"Pellervo\",\"description\":\"Osuuskuntien keskusj\u00e4rjest\u00f6\",\"publisher\":{\"@id\":\"https:\\\/\\\/pellervo.fi\\\/#organization\"},\"potentialAction\":[{\"@type\":\"SearchAction\",\"target\":{\"@type\":\"EntryPoint\",\"urlTemplate\":\"https:\\\/\\\/pellervo.fi\\\/?s={search_term_string}\"},\"query-input\":{\"@type\":\"PropertyValueSpecification\",\"valueRequired\":true,\"valueName\":\"search_term_string\"}}],\"inLanguage\":\"sv-SE\"},{\"@type\":\"Organization\",\"@id\":\"https:\\\/\\\/pellervo.fi\\\/#organization\",\"name\":\"Osuustoimintakeskus Pellervo ry\",\"url\":\"https:\\\/\\\/pellervo.fi\\\/\",\"logo\":{\"@type\":\"ImageObject\",\"inLanguage\":\"sv-SE\",\"@id\":\"https:\\\/\\\/pellervo.fi\\\/#\\\/schema\\\/logo\\\/image\\\/\",\"url\":\"https:\\\/\\\/pellervo.fi\\\/wp-content\\\/uploads\\\/2020\\\/05\\\/Pellervo_logo.png\",\"contentUrl\":\"https:\\\/\\\/pellervo.fi\\\/wp-content\\\/uploads\\\/2020\\\/05\\\/Pellervo_logo.png\",\"width\":1335,\"height\":376,\"caption\":\"Osuustoimintakeskus Pellervo ry\"},\"image\":{\"@id\":\"https:\\\/\\\/pellervo.fi\\\/#\\\/schema\\\/logo\\\/image\\\/\"},\"sameAs\":[\"https:\\\/\\\/x.com\\\/PellervoFi\"]},{\"@type\":\"Person\",\"@id\":\"https:\\\/\\\/pellervo.fi\\\/#\\\/schema\\\/person\\\/f001b7c670bab10e5236b09672d9e6a3\",\"name\":\"Hanna Muukka\",\"image\":{\"@type\":\"ImageObject\",\"inLanguage\":\"sv-SE\",\"@id\":\"https:\\\/\\\/pellervo.fi\\\/wp-content\\\/uploads\\\/2014\\\/02\\\/Hanna-Muukka_avatar_1393417732-96x96.jpg\",\"url\":\"https:\\\/\\\/pellervo.fi\\\/wp-content\\\/uploads\\\/2014\\\/02\\\/Hanna-Muukka_avatar_1393417732-96x96.jpg\",\"contentUrl\":\"https:\\\/\\\/pellervo.fi\\\/wp-content\\\/uploads\\\/2014\\\/02\\\/Hanna-Muukka_avatar_1393417732-96x96.jpg\",\"caption\":\"Hanna Muukka\"},\"description\":\"Kirjoittaja ty\u00f6skentelee Osuustoimintakeskus Pellervossa vastuullisuusasiantuntijana.\",\"url\":\"https:\\\/\\\/pellervo.fi\\\/sv\\\/author\\\/hannamuu\\\/\"}]}<\/script>\n<!-- \/ Yoast SEO plugin. -->","yoast_head_json":{"title":"Parlamentissa keskusteltiin osuuskunnista kest\u00e4v\u00e4n ja kilpailukykyisen Euroopan rakentajina - Pellervo","robots":{"index":"index","follow":"follow","max-snippet":"max-snippet:-1","max-image-preview":"max-image-preview:large","max-video-preview":"max-video-preview:-1"},"canonical":"https:\/\/pellervo.fi\/uutiset\/2024\/11\/05\/parlamentissa-keskusteltiin-osuuskunnista-kestavan-ja-kilpailukykyisen-euroopan-rakentajina\/","og_locale":"sv_SE","og_type":"article","og_title":"Parlamentissa keskusteltiin osuuskunnista kest\u00e4v\u00e4n ja kilpailukykyisen Euroopan rakentajina - Pellervo","og_url":"https:\/\/pellervo.fi\/uutiset\/2024\/11\/05\/parlamentissa-keskusteltiin-osuuskunnista-kestavan-ja-kilpailukykyisen-euroopan-rakentajina\/","og_site_name":"Pellervo","article_published_time":"2024-11-05T14:32:37+00:00","article_modified_time":"2024-11-06T07:32:33+00:00","og_image":[{"width":2560,"height":1920,"url":"https:\/\/pellervo.fi\/wp-content\/uploads\/2024\/11\/EuMEPtilaisuus051124_2-scaled.jpg","type":"image\/jpeg"}],"author":"Hanna Muukka","twitter_card":"summary_large_image","twitter_creator":"@PellervoFi","twitter_site":"@PellervoFi","twitter_misc":{"Skriven av":"Hanna Muukka","Ber\u00e4knad l\u00e4stid":"2 minuter"},"schema":{"@context":"https:\/\/schema.org","@graph":[{"@type":"Article","@id":"https:\/\/pellervo.fi\/uutiset\/2024\/11\/05\/parlamentissa-keskusteltiin-osuuskunnista-kestavan-ja-kilpailukykyisen-euroopan-rakentajina\/#article","isPartOf":{"@id":"https:\/\/pellervo.fi\/uutiset\/2024\/11\/05\/parlamentissa-keskusteltiin-osuuskunnista-kestavan-ja-kilpailukykyisen-euroopan-rakentajina\/"},"author":{"name":"Hanna Muukka","@id":"https:\/\/pellervo.fi\/#\/schema\/person\/f001b7c670bab10e5236b09672d9e6a3"},"headline":"Parlamentissa keskusteltiin osuuskunnista kest\u00e4v\u00e4n ja kilpailukykyisen Euroopan rakentajina","datePublished":"2024-11-05T14:32:37+00:00","dateModified":"2024-11-06T07:32:33+00:00","mainEntityOfPage":{"@id":"https:\/\/pellervo.fi\/uutiset\/2024\/11\/05\/parlamentissa-keskusteltiin-osuuskunnista-kestavan-ja-kilpailukykyisen-euroopan-rakentajina\/"},"wordCount":214,"publisher":{"@id":"https:\/\/pellervo.fi\/#organization"},"image":{"@id":"https:\/\/pellervo.fi\/uutiset\/2024\/11\/05\/parlamentissa-keskusteltiin-osuuskunnista-kestavan-ja-kilpailukykyisen-euroopan-rakentajina\/#primaryimage"},"thumbnailUrl":"https:\/\/pellervo.fi\/wp-content\/uploads\/2024\/11\/EuMEPtilaisuus051124_2-scaled.jpg","articleSection":["Uutiset"],"inLanguage":"sv-SE"},{"@type":"WebPage","@id":"https:\/\/pellervo.fi\/uutiset\/2024\/11\/05\/parlamentissa-keskusteltiin-osuuskunnista-kestavan-ja-kilpailukykyisen-euroopan-rakentajina\/","url":"https:\/\/pellervo.fi\/uutiset\/2024\/11\/05\/parlamentissa-keskusteltiin-osuuskunnista-kestavan-ja-kilpailukykyisen-euroopan-rakentajina\/","name":"Parlamentissa keskusteltiin osuuskunnista kest\u00e4v\u00e4n ja kilpailukykyisen Euroopan rakentajina - Pellervo","isPartOf":{"@id":"https:\/\/pellervo.fi\/#website"},"primaryImageOfPage":{"@id":"https:\/\/pellervo.fi\/uutiset\/2024\/11\/05\/parlamentissa-keskusteltiin-osuuskunnista-kestavan-ja-kilpailukykyisen-euroopan-rakentajina\/#primaryimage"},"image":{"@id":"https:\/\/pellervo.fi\/uutiset\/2024\/11\/05\/parlamentissa-keskusteltiin-osuuskunnista-kestavan-ja-kilpailukykyisen-euroopan-rakentajina\/#primaryimage"},"thumbnailUrl":"https:\/\/pellervo.fi\/wp-content\/uploads\/2024\/11\/EuMEPtilaisuus051124_2-scaled.jpg","datePublished":"2024-11-05T14:32:37+00:00","dateModified":"2024-11-06T07:32:33+00:00","breadcrumb":{"@id":"https:\/\/pellervo.fi\/uutiset\/2024\/11\/05\/parlamentissa-keskusteltiin-osuuskunnista-kestavan-ja-kilpailukykyisen-euroopan-rakentajina\/#breadcrumb"},"inLanguage":"sv-SE","potentialAction":[{"@type":"ReadAction","target":["https:\/\/pellervo.fi\/uutiset\/2024\/11\/05\/parlamentissa-keskusteltiin-osuuskunnista-kestavan-ja-kilpailukykyisen-euroopan-rakentajina\/"]}]},{"@type":"ImageObject","inLanguage":"sv-SE","@id":"https:\/\/pellervo.fi\/uutiset\/2024\/11\/05\/parlamentissa-keskusteltiin-osuuskunnista-kestavan-ja-kilpailukykyisen-euroopan-rakentajina\/#primaryimage","url":"https:\/\/pellervo.fi\/wp-content\/uploads\/2024\/11\/EuMEPtilaisuus051124_2-scaled.jpg","contentUrl":"https:\/\/pellervo.fi\/wp-content\/uploads\/2024\/11\/EuMEPtilaisuus051124_2-scaled.jpg","width":2560,"height":1920},{"@type":"BreadcrumbList","@id":"https:\/\/pellervo.fi\/uutiset\/2024\/11\/05\/parlamentissa-keskusteltiin-osuuskunnista-kestavan-ja-kilpailukykyisen-euroopan-rakentajina\/#breadcrumb","itemListElement":[{"@type":"ListItem","position":1,"name":"Koti","item":"https:\/\/pellervo.fi\/sv\/"},{"@type":"ListItem","position":2,"name":"Parlamentissa keskusteltiin osuuskunnista kest\u00e4v\u00e4n ja kilpailukykyisen Euroopan rakentajina"}]},{"@type":"WebSite","@id":"https:\/\/pellervo.fi\/#website","url":"https:\/\/pellervo.fi\/","name":"Pellervo","description":"Osuuskuntien keskusj\u00e4rjest\u00f6","publisher":{"@id":"https:\/\/pellervo.fi\/#organization"},"potentialAction":[{"@type":"SearchAction","target":{"@type":"EntryPoint","urlTemplate":"https:\/\/pellervo.fi\/?s={search_term_string}"},"query-input":{"@type":"PropertyValueSpecification","valueRequired":true,"valueName":"search_term_string"}}],"inLanguage":"sv-SE"},{"@type":"Organization","@id":"https:\/\/pellervo.fi\/#organization","name":"Osuustoimintakeskus Pellervo ry","url":"https:\/\/pellervo.fi\/","logo":{"@type":"ImageObject","inLanguage":"sv-SE","@id":"https:\/\/pellervo.fi\/#\/schema\/logo\/image\/","url":"https:\/\/pellervo.fi\/wp-content\/uploads\/2020\/05\/Pellervo_logo.png","contentUrl":"https:\/\/pellervo.fi\/wp-content\/uploads\/2020\/05\/Pellervo_logo.png","width":1335,"height":376,"caption":"Osuustoimintakeskus Pellervo ry"},"image":{"@id":"https:\/\/pellervo.fi\/#\/schema\/logo\/image\/"},"sameAs":["https:\/\/x.com\/PellervoFi"]},{"@type":"Person","@id":"https:\/\/pellervo.fi\/#\/schema\/person\/f001b7c670bab10e5236b09672d9e6a3","name":"Hanna Muukka","image":{"@type":"ImageObject","inLanguage":"sv-SE","@id":"https:\/\/pellervo.fi\/wp-content\/uploads\/2014\/02\/Hanna-Muukka_avatar_1393417732-96x96.jpg","url":"https:\/\/pellervo.fi\/wp-content\/uploads\/2014\/02\/Hanna-Muukka_avatar_1393417732-96x96.jpg","contentUrl":"https:\/\/pellervo.fi\/wp-content\/uploads\/2014\/02\/Hanna-Muukka_avatar_1393417732-96x96.jpg","caption":"Hanna Muukka"},"description":"Kirjoittaja ty\u00f6skentelee Osuustoimintakeskus Pellervossa vastuullisuusasiantuntijana.","url":"https:\/\/pellervo.fi\/sv\/author\/hannamuu\/"}]}},"_links":{"self":[{"href":"https:\/\/pellervo.fi\/sv\/wp-json\/wp\/v2\/posts\/899565","targetHints":{"allow":["GET"]}}],"collection":[{"href":"https:\/\/pellervo.fi\/sv\/wp-json\/wp\/v2\/posts"}],"about":[{"href":"https:\/\/pellervo.fi\/sv\/wp-json\/wp\/v2\/types\/post"}],"author":[{"embeddable":true,"href":"https:\/\/pellervo.fi\/sv\/wp-json\/wp\/v2\/users\/6"}],"replies":[{"embeddable":true,"href":"https:\/\/pellervo.fi\/sv\/wp-json\/wp\/v2\/comments?post=899565"}],"version-history":[{"count":2,"href":"https:\/\/pellervo.fi\/sv\/wp-json\/wp\/v2\/posts\/899565\/revisions"}],"predecessor-version":[{"id":899573,"href":"https:\/\/pellervo.fi\/sv\/wp-json\/wp\/v2\/posts\/899565\/revisions\/899573"}],"wp:featuredmedia":[{"embeddable":true,"href":"https:\/\/pellervo.fi\/sv\/wp-json\/wp\/v2\/media\/899566"}],"wp:attachment":[{"href":"https:\/\/pellervo.fi\/sv\/wp-json\/wp\/v2\/media?parent=899565"}],"wp:term":[{"taxonomy":"category","embeddable":true,"href":"https:\/\/pellervo.fi\/sv\/wp-json\/wp\/v2\/categories?post=899565"},{"taxonomy":"post_tag","embeddable":true,"href":"https:\/\/pellervo.fi\/sv\/wp-json\/wp\/v2\/tags?post=899565"}],"curies":[{"name":"wp","href":"https:\/\/api.w.org\/{rel}","templated":true}]}}