{"id":900458,"date":"2025-09-02T18:39:36","date_gmt":"2025-09-02T15:39:36","guid":{"rendered":"https:\/\/pellervo.fi\/?p=900458"},"modified":"2025-09-02T18:39:51","modified_gmt":"2025-09-02T15:39:51","slug":"kooperationens-temaar-2025-kooperationens-framtidsseminarium","status":"publish","type":"post","link":"https:\/\/pellervo.fi\/sv\/svenska-2\/2025\/09\/02\/kooperationens-temaar-2025-kooperationens-framtidsseminarium\/","title":{"rendered":"Kooperationens tema\u00e5r 2025: KOOPERATIONENS FRAMTIDSSEMINARIUM"},"content":{"rendered":"\n<p>Detta evenemang inbjuder dig att lyssna till ett intressant samtal och fundera p\u00e5 framtiden f\u00f6r andelslag. Vad \u00e4r det som g\u00f6r andelslagen unika, och visar det sig i praktiken? \u00c4r den unga generationen intresserad av eller engagerad i kooperationen? P\u00e5 evenemanget delas \u00e4ven f\u00f6r f\u00f6rsta g\u00e5ngen ut pris f\u00f6r \u00e5rets kooperativa g\u00e4rning i det svenskspr\u00e5kiga Finland!<\/p>\n\n\n\n<p>N\u00e4r: den 6 i november 2025 kl. 13-16.30<br>Var: Tavastgatan 28 (Plenisal), \u00c5bo<br>M\u00e5lgrupp: Andelsf\u00f6rbundets medlemmar och samarbetspartners, studerande, ungdomsorganisationer, alla intresserade<br>Pris: 145 e (early bird pris 125 e till 25.9.)<br>Moderator: kommunikations- och marknadsf\u00f6ringschef <em>Jaana Hagelberg<\/em><br>Arrang\u00f6r: Finlands Svenska Andelsf\u00f6rbund<\/p>\n\n\n\n<p><a href=\"https:\/\/pellervo-lv.creamailer.fi\/survey\/v8qp7p3zfpiyp\"><span style=\"text-decoration: underline;\">Anm\u00e4lning<\/span><\/a><\/p>\n\n\n\n<h3 class=\"wp-block-heading\">PROGRAM<\/h3>\n\n\n\n<p>Kl. 13\u00a0\u00d6ppning och v\u00e4lkomsth\u00e4lsning<br>Ordf\u00f6rande <em>Stefan Saaristo<\/em>, Finlands Svenska Andelsf\u00f6rbund<\/p>\n\n\n\n<p>Paneldebatt: \u00c4r kooperativa f\u00f6retag unika? F\u00f6rm\u00e5r de utnyttja sina konkurrensf\u00f6rdelar?<br>Verkst\u00e4llande direkt\u00f6r <em>Tomas Lindfors<\/em>, N\u00e4rpes Gr\u00f6nsaker<br>Verkst\u00e4llande direkt\u00f6r <em>Alice Bj\u00f6rkl\u00f6f<\/em>, Nagu Andelsbank<\/p>\n\n\n\n<p>Hur f\u00f6rh\u00e5ller sig svenskspr\u00e5kiga finl\u00e4ndare till kooperation och andelslag \u2013 presentation av forskningsresultat<br>Verkst\u00e4llande direkt\u00f6r<em> Kari Huhtala, <\/em>Finlands Svenska Andelsf\u00f6rbund<\/p>\n\n\n\n<p>Hur ser ungdomar p\u00e5 kooperativa f\u00f6retag?<br><em>Jaana Hagelberg <\/em>fr\u00e5n Varuboden-Osladiskuterar med studenter fr\u00e5n \u00c5bo Akademi<\/p>\n\n\n\n<p>14.30 Kaffeservering<\/p>\n\n\n\n<p>15.00 Keynote<\/p>\n\n\n\n<p>Ledarskap och strategiska val i ett kooperativ \u2013 Lantm\u00e4nnens f\u00e4rd till en internationell livsmedelskoncern<br>Ordf\u00f6rande<em> Per Lindahl<\/em><\/p>\n\n\n\n<p>\u00c5rets kooperativa g\u00e4rning \u2013 prisutdelning<br>Jury:Ordf\u00f6rande<em> Stefan Saaristo<\/em>, f\u00f6rvaltningsr\u00e5dets ordf\u00f6rande <em>Leena Munter-Ollus <\/em>Varuboden-Osla, riksdagsledamot <em>Anders Norrback, <\/em>styrelsemedlem <em>Maria Pietola<\/em> Andelsbanken Raseborg, kommunikationschef<em> Mia Wikstr\u00f6m <\/em>SLC<\/p>\n\n\n\n<p>16.00\u00a0Avslutning, styrelsens viceordf\u00f6rande <em>Kristian Westerholm, <\/em>Finlands Svenska Andelsf\u00f6rbund<\/p>\n\n\n\n<p>Cocktails &amp; Mingel<\/p>\n\n\n\n<p><a href=\"https:\/\/pellervo-lv.creamailer.fi\/survey\/v8qp7p3zfpiyp\"><span style=\"text-decoration: underline;\">Anm\u00e4lning<\/span><\/a><\/p>\n","protected":false},"excerpt":{"rendered":"<p>Detta evenemang inbjuder dig att lyssna till ett intressant samtal och fundera p\u00e5 framtiden f\u00f6r andelslag. Vad \u00e4r det som g\u00f6r andelslagen unika, och visar det sig i praktiken? \u00c4r den unga generationen intresserad av eller engagerad i kooperationen? P\u00e5 evenemanget delas \u00e4ven f\u00f6r f\u00f6rsta g\u00e5ngen ut pris f\u00f6r \u00e5rets kooperativa g\u00e4rning i det svenskspr\u00e5kiga<\/p>\n","protected":false},"author":5,"featured_media":900459,"comment_status":"closed","ping_status":"closed","sticky":false,"template":"","format":"standard","meta":{"inline_featured_image":false,"_monsterinsights_skip_tracking":false,"_monsterinsights_sitenote_active":false,"_monsterinsights_sitenote_note":"","_monsterinsights_sitenote_category":0,"site-sidebar-layout":"default","site-content-layout":"","ast-site-content-layout":"default","site-content-style":"default","site-sidebar-style":"default","ast-global-header-display":"","ast-banner-title-visibility":"","ast-main-header-display":"","ast-hfb-above-header-display":"","ast-hfb-below-header-display":"","ast-hfb-mobile-header-display":"","site-post-title":"","ast-breadcrumbs-content":"","ast-featured-img":"","footer-sml-layout":"","ast-disable-related-posts":"","theme-transparent-header-meta":"","adv-header-id-meta":"","stick-header-meta":"","header-above-stick-meta":"","header-main-stick-meta":"","header-below-stick-meta":"","astra-migrate-meta-layouts":"set","ast-page-background-enabled":"default","ast-page-background-meta":{"desktop":{"background-color":"","background-image":"","background-repeat":"repeat","background-position":"center center","background-size":"auto","background-attachment":"scroll","background-type":"","background-media":"","overlay-type":"","overlay-color":"","overlay-opacity":"","overlay-gradient":""},"tablet":{"background-color":"","background-image":"","background-repeat":"repeat","background-position":"center center","background-size":"auto","background-attachment":"scroll","background-type":"","background-media":"","overlay-type":"","overlay-color":"","overlay-opacity":"","overlay-gradient":""},"mobile":{"background-color":"","background-image":"","background-repeat":"repeat","background-position":"center center","background-size":"auto","background-attachment":"scroll","background-type":"","background-media":"","overlay-type":"","overlay-color":"","overlay-opacity":"","overlay-gradient":""}},"ast-content-background-meta":{"desktop":{"background-color":"var(--ast-global-color-5)","background-image":"","background-repeat":"repeat","background-position":"center center","background-size":"auto","background-attachment":"scroll","background-type":"","background-media":"","overlay-type":"","overlay-color":"","overlay-opacity":"","overlay-gradient":""},"tablet":{"background-color":"var(--ast-global-color-5)","background-image":"","background-repeat":"repeat","background-position":"center center","background-size":"auto","background-attachment":"scroll","background-type":"","background-media":"","overlay-type":"","overlay-color":"","overlay-opacity":"","overlay-gradient":""},"mobile":{"background-color":"var(--ast-global-color-5)","background-image":"","background-repeat":"repeat","background-position":"center center","background-size":"auto","background-attachment":"scroll","background-type":"","background-media":"","overlay-type":"","overlay-color":"","overlay-opacity":"","overlay-gradient":""}},"_FSMCFIC_featured_image_caption":"","_FSMCFIC_featured_image_nocaption":"","_FSMCFIC_featured_image_hide":"","footnotes":""},"categories":[300],"tags":[],"class_list":["post-900458","post","type-post","status-publish","format-standard","has-post-thumbnail","hentry","category-svenska-2"],"yoast_head":"<!-- This site is optimized with the Yoast SEO plugin v27.5 - https:\/\/yoast.com\/product\/yoast-seo-wordpress\/ -->\n<title>Kooperationens tema\u00e5r 2025: KOOPERATIONENS FRAMTIDSSEMINARIUM - Pellervo<\/title>\n<meta name=\"robots\" content=\"index, follow, max-snippet:-1, max-image-preview:large, max-video-preview:-1\" \/>\n<link rel=\"canonical\" href=\"https:\/\/pellervo.fi\/sv\/svenska-2\/2025\/09\/02\/kooperationens-temaar-2025-kooperationens-framtidsseminarium\/\" \/>\n<meta property=\"og:locale\" content=\"sv_SE\" \/>\n<meta property=\"og:type\" content=\"article\" \/>\n<meta property=\"og:title\" content=\"Kooperationens tema\u00e5r 2025: KOOPERATIONENS FRAMTIDSSEMINARIUM - Pellervo\" \/>\n<meta property=\"og:description\" content=\"Detta evenemang inbjuder dig att lyssna till ett intressant samtal och fundera p\u00e5 framtiden f\u00f6r andelslag. Vad \u00e4r det som g\u00f6r andelslagen unika, och visar det sig i praktiken? \u00c4r den unga generationen intresserad av eller engagerad i kooperationen? P\u00e5 evenemanget delas \u00e4ven f\u00f6r f\u00f6rsta g\u00e5ngen ut pris f\u00f6r \u00e5rets kooperativa g\u00e4rning i det svenskspr\u00e5kiga\" \/>\n<meta property=\"og:url\" content=\"https:\/\/pellervo.fi\/sv\/svenska-2\/2025\/09\/02\/kooperationens-temaar-2025-kooperationens-framtidsseminarium\/\" \/>\n<meta property=\"og:site_name\" content=\"Pellervo\" \/>\n<meta property=\"article:published_time\" content=\"2025-09-02T15:39:36+00:00\" \/>\n<meta property=\"article:modified_time\" content=\"2025-09-02T15:39:51+00:00\" \/>\n<meta property=\"og:image\" content=\"https:\/\/pellervo.fi\/wp-content\/uploads\/2025\/09\/lyckans-tillsammans.jpg\" \/>\n\t<meta property=\"og:image:width\" content=\"971\" \/>\n\t<meta property=\"og:image:height\" content=\"644\" \/>\n\t<meta property=\"og:image:type\" content=\"image\/jpeg\" \/>\n<meta name=\"author\" content=\"pellervo\" \/>\n<meta name=\"twitter:card\" content=\"summary_large_image\" \/>\n<meta name=\"twitter:creator\" content=\"@PellervoFi\" \/>\n<meta name=\"twitter:site\" content=\"@PellervoFi\" \/>\n<meta name=\"twitter:label1\" content=\"Skriven av\" \/>\n\t<meta name=\"twitter:data1\" content=\"pellervo\" \/>\n\t<meta name=\"twitter:label2\" content=\"Ber\u00e4knad l\u00e4stid\" \/>\n\t<meta name=\"twitter:data2\" content=\"2 minuter\" \/>\n<script type=\"application\/ld+json\" class=\"yoast-schema-graph\">{\"@context\":\"https:\\\/\\\/schema.org\",\"@graph\":[{\"@type\":\"Article\",\"@id\":\"https:\\\/\\\/pellervo.fi\\\/sv\\\/svenska-2\\\/2025\\\/09\\\/02\\\/kooperationens-temaar-2025-kooperationens-framtidsseminarium\\\/#article\",\"isPartOf\":{\"@id\":\"https:\\\/\\\/pellervo.fi\\\/sv\\\/svenska-2\\\/2025\\\/09\\\/02\\\/kooperationens-temaar-2025-kooperationens-framtidsseminarium\\\/\"},\"author\":{\"name\":\"pellervo\",\"@id\":\"https:\\\/\\\/pellervo.fi\\\/#\\\/schema\\\/person\\\/4b74d40956937d1367ade81899997e71\"},\"headline\":\"Kooperationens tema\u00e5r 2025: KOOPERATIONENS FRAMTIDSSEMINARIUM\",\"datePublished\":\"2025-09-02T15:39:36+00:00\",\"dateModified\":\"2025-09-02T15:39:51+00:00\",\"mainEntityOfPage\":{\"@id\":\"https:\\\/\\\/pellervo.fi\\\/sv\\\/svenska-2\\\/2025\\\/09\\\/02\\\/kooperationens-temaar-2025-kooperationens-framtidsseminarium\\\/\"},\"wordCount\":266,\"publisher\":{\"@id\":\"https:\\\/\\\/pellervo.fi\\\/#organization\"},\"image\":{\"@id\":\"https:\\\/\\\/pellervo.fi\\\/sv\\\/svenska-2\\\/2025\\\/09\\\/02\\\/kooperationens-temaar-2025-kooperationens-framtidsseminarium\\\/#primaryimage\"},\"thumbnailUrl\":\"https:\\\/\\\/pellervo.fi\\\/wp-content\\\/uploads\\\/2025\\\/09\\\/lyckans-tillsammans.jpg\",\"articleSection\":[\"svenska\"],\"inLanguage\":\"sv-SE\"},{\"@type\":\"WebPage\",\"@id\":\"https:\\\/\\\/pellervo.fi\\\/sv\\\/svenska-2\\\/2025\\\/09\\\/02\\\/kooperationens-temaar-2025-kooperationens-framtidsseminarium\\\/\",\"url\":\"https:\\\/\\\/pellervo.fi\\\/sv\\\/svenska-2\\\/2025\\\/09\\\/02\\\/kooperationens-temaar-2025-kooperationens-framtidsseminarium\\\/\",\"name\":\"Kooperationens tema\u00e5r 2025: KOOPERATIONENS FRAMTIDSSEMINARIUM - Pellervo\",\"isPartOf\":{\"@id\":\"https:\\\/\\\/pellervo.fi\\\/#website\"},\"primaryImageOfPage\":{\"@id\":\"https:\\\/\\\/pellervo.fi\\\/sv\\\/svenska-2\\\/2025\\\/09\\\/02\\\/kooperationens-temaar-2025-kooperationens-framtidsseminarium\\\/#primaryimage\"},\"image\":{\"@id\":\"https:\\\/\\\/pellervo.fi\\\/sv\\\/svenska-2\\\/2025\\\/09\\\/02\\\/kooperationens-temaar-2025-kooperationens-framtidsseminarium\\\/#primaryimage\"},\"thumbnailUrl\":\"https:\\\/\\\/pellervo.fi\\\/wp-content\\\/uploads\\\/2025\\\/09\\\/lyckans-tillsammans.jpg\",\"datePublished\":\"2025-09-02T15:39:36+00:00\",\"dateModified\":\"2025-09-02T15:39:51+00:00\",\"breadcrumb\":{\"@id\":\"https:\\\/\\\/pellervo.fi\\\/sv\\\/svenska-2\\\/2025\\\/09\\\/02\\\/kooperationens-temaar-2025-kooperationens-framtidsseminarium\\\/#breadcrumb\"},\"inLanguage\":\"sv-SE\",\"potentialAction\":[{\"@type\":\"ReadAction\",\"target\":[\"https:\\\/\\\/pellervo.fi\\\/sv\\\/svenska-2\\\/2025\\\/09\\\/02\\\/kooperationens-temaar-2025-kooperationens-framtidsseminarium\\\/\"]}]},{\"@type\":\"ImageObject\",\"inLanguage\":\"sv-SE\",\"@id\":\"https:\\\/\\\/pellervo.fi\\\/sv\\\/svenska-2\\\/2025\\\/09\\\/02\\\/kooperationens-temaar-2025-kooperationens-framtidsseminarium\\\/#primaryimage\",\"url\":\"https:\\\/\\\/pellervo.fi\\\/wp-content\\\/uploads\\\/2025\\\/09\\\/lyckans-tillsammans.jpg\",\"contentUrl\":\"https:\\\/\\\/pellervo.fi\\\/wp-content\\\/uploads\\\/2025\\\/09\\\/lyckans-tillsammans.jpg\",\"width\":971,\"height\":644},{\"@type\":\"BreadcrumbList\",\"@id\":\"https:\\\/\\\/pellervo.fi\\\/sv\\\/svenska-2\\\/2025\\\/09\\\/02\\\/kooperationens-temaar-2025-kooperationens-framtidsseminarium\\\/#breadcrumb\",\"itemListElement\":[{\"@type\":\"ListItem\",\"position\":1,\"name\":\"Koti\",\"item\":\"https:\\\/\\\/pellervo.fi\\\/sv\\\/\"},{\"@type\":\"ListItem\",\"position\":2,\"name\":\"Kooperationens tema\u00e5r 2025: KOOPERATIONENS FRAMTIDSSEMINARIUM\"}]},{\"@type\":\"WebSite\",\"@id\":\"https:\\\/\\\/pellervo.fi\\\/#website\",\"url\":\"https:\\\/\\\/pellervo.fi\\\/\",\"name\":\"Pellervo\",\"description\":\"Osuuskuntien keskusj\u00e4rjest\u00f6\",\"publisher\":{\"@id\":\"https:\\\/\\\/pellervo.fi\\\/#organization\"},\"potentialAction\":[{\"@type\":\"SearchAction\",\"target\":{\"@type\":\"EntryPoint\",\"urlTemplate\":\"https:\\\/\\\/pellervo.fi\\\/?s={search_term_string}\"},\"query-input\":{\"@type\":\"PropertyValueSpecification\",\"valueRequired\":true,\"valueName\":\"search_term_string\"}}],\"inLanguage\":\"sv-SE\"},{\"@type\":\"Organization\",\"@id\":\"https:\\\/\\\/pellervo.fi\\\/#organization\",\"name\":\"Osuustoimintakeskus Pellervo ry\",\"url\":\"https:\\\/\\\/pellervo.fi\\\/\",\"logo\":{\"@type\":\"ImageObject\",\"inLanguage\":\"sv-SE\",\"@id\":\"https:\\\/\\\/pellervo.fi\\\/#\\\/schema\\\/logo\\\/image\\\/\",\"url\":\"https:\\\/\\\/pellervo.fi\\\/wp-content\\\/uploads\\\/2020\\\/05\\\/Pellervo_logo.png\",\"contentUrl\":\"https:\\\/\\\/pellervo.fi\\\/wp-content\\\/uploads\\\/2020\\\/05\\\/Pellervo_logo.png\",\"width\":1335,\"height\":376,\"caption\":\"Osuustoimintakeskus Pellervo ry\"},\"image\":{\"@id\":\"https:\\\/\\\/pellervo.fi\\\/#\\\/schema\\\/logo\\\/image\\\/\"},\"sameAs\":[\"https:\\\/\\\/x.com\\\/PellervoFi\"]},{\"@type\":\"Person\",\"@id\":\"https:\\\/\\\/pellervo.fi\\\/#\\\/schema\\\/person\\\/4b74d40956937d1367ade81899997e71\",\"name\":\"pellervo\",\"image\":{\"@type\":\"ImageObject\",\"inLanguage\":\"sv-SE\",\"@id\":\"https:\\\/\\\/pellervo.fi\\\/wp-content\\\/uploads\\\/2013\\\/11\\\/pellervo_avatar_1384522134-96x96.jpg\",\"url\":\"https:\\\/\\\/pellervo.fi\\\/wp-content\\\/uploads\\\/2013\\\/11\\\/pellervo_avatar_1384522134-96x96.jpg\",\"contentUrl\":\"https:\\\/\\\/pellervo.fi\\\/wp-content\\\/uploads\\\/2013\\\/11\\\/pellervo_avatar_1384522134-96x96.jpg\",\"caption\":\"pellervo\"},\"description\":\"Kuvaus\",\"url\":\"https:\\\/\\\/pellervo.fi\\\/sv\\\/author\\\/pellervo\\\/\"}]}<\/script>\n<!-- \/ Yoast SEO plugin. -->","yoast_head_json":{"title":"Kooperationens tema\u00e5r 2025: KOOPERATIONENS FRAMTIDSSEMINARIUM - Pellervo","robots":{"index":"index","follow":"follow","max-snippet":"max-snippet:-1","max-image-preview":"max-image-preview:large","max-video-preview":"max-video-preview:-1"},"canonical":"https:\/\/pellervo.fi\/sv\/svenska-2\/2025\/09\/02\/kooperationens-temaar-2025-kooperationens-framtidsseminarium\/","og_locale":"sv_SE","og_type":"article","og_title":"Kooperationens tema\u00e5r 2025: KOOPERATIONENS FRAMTIDSSEMINARIUM - Pellervo","og_description":"Detta evenemang inbjuder dig att lyssna till ett intressant samtal och fundera p\u00e5 framtiden f\u00f6r andelslag. Vad \u00e4r det som g\u00f6r andelslagen unika, och visar det sig i praktiken? \u00c4r den unga generationen intresserad av eller engagerad i kooperationen? P\u00e5 evenemanget delas \u00e4ven f\u00f6r f\u00f6rsta g\u00e5ngen ut pris f\u00f6r \u00e5rets kooperativa g\u00e4rning i det svenskspr\u00e5kiga","og_url":"https:\/\/pellervo.fi\/sv\/svenska-2\/2025\/09\/02\/kooperationens-temaar-2025-kooperationens-framtidsseminarium\/","og_site_name":"Pellervo","article_published_time":"2025-09-02T15:39:36+00:00","article_modified_time":"2025-09-02T15:39:51+00:00","og_image":[{"width":971,"height":644,"url":"https:\/\/pellervo.fi\/wp-content\/uploads\/2025\/09\/lyckans-tillsammans.jpg","type":"image\/jpeg"}],"author":"pellervo","twitter_card":"summary_large_image","twitter_creator":"@PellervoFi","twitter_site":"@PellervoFi","twitter_misc":{"Skriven av":"pellervo","Ber\u00e4knad l\u00e4stid":"2 minuter"},"schema":{"@context":"https:\/\/schema.org","@graph":[{"@type":"Article","@id":"https:\/\/pellervo.fi\/sv\/svenska-2\/2025\/09\/02\/kooperationens-temaar-2025-kooperationens-framtidsseminarium\/#article","isPartOf":{"@id":"https:\/\/pellervo.fi\/sv\/svenska-2\/2025\/09\/02\/kooperationens-temaar-2025-kooperationens-framtidsseminarium\/"},"author":{"name":"pellervo","@id":"https:\/\/pellervo.fi\/#\/schema\/person\/4b74d40956937d1367ade81899997e71"},"headline":"Kooperationens tema\u00e5r 2025: KOOPERATIONENS FRAMTIDSSEMINARIUM","datePublished":"2025-09-02T15:39:36+00:00","dateModified":"2025-09-02T15:39:51+00:00","mainEntityOfPage":{"@id":"https:\/\/pellervo.fi\/sv\/svenska-2\/2025\/09\/02\/kooperationens-temaar-2025-kooperationens-framtidsseminarium\/"},"wordCount":266,"publisher":{"@id":"https:\/\/pellervo.fi\/#organization"},"image":{"@id":"https:\/\/pellervo.fi\/sv\/svenska-2\/2025\/09\/02\/kooperationens-temaar-2025-kooperationens-framtidsseminarium\/#primaryimage"},"thumbnailUrl":"https:\/\/pellervo.fi\/wp-content\/uploads\/2025\/09\/lyckans-tillsammans.jpg","articleSection":["svenska"],"inLanguage":"sv-SE"},{"@type":"WebPage","@id":"https:\/\/pellervo.fi\/sv\/svenska-2\/2025\/09\/02\/kooperationens-temaar-2025-kooperationens-framtidsseminarium\/","url":"https:\/\/pellervo.fi\/sv\/svenska-2\/2025\/09\/02\/kooperationens-temaar-2025-kooperationens-framtidsseminarium\/","name":"Kooperationens tema\u00e5r 2025: KOOPERATIONENS FRAMTIDSSEMINARIUM - Pellervo","isPartOf":{"@id":"https:\/\/pellervo.fi\/#website"},"primaryImageOfPage":{"@id":"https:\/\/pellervo.fi\/sv\/svenska-2\/2025\/09\/02\/kooperationens-temaar-2025-kooperationens-framtidsseminarium\/#primaryimage"},"image":{"@id":"https:\/\/pellervo.fi\/sv\/svenska-2\/2025\/09\/02\/kooperationens-temaar-2025-kooperationens-framtidsseminarium\/#primaryimage"},"thumbnailUrl":"https:\/\/pellervo.fi\/wp-content\/uploads\/2025\/09\/lyckans-tillsammans.jpg","datePublished":"2025-09-02T15:39:36+00:00","dateModified":"2025-09-02T15:39:51+00:00","breadcrumb":{"@id":"https:\/\/pellervo.fi\/sv\/svenska-2\/2025\/09\/02\/kooperationens-temaar-2025-kooperationens-framtidsseminarium\/#breadcrumb"},"inLanguage":"sv-SE","potentialAction":[{"@type":"ReadAction","target":["https:\/\/pellervo.fi\/sv\/svenska-2\/2025\/09\/02\/kooperationens-temaar-2025-kooperationens-framtidsseminarium\/"]}]},{"@type":"ImageObject","inLanguage":"sv-SE","@id":"https:\/\/pellervo.fi\/sv\/svenska-2\/2025\/09\/02\/kooperationens-temaar-2025-kooperationens-framtidsseminarium\/#primaryimage","url":"https:\/\/pellervo.fi\/wp-content\/uploads\/2025\/09\/lyckans-tillsammans.jpg","contentUrl":"https:\/\/pellervo.fi\/wp-content\/uploads\/2025\/09\/lyckans-tillsammans.jpg","width":971,"height":644},{"@type":"BreadcrumbList","@id":"https:\/\/pellervo.fi\/sv\/svenska-2\/2025\/09\/02\/kooperationens-temaar-2025-kooperationens-framtidsseminarium\/#breadcrumb","itemListElement":[{"@type":"ListItem","position":1,"name":"Koti","item":"https:\/\/pellervo.fi\/sv\/"},{"@type":"ListItem","position":2,"name":"Kooperationens tema\u00e5r 2025: KOOPERATIONENS FRAMTIDSSEMINARIUM"}]},{"@type":"WebSite","@id":"https:\/\/pellervo.fi\/#website","url":"https:\/\/pellervo.fi\/","name":"Pellervo","description":"Osuuskuntien keskusj\u00e4rjest\u00f6","publisher":{"@id":"https:\/\/pellervo.fi\/#organization"},"potentialAction":[{"@type":"SearchAction","target":{"@type":"EntryPoint","urlTemplate":"https:\/\/pellervo.fi\/?s={search_term_string}"},"query-input":{"@type":"PropertyValueSpecification","valueRequired":true,"valueName":"search_term_string"}}],"inLanguage":"sv-SE"},{"@type":"Organization","@id":"https:\/\/pellervo.fi\/#organization","name":"Osuustoimintakeskus Pellervo ry","url":"https:\/\/pellervo.fi\/","logo":{"@type":"ImageObject","inLanguage":"sv-SE","@id":"https:\/\/pellervo.fi\/#\/schema\/logo\/image\/","url":"https:\/\/pellervo.fi\/wp-content\/uploads\/2020\/05\/Pellervo_logo.png","contentUrl":"https:\/\/pellervo.fi\/wp-content\/uploads\/2020\/05\/Pellervo_logo.png","width":1335,"height":376,"caption":"Osuustoimintakeskus Pellervo ry"},"image":{"@id":"https:\/\/pellervo.fi\/#\/schema\/logo\/image\/"},"sameAs":["https:\/\/x.com\/PellervoFi"]},{"@type":"Person","@id":"https:\/\/pellervo.fi\/#\/schema\/person\/4b74d40956937d1367ade81899997e71","name":"pellervo","image":{"@type":"ImageObject","inLanguage":"sv-SE","@id":"https:\/\/pellervo.fi\/wp-content\/uploads\/2013\/11\/pellervo_avatar_1384522134-96x96.jpg","url":"https:\/\/pellervo.fi\/wp-content\/uploads\/2013\/11\/pellervo_avatar_1384522134-96x96.jpg","contentUrl":"https:\/\/pellervo.fi\/wp-content\/uploads\/2013\/11\/pellervo_avatar_1384522134-96x96.jpg","caption":"pellervo"},"description":"Kuvaus","url":"https:\/\/pellervo.fi\/sv\/author\/pellervo\/"}]}},"_links":{"self":[{"href":"https:\/\/pellervo.fi\/sv\/wp-json\/wp\/v2\/posts\/900458","targetHints":{"allow":["GET"]}}],"collection":[{"href":"https:\/\/pellervo.fi\/sv\/wp-json\/wp\/v2\/posts"}],"about":[{"href":"https:\/\/pellervo.fi\/sv\/wp-json\/wp\/v2\/types\/post"}],"author":[{"embeddable":true,"href":"https:\/\/pellervo.fi\/sv\/wp-json\/wp\/v2\/users\/5"}],"replies":[{"embeddable":true,"href":"https:\/\/pellervo.fi\/sv\/wp-json\/wp\/v2\/comments?post=900458"}],"version-history":[{"count":1,"href":"https:\/\/pellervo.fi\/sv\/wp-json\/wp\/v2\/posts\/900458\/revisions"}],"predecessor-version":[{"id":900462,"href":"https:\/\/pellervo.fi\/sv\/wp-json\/wp\/v2\/posts\/900458\/revisions\/900462"}],"wp:featuredmedia":[{"embeddable":true,"href":"https:\/\/pellervo.fi\/sv\/wp-json\/wp\/v2\/media\/900459"}],"wp:attachment":[{"href":"https:\/\/pellervo.fi\/sv\/wp-json\/wp\/v2\/media?parent=900458"}],"wp:term":[{"taxonomy":"category","embeddable":true,"href":"https:\/\/pellervo.fi\/sv\/wp-json\/wp\/v2\/categories?post=900458"},{"taxonomy":"post_tag","embeddable":true,"href":"https:\/\/pellervo.fi\/sv\/wp-json\/wp\/v2\/tags?post=900458"}],"curies":[{"name":"wp","href":"https:\/\/api.w.org\/{rel}","templated":true}]}}